
{"id":31358,"date":"2024-09-16T12:42:01","date_gmt":"2024-09-16T09:42:01","guid":{"rendered":"https:\/\/vrscb.lt\/?p=31358"},"modified":"2024-09-16T14:03:23","modified_gmt":"2024-09-16T11:03:23","slug":"swieto-plonow-z-ksiazka","status":"publish","type":"post","link":"https:\/\/vrscb.lt\/pl\/swieto-plonow-z-ksiazka\/","title":{"rendered":"\u015awi\u0119to Plon\u00f3w z Ksi\u0105\u017ck\u0105"},"content":{"rendered":"\t\t<div data-elementor-type=\"wp-post\" data-elementor-id=\"31358\" class=\"elementor elementor-31358\" data-elementor-post-type=\"post\">\n\t\t\t\t\t\t<section class=\"elementor-section elementor-top-section elementor-element elementor-element-3dda24bf elementor-section-boxed elementor-section-height-default elementor-section-height-default\" data-id=\"3dda24bf\" data-element_type=\"section\" data-e-type=\"section\">\n\t\t\t\t\t\t<div class=\"elementor-container elementor-column-gap-default\">\n\t\t\t\t\t<div class=\"elementor-column elementor-col-100 elementor-top-column elementor-element elementor-element-5ead2d01\" data-id=\"5ead2d01\" data-element_type=\"column\" data-e-type=\"column\">\n\t\t\t<div class=\"elementor-widget-wrap elementor-element-populated\">\n\t\t\t\t\t\t<div class=\"elementor-element elementor-element-47025c2e elementor-widget elementor-widget-text-editor\" data-id=\"47025c2e\" data-element_type=\"widget\" data-e-type=\"widget\" data-widget_type=\"text-editor.default\">\n\t\t\t\t<div class=\"elementor-widget-container\">\n\t\t\t\t\t\t\t\t\t\n<p>14 wrze\u015bnia Centralna Biblioteka Samorz\u0105du Rejonu Wile\u0144skiego wzi\u0119\u0142a udzia\u0142 w \u015awi\u0119cie Plon\u00f3w, kt\u00f3re odby\u0142o si\u0119 w Skojdiszkach (rejon wile\u0144ski). W k\u0105ciku bibliotecznym pracownicy oferowali najm\u0142odszym uczestnikom r\u00f3\u017cnorodne zaj\u0119cia edukacyjne, g\u0142o\u015bne czytanie oraz loteri\u0119. Wszystkich ch\u0119tnych zapraszali do zrobienia zdj\u0119\u0107 przy zabawnej \u015bciance fotograficznej. Bibliotekarze uczestnik\u00f3w \u015bwi\u0119ta cz\u0119stowali smacznymi jab\u0142kami i sokiem.<\/p>\n\t\t\t\t\t\t\t\t<\/div>\n\t\t\t\t<\/div>\n\t\t\t\t\t<\/div>\n\t\t<\/div>\n\t\t\t\t\t<\/div>\n\t\t<\/section>\n\t\t\t\t<section class=\"elementor-section elementor-top-section elementor-element elementor-element-03581da elementor-section-boxed elementor-section-height-default elementor-section-height-default\" data-id=\"03581da\" data-element_type=\"section\" data-e-type=\"section\">\n\t\t\t\t\t\t<div class=\"elementor-container elementor-column-gap-default\">\n\t\t\t\t\t<div class=\"elementor-column elementor-col-100 elementor-top-column elementor-element elementor-element-1b9473b\" data-id=\"1b9473b\" data-element_type=\"column\" data-e-type=\"column\">\n\t\t\t<div class=\"elementor-widget-wrap elementor-element-populated\">\n\t\t\t\t\t\t<div class=\"elementor-element elementor-element-4c75b2c gallery-spacing-custom elementor-widget elementor-widget-image-gallery\" data-id=\"4c75b2c\" data-element_type=\"widget\" data-e-type=\"widget\" data-widget_type=\"image-gallery.default\">\n\t\t\t\t<div class=\"elementor-widget-container\">\n\t\t\t\t\t\t\t<div class=\"elementor-image-gallery\">\n\t\t\t<div id='gallery-1' class='gallery galleryid-31358 gallery-columns-3 gallery-size-thumbnail'><figure class='gallery-item'>\n\t\t\t<div class='gallery-icon portrait'>\n\t\t\t\t<a data-elementor-open-lightbox=\"yes\" data-elementor-lightbox-slideshow=\"4c75b2c\" data-elementor-lightbox-title=\"Derliaus \u0161vent\u0117 (1)\" data-e-action-hash=\"#elementor-action%3Aaction%3Dlightbox%26settings%3DeyJpZCI6MzEzNjMsInVybCI6Imh0dHBzOlwvXC92cnNjYi5sdFwvd3AtY29udGVudFwvdXBsb2Fkc1wvMjAyNFwvMDlcL0RlcmxpYXVzLXN2ZW50ZS0xLmpwZyIsInNsaWRlc2hvdyI6IjRjNzViMmMifQ%3D%3D\" href='https:\/\/vrscb.lt\/wp-content\/uploads\/2024\/09\/Derliaus-svente-1.jpg'><img fetchpriority=\"high\" decoding=\"async\" width=\"480\" height=\"270\" src=\"https:\/\/vrscb.lt\/wp-content\/uploads\/2024\/09\/Derliaus-svente-1-480x270.jpg\" class=\"attachment-thumbnail size-thumbnail\" alt=\"\" \/><\/a>\n\t\t\t<\/div><\/figure><figure class='gallery-item'>\n\t\t\t<div class='gallery-icon landscape'>\n\t\t\t\t<a data-elementor-open-lightbox=\"yes\" data-elementor-lightbox-slideshow=\"4c75b2c\" data-elementor-lightbox-title=\"Derliaus \u0161vent\u0117 (2)\" data-e-action-hash=\"#elementor-action%3Aaction%3Dlightbox%26settings%3DeyJpZCI6MzEzNjUsInVybCI6Imh0dHBzOlwvXC92cnNjYi5sdFwvd3AtY29udGVudFwvdXBsb2Fkc1wvMjAyNFwvMDlcL0RlcmxpYXVzLXN2ZW50ZS0yLmpwZyIsInNsaWRlc2hvdyI6IjRjNzViMmMifQ%3D%3D\" href='https:\/\/vrscb.lt\/wp-content\/uploads\/2024\/09\/Derliaus-svente-2.jpg'><img decoding=\"async\" width=\"480\" height=\"270\" src=\"https:\/\/vrscb.lt\/wp-content\/uploads\/2024\/09\/Derliaus-svente-2-480x270.jpg\" class=\"attachment-thumbnail size-thumbnail\" alt=\"\" \/><\/a>\n\t\t\t<\/div><\/figure><figure class='gallery-item'>\n\t\t\t<div class='gallery-icon landscape'>\n\t\t\t\t<a data-elementor-open-lightbox=\"yes\" data-elementor-lightbox-slideshow=\"4c75b2c\" data-elementor-lightbox-title=\"Derliaus \u0161vent\u0117 (3)\" data-e-action-hash=\"#elementor-action%3Aaction%3Dlightbox%26settings%3DeyJpZCI6MzEzNjcsInVybCI6Imh0dHBzOlwvXC92cnNjYi5sdFwvd3AtY29udGVudFwvdXBsb2Fkc1wvMjAyNFwvMDlcL0RlcmxpYXVzLXN2ZW50ZS0zLmpwZyIsInNsaWRlc2hvdyI6IjRjNzViMmMifQ%3D%3D\" href='https:\/\/vrscb.lt\/wp-content\/uploads\/2024\/09\/Derliaus-svente-3.jpg'><img decoding=\"async\" width=\"480\" height=\"270\" src=\"https:\/\/vrscb.lt\/wp-content\/uploads\/2024\/09\/Derliaus-svente-3-480x270.jpg\" class=\"attachment-thumbnail size-thumbnail\" alt=\"\" \/><\/a>\n\t\t\t<\/div><\/figure><figure class='gallery-item'>\n\t\t\t<div class='gallery-icon landscape'>\n\t\t\t\t<a data-elementor-open-lightbox=\"yes\" data-elementor-lightbox-slideshow=\"4c75b2c\" data-elementor-lightbox-title=\"Derliaus \u0161vent\u0117 (4)\" data-e-action-hash=\"#elementor-action%3Aaction%3Dlightbox%26settings%3DeyJpZCI6MzEzNjksInVybCI6Imh0dHBzOlwvXC92cnNjYi5sdFwvd3AtY29udGVudFwvdXBsb2Fkc1wvMjAyNFwvMDlcL0RlcmxpYXVzLXN2ZW50ZS00LmpwZyIsInNsaWRlc2hvdyI6IjRjNzViMmMifQ%3D%3D\" href='https:\/\/vrscb.lt\/wp-content\/uploads\/2024\/09\/Derliaus-svente-4.jpg'><img loading=\"lazy\" decoding=\"async\" width=\"480\" height=\"270\" src=\"https:\/\/vrscb.lt\/wp-content\/uploads\/2024\/09\/Derliaus-svente-4-480x270.jpg\" class=\"attachment-thumbnail size-thumbnail\" alt=\"\" \/><\/a>\n\t\t\t<\/div><\/figure><figure class='gallery-item'>\n\t\t\t<div class='gallery-icon landscape'>\n\t\t\t\t<a data-elementor-open-lightbox=\"yes\" data-elementor-lightbox-slideshow=\"4c75b2c\" data-elementor-lightbox-title=\"Derliaus \u0161vent\u0117 (5)\" data-e-action-hash=\"#elementor-action%3Aaction%3Dlightbox%26settings%3DeyJpZCI6MzEzNzEsInVybCI6Imh0dHBzOlwvXC92cnNjYi5sdFwvd3AtY29udGVudFwvdXBsb2Fkc1wvMjAyNFwvMDlcL0RlcmxpYXVzLXN2ZW50ZS01LmpwZyIsInNsaWRlc2hvdyI6IjRjNzViMmMifQ%3D%3D\" href='https:\/\/vrscb.lt\/wp-content\/uploads\/2024\/09\/Derliaus-svente-5.jpg'><img loading=\"lazy\" decoding=\"async\" width=\"480\" height=\"270\" src=\"https:\/\/vrscb.lt\/wp-content\/uploads\/2024\/09\/Derliaus-svente-5-480x270.jpg\" class=\"attachment-thumbnail size-thumbnail\" alt=\"\" \/><\/a>\n\t\t\t<\/div><\/figure><figure class='gallery-item'>\n\t\t\t<div class='gallery-icon portrait'>\n\t\t\t\t<a data-elementor-open-lightbox=\"yes\" data-elementor-lightbox-slideshow=\"4c75b2c\" data-elementor-lightbox-title=\"Derliaus \u0161vent\u0117 (7)\" data-e-action-hash=\"#elementor-action%3Aaction%3Dlightbox%26settings%3DeyJpZCI6MzEzNzMsInVybCI6Imh0dHBzOlwvXC92cnNjYi5sdFwvd3AtY29udGVudFwvdXBsb2Fkc1wvMjAyNFwvMDlcL0RlcmxpYXVzLXN2ZW50ZS03LmpwZyIsInNsaWRlc2hvdyI6IjRjNzViMmMifQ%3D%3D\" href='https:\/\/vrscb.lt\/wp-content\/uploads\/2024\/09\/Derliaus-svente-7.jpg'><img loading=\"lazy\" decoding=\"async\" width=\"480\" height=\"270\" src=\"https:\/\/vrscb.lt\/wp-content\/uploads\/2024\/09\/Derliaus-svente-7-480x270.jpg\" class=\"attachment-thumbnail size-thumbnail\" alt=\"\" \/><\/a>\n\t\t\t<\/div><\/figure><figure class='gallery-item'>\n\t\t\t<div class='gallery-icon portrait'>\n\t\t\t\t<a data-elementor-open-lightbox=\"yes\" data-elementor-lightbox-slideshow=\"4c75b2c\" data-elementor-lightbox-title=\"Derliaus \u0161vent\u0117 (8)\" data-e-action-hash=\"#elementor-action%3Aaction%3Dlightbox%26settings%3DeyJpZCI6MzEzNzUsInVybCI6Imh0dHBzOlwvXC92cnNjYi5sdFwvd3AtY29udGVudFwvdXBsb2Fkc1wvMjAyNFwvMDlcL0RlcmxpYXVzLXN2ZW50ZS04LmpwZyIsInNsaWRlc2hvdyI6IjRjNzViMmMifQ%3D%3D\" href='https:\/\/vrscb.lt\/wp-content\/uploads\/2024\/09\/Derliaus-svente-8.jpg'><img loading=\"lazy\" decoding=\"async\" width=\"480\" height=\"270\" src=\"https:\/\/vrscb.lt\/wp-content\/uploads\/2024\/09\/Derliaus-svente-8-480x270.jpg\" class=\"attachment-thumbnail size-thumbnail\" alt=\"\" \/><\/a>\n\t\t\t<\/div><\/figure><figure class='gallery-item'>\n\t\t\t<div class='gallery-icon landscape'>\n\t\t\t\t<a data-elementor-open-lightbox=\"yes\" data-elementor-lightbox-slideshow=\"4c75b2c\" data-elementor-lightbox-title=\"Derliaus \u0161vent\u0117 (9)\" data-e-action-hash=\"#elementor-action%3Aaction%3Dlightbox%26settings%3DeyJpZCI6MzEzNzcsInVybCI6Imh0dHBzOlwvXC92cnNjYi5sdFwvd3AtY29udGVudFwvdXBsb2Fkc1wvMjAyNFwvMDlcL0RlcmxpYXVzLXN2ZW50ZS05LmpwZyIsInNsaWRlc2hvdyI6IjRjNzViMmMifQ%3D%3D\" href='https:\/\/vrscb.lt\/wp-content\/uploads\/2024\/09\/Derliaus-svente-9.jpg'><img loading=\"lazy\" decoding=\"async\" width=\"480\" height=\"270\" src=\"https:\/\/vrscb.lt\/wp-content\/uploads\/2024\/09\/Derliaus-svente-9-480x270.jpg\" class=\"attachment-thumbnail size-thumbnail\" alt=\"\" \/><\/a>\n\t\t\t<\/div><\/figure><figure class='gallery-item'>\n\t\t\t<div class='gallery-icon landscape'>\n\t\t\t\t<a data-elementor-open-lightbox=\"yes\" data-elementor-lightbox-slideshow=\"4c75b2c\" data-elementor-lightbox-title=\"Derliaus \u0161vent\u0117 (6)\" data-e-action-hash=\"#elementor-action%3Aaction%3Dlightbox%26settings%3DeyJpZCI6MzEzNjAsInVybCI6Imh0dHBzOlwvXC92cnNjYi5sdFwvd3AtY29udGVudFwvdXBsb2Fkc1wvMjAyNFwvMDlcL0RlcmxpYXVzLXN2ZW50ZS02LmpwZyIsInNsaWRlc2hvdyI6IjRjNzViMmMifQ%3D%3D\" href='https:\/\/vrscb.lt\/wp-content\/uploads\/2024\/09\/Derliaus-svente-6.jpg'><img loading=\"lazy\" decoding=\"async\" width=\"480\" height=\"270\" src=\"https:\/\/vrscb.lt\/wp-content\/uploads\/2024\/09\/Derliaus-svente-6-480x270.jpg\" class=\"attachment-thumbnail size-thumbnail\" alt=\"\" \/><\/a>\n\t\t\t<\/div><\/figure>\n\t\t<\/div>\n\t\t<\/div>\n\t\t\t\t\t\t<\/div>\n\t\t\t\t<\/div>\n\t\t\t\t\t<\/div>\n\t\t<\/div>\n\t\t\t\t\t<\/div>\n\t\t<\/section>\n\t\t\t\t<\/div>\n\t\t","protected":false},"excerpt":{"rendered":"<div class=\"entry-summary\">\n14 wrze\u015bnia Centralna Biblioteka Samorz\u0105du Rejonu Wile\u0144skiego wzi\u0119\u0142a udzia\u0142 w \u015awi\u0119cie Plon\u00f3w, kt\u00f3re odby\u0142o si\u0119 w Skojdiszkach (rejon wile\u0144ski). W k\u0105ciku bibliotecznym pracownicy oferowali najm\u0142odszym uczestnikom r\u00f3\u017cnorodne zaj\u0119cia edukacyjne, g\u0142o\u015bne czytanie oraz loteri\u0119. Wszystkich ch\u0119tnych zapraszali do zrobienia zdj\u0119\u0107 przy&hellip;\n<\/div>\n<div class=\"link-more\"><a href=\"https:\/\/vrscb.lt\/pl\/swieto-plonow-z-ksiazka\/\" class=\"more-link\">Czytaj wi\u0119cej<span class=\"screen-reader-text\"> &ldquo;\u015awi\u0119to Plon\u00f3w z Ksi\u0105\u017ck\u0105&rdquo;<\/span>\u2026<\/a><\/div>\n","protected":false},"author":3,"featured_media":31360,"comment_status":"closed","ping_status":"closed","sticky":false,"template":"","format":"standard","meta":{"_acf_changed":false,"footnotes":""},"categories":[96],"tags":[],"class_list":["post-31358","post","type-post","status-publish","format-standard","has-post-thumbnail","hentry","category-imprezy","entry"],"acf":[],"yoast_head":"<!-- This site is optimized with the Yoast SEO plugin v27.5 - https:\/\/yoast.com\/product\/yoast-seo-wordpress\/ -->\n<title>\u015awi\u0119to Plon\u00f3w z Ksi\u0105\u017ck\u0105 - Vilniaus rajono savivaldyb\u0117s Centrin\u0117 biblioteka<\/title>\n<meta name=\"robots\" content=\"index, follow, max-snippet:-1, max-image-preview:large, max-video-preview:-1\" \/>\n<link rel=\"canonical\" href=\"https:\/\/vrscb.lt\/pl\/swieto-plonow-z-ksiazka\/\" \/>\n<meta property=\"og:locale\" content=\"pl_PL\" \/>\n<meta property=\"og:type\" content=\"article\" \/>\n<meta property=\"og:title\" content=\"\u015awi\u0119to Plon\u00f3w z Ksi\u0105\u017ck\u0105 - Vilniaus rajono savivaldyb\u0117s Centrin\u0117 biblioteka\" \/>\n<meta property=\"og:description\" content=\"14 wrze\u015bnia Centralna Biblioteka Samorz\u0105du Rejonu Wile\u0144skiego wzi\u0119\u0142a udzia\u0142 w \u015awi\u0119cie Plon\u00f3w, kt\u00f3re odby\u0142o si\u0119 w Skojdiszkach (rejon wile\u0144ski). W k\u0105ciku bibliotecznym pracownicy oferowali najm\u0142odszym uczestnikom r\u00f3\u017cnorodne zaj\u0119cia edukacyjne, g\u0142o\u015bne czytanie oraz loteri\u0119. Wszystkich ch\u0119tnych zapraszali do zrobienia zdj\u0119\u0107 przy&hellip; Czytaj wi\u0119cej &ldquo;\u015awi\u0119to Plon\u00f3w z Ksi\u0105\u017ck\u0105&rdquo;\u2026\" \/>\n<meta property=\"og:url\" content=\"https:\/\/vrscb.lt\/pl\/swieto-plonow-z-ksiazka\/\" \/>\n<meta property=\"og:site_name\" content=\"Vilniaus rajono savivaldyb\u0117s Centrin\u0117 biblioteka\" \/>\n<meta property=\"article:published_time\" content=\"2024-09-16T09:42:01+00:00\" \/>\n<meta property=\"article:modified_time\" content=\"2024-09-16T11:03:23+00:00\" \/>\n<meta property=\"og:image\" content=\"https:\/\/vrscb.lt\/wp-content\/uploads\/2024\/09\/Derliaus-svente-6.jpg\" \/>\n\t<meta property=\"og:image:width\" content=\"1024\" \/>\n\t<meta property=\"og:image:height\" content=\"768\" \/>\n\t<meta property=\"og:image:type\" content=\"image\/jpeg\" \/>\n<meta name=\"author\" content=\"VRSCB\" \/>\n<meta name=\"twitter:card\" content=\"summary_large_image\" \/>\n<meta name=\"twitter:label1\" content=\"Napisane przez\" \/>\n\t<meta name=\"twitter:data1\" content=\"VRSCB\" \/>\n\t<meta name=\"twitter:label2\" content=\"Szacowany czas czytania\" \/>\n\t<meta name=\"twitter:data2\" content=\"3 minuty\" \/>\n<script type=\"application\/ld+json\" class=\"yoast-schema-graph\">{\"@context\":\"https:\\\/\\\/schema.org\",\"@graph\":[{\"@type\":\"Article\",\"@id\":\"https:\\\/\\\/vrscb.lt\\\/pl\\\/swieto-plonow-z-ksiazka\\\/#article\",\"isPartOf\":{\"@id\":\"https:\\\/\\\/vrscb.lt\\\/pl\\\/swieto-plonow-z-ksiazka\\\/\"},\"author\":{\"name\":\"VRSCB\",\"@id\":\"https:\\\/\\\/vrscb.lt\\\/#\\\/schema\\\/person\\\/0b84365a98053f509501f91b5be6c097\"},\"headline\":\"\u015awi\u0119to Plon\u00f3w z Ksi\u0105\u017ck\u0105\",\"datePublished\":\"2024-09-16T09:42:01+00:00\",\"dateModified\":\"2024-09-16T11:03:23+00:00\",\"mainEntityOfPage\":{\"@id\":\"https:\\\/\\\/vrscb.lt\\\/pl\\\/swieto-plonow-z-ksiazka\\\/\"},\"wordCount\":77,\"publisher\":{\"@id\":\"https:\\\/\\\/vrscb.lt\\\/#organization\"},\"image\":{\"@id\":\"https:\\\/\\\/vrscb.lt\\\/pl\\\/swieto-plonow-z-ksiazka\\\/#primaryimage\"},\"thumbnailUrl\":\"https:\\\/\\\/vrscb.lt\\\/wp-content\\\/uploads\\\/2024\\\/09\\\/Derliaus-svente-6.jpg\",\"articleSection\":[\"Imprezy\"],\"inLanguage\":\"pl-PL\"},{\"@type\":\"WebPage\",\"@id\":\"https:\\\/\\\/vrscb.lt\\\/pl\\\/swieto-plonow-z-ksiazka\\\/\",\"url\":\"https:\\\/\\\/vrscb.lt\\\/pl\\\/swieto-plonow-z-ksiazka\\\/\",\"name\":\"\u015awi\u0119to Plon\u00f3w z Ksi\u0105\u017ck\u0105 - Vilniaus rajono savivaldyb\u0117s Centrin\u0117 biblioteka\",\"isPartOf\":{\"@id\":\"https:\\\/\\\/vrscb.lt\\\/#website\"},\"primaryImageOfPage\":{\"@id\":\"https:\\\/\\\/vrscb.lt\\\/pl\\\/swieto-plonow-z-ksiazka\\\/#primaryimage\"},\"image\":{\"@id\":\"https:\\\/\\\/vrscb.lt\\\/pl\\\/swieto-plonow-z-ksiazka\\\/#primaryimage\"},\"thumbnailUrl\":\"https:\\\/\\\/vrscb.lt\\\/wp-content\\\/uploads\\\/2024\\\/09\\\/Derliaus-svente-6.jpg\",\"datePublished\":\"2024-09-16T09:42:01+00:00\",\"dateModified\":\"2024-09-16T11:03:23+00:00\",\"breadcrumb\":{\"@id\":\"https:\\\/\\\/vrscb.lt\\\/pl\\\/swieto-plonow-z-ksiazka\\\/#breadcrumb\"},\"inLanguage\":\"pl-PL\",\"potentialAction\":[{\"@type\":\"ReadAction\",\"target\":[\"https:\\\/\\\/vrscb.lt\\\/pl\\\/swieto-plonow-z-ksiazka\\\/\"]}]},{\"@type\":\"ImageObject\",\"inLanguage\":\"pl-PL\",\"@id\":\"https:\\\/\\\/vrscb.lt\\\/pl\\\/swieto-plonow-z-ksiazka\\\/#primaryimage\",\"url\":\"https:\\\/\\\/vrscb.lt\\\/wp-content\\\/uploads\\\/2024\\\/09\\\/Derliaus-svente-6.jpg\",\"contentUrl\":\"https:\\\/\\\/vrscb.lt\\\/wp-content\\\/uploads\\\/2024\\\/09\\\/Derliaus-svente-6.jpg\",\"width\":1024,\"height\":768},{\"@type\":\"BreadcrumbList\",\"@id\":\"https:\\\/\\\/vrscb.lt\\\/pl\\\/swieto-plonow-z-ksiazka\\\/#breadcrumb\",\"itemListElement\":[{\"@type\":\"ListItem\",\"position\":1,\"name\":\"Dom\",\"item\":\"https:\\\/\\\/vrscb.lt\\\/\"},{\"@type\":\"ListItem\",\"position\":2,\"name\":\"\u015awi\u0119to Plon\u00f3w z Ksi\u0105\u017ck\u0105\"}]},{\"@type\":\"WebSite\",\"@id\":\"https:\\\/\\\/vrscb.lt\\\/#website\",\"url\":\"https:\\\/\\\/vrscb.lt\\\/\",\"name\":\"Vilniaus rajono savivaldyb\u0117s Centrin\u0117 biblioteka\",\"description\":\"Vilniaus rajono savivaldyb\u0117s Centrin\u0117 biblioteka kvie\u010dia visus prisijungti prie visuotin\u0117s pilietin\u0117s iniciatyvos \u201eAtmintis gyva, nes liudija\u201c ir u\u017edegti atminimo.\",\"publisher\":{\"@id\":\"https:\\\/\\\/vrscb.lt\\\/#organization\"},\"potentialAction\":[{\"@type\":\"SearchAction\",\"target\":{\"@type\":\"EntryPoint\",\"urlTemplate\":\"https:\\\/\\\/vrscb.lt\\\/?s={search_term_string}\"},\"query-input\":{\"@type\":\"PropertyValueSpecification\",\"valueRequired\":true,\"valueName\":\"search_term_string\"}}],\"inLanguage\":\"pl-PL\"},{\"@type\":\"Organization\",\"@id\":\"https:\\\/\\\/vrscb.lt\\\/#organization\",\"name\":\"Vilniaus rajono savivaldyb\u0117s Centrin\u0117 biblioteka\",\"url\":\"https:\\\/\\\/vrscb.lt\\\/\",\"logo\":{\"@type\":\"ImageObject\",\"inLanguage\":\"pl-PL\",\"@id\":\"https:\\\/\\\/vrscb.lt\\\/#\\\/schema\\\/logo\\\/image\\\/\",\"url\":\"https:\\\/\\\/vrscb.lt\\\/wp-content\\\/uploads\\\/2021\\\/02\\\/LOGO_BIBLIOTEKA_RUDAMINA_2018_02_08-1.png\",\"contentUrl\":\"https:\\\/\\\/vrscb.lt\\\/wp-content\\\/uploads\\\/2021\\\/02\\\/LOGO_BIBLIOTEKA_RUDAMINA_2018_02_08-1.png\",\"width\":1084,\"height\":1084,\"caption\":\"Vilniaus rajono savivaldyb\u0117s Centrin\u0117 biblioteka\"},\"image\":{\"@id\":\"https:\\\/\\\/vrscb.lt\\\/#\\\/schema\\\/logo\\\/image\\\/\"}},{\"@type\":\"Person\",\"@id\":\"https:\\\/\\\/vrscb.lt\\\/#\\\/schema\\\/person\\\/0b84365a98053f509501f91b5be6c097\",\"name\":\"VRSCB\",\"image\":{\"@type\":\"ImageObject\",\"inLanguage\":\"pl-PL\",\"@id\":\"https:\\\/\\\/secure.gravatar.com\\\/avatar\\\/cb8817ba573049eab6d3f0458a0218e93a27995fe49a8323902e053d82443b77?s=96&d=mm&r=g\",\"url\":\"https:\\\/\\\/secure.gravatar.com\\\/avatar\\\/cb8817ba573049eab6d3f0458a0218e93a27995fe49a8323902e053d82443b77?s=96&d=mm&r=g\",\"contentUrl\":\"https:\\\/\\\/secure.gravatar.com\\\/avatar\\\/cb8817ba573049eab6d3f0458a0218e93a27995fe49a8323902e053d82443b77?s=96&d=mm&r=g\",\"caption\":\"VRSCB\"},\"url\":\"https:\\\/\\\/vrscb.lt\\\/pl\\\/author\\\/pavelas\\\/\"}]}<\/script>\n<!-- \/ Yoast SEO plugin. -->","yoast_head_json":{"title":"\u015awi\u0119to Plon\u00f3w z Ksi\u0105\u017ck\u0105 - Vilniaus rajono savivaldyb\u0117s Centrin\u0117 biblioteka","robots":{"index":"index","follow":"follow","max-snippet":"max-snippet:-1","max-image-preview":"max-image-preview:large","max-video-preview":"max-video-preview:-1"},"canonical":"https:\/\/vrscb.lt\/pl\/swieto-plonow-z-ksiazka\/","og_locale":"pl_PL","og_type":"article","og_title":"\u015awi\u0119to Plon\u00f3w z Ksi\u0105\u017ck\u0105 - Vilniaus rajono savivaldyb\u0117s Centrin\u0117 biblioteka","og_description":"14 wrze\u015bnia Centralna Biblioteka Samorz\u0105du Rejonu Wile\u0144skiego wzi\u0119\u0142a udzia\u0142 w \u015awi\u0119cie Plon\u00f3w, kt\u00f3re odby\u0142o si\u0119 w Skojdiszkach (rejon wile\u0144ski). W k\u0105ciku bibliotecznym pracownicy oferowali najm\u0142odszym uczestnikom r\u00f3\u017cnorodne zaj\u0119cia edukacyjne, g\u0142o\u015bne czytanie oraz loteri\u0119. Wszystkich ch\u0119tnych zapraszali do zrobienia zdj\u0119\u0107 przy&hellip; Czytaj wi\u0119cej &ldquo;\u015awi\u0119to Plon\u00f3w z Ksi\u0105\u017ck\u0105&rdquo;\u2026","og_url":"https:\/\/vrscb.lt\/pl\/swieto-plonow-z-ksiazka\/","og_site_name":"Vilniaus rajono savivaldyb\u0117s Centrin\u0117 biblioteka","article_published_time":"2024-09-16T09:42:01+00:00","article_modified_time":"2024-09-16T11:03:23+00:00","og_image":[{"width":1024,"height":768,"url":"https:\/\/vrscb.lt\/wp-content\/uploads\/2024\/09\/Derliaus-svente-6.jpg","type":"image\/jpeg"}],"author":"VRSCB","twitter_card":"summary_large_image","twitter_misc":{"Napisane przez":"VRSCB","Szacowany czas czytania":"3 minuty"},"schema":{"@context":"https:\/\/schema.org","@graph":[{"@type":"Article","@id":"https:\/\/vrscb.lt\/pl\/swieto-plonow-z-ksiazka\/#article","isPartOf":{"@id":"https:\/\/vrscb.lt\/pl\/swieto-plonow-z-ksiazka\/"},"author":{"name":"VRSCB","@id":"https:\/\/vrscb.lt\/#\/schema\/person\/0b84365a98053f509501f91b5be6c097"},"headline":"\u015awi\u0119to Plon\u00f3w z Ksi\u0105\u017ck\u0105","datePublished":"2024-09-16T09:42:01+00:00","dateModified":"2024-09-16T11:03:23+00:00","mainEntityOfPage":{"@id":"https:\/\/vrscb.lt\/pl\/swieto-plonow-z-ksiazka\/"},"wordCount":77,"publisher":{"@id":"https:\/\/vrscb.lt\/#organization"},"image":{"@id":"https:\/\/vrscb.lt\/pl\/swieto-plonow-z-ksiazka\/#primaryimage"},"thumbnailUrl":"https:\/\/vrscb.lt\/wp-content\/uploads\/2024\/09\/Derliaus-svente-6.jpg","articleSection":["Imprezy"],"inLanguage":"pl-PL"},{"@type":"WebPage","@id":"https:\/\/vrscb.lt\/pl\/swieto-plonow-z-ksiazka\/","url":"https:\/\/vrscb.lt\/pl\/swieto-plonow-z-ksiazka\/","name":"\u015awi\u0119to Plon\u00f3w z Ksi\u0105\u017ck\u0105 - Vilniaus rajono savivaldyb\u0117s Centrin\u0117 biblioteka","isPartOf":{"@id":"https:\/\/vrscb.lt\/#website"},"primaryImageOfPage":{"@id":"https:\/\/vrscb.lt\/pl\/swieto-plonow-z-ksiazka\/#primaryimage"},"image":{"@id":"https:\/\/vrscb.lt\/pl\/swieto-plonow-z-ksiazka\/#primaryimage"},"thumbnailUrl":"https:\/\/vrscb.lt\/wp-content\/uploads\/2024\/09\/Derliaus-svente-6.jpg","datePublished":"2024-09-16T09:42:01+00:00","dateModified":"2024-09-16T11:03:23+00:00","breadcrumb":{"@id":"https:\/\/vrscb.lt\/pl\/swieto-plonow-z-ksiazka\/#breadcrumb"},"inLanguage":"pl-PL","potentialAction":[{"@type":"ReadAction","target":["https:\/\/vrscb.lt\/pl\/swieto-plonow-z-ksiazka\/"]}]},{"@type":"ImageObject","inLanguage":"pl-PL","@id":"https:\/\/vrscb.lt\/pl\/swieto-plonow-z-ksiazka\/#primaryimage","url":"https:\/\/vrscb.lt\/wp-content\/uploads\/2024\/09\/Derliaus-svente-6.jpg","contentUrl":"https:\/\/vrscb.lt\/wp-content\/uploads\/2024\/09\/Derliaus-svente-6.jpg","width":1024,"height":768},{"@type":"BreadcrumbList","@id":"https:\/\/vrscb.lt\/pl\/swieto-plonow-z-ksiazka\/#breadcrumb","itemListElement":[{"@type":"ListItem","position":1,"name":"Dom","item":"https:\/\/vrscb.lt\/"},{"@type":"ListItem","position":2,"name":"\u015awi\u0119to Plon\u00f3w z Ksi\u0105\u017ck\u0105"}]},{"@type":"WebSite","@id":"https:\/\/vrscb.lt\/#website","url":"https:\/\/vrscb.lt\/","name":"Vilniaus rajono savivaldyb\u0117s Centrin\u0117 biblioteka","description":"Vilniaus rajono savivaldyb\u0117s Centrin\u0117 biblioteka kvie\u010dia visus prisijungti prie visuotin\u0117s pilietin\u0117s iniciatyvos \u201eAtmintis gyva, nes liudija\u201c ir u\u017edegti atminimo.","publisher":{"@id":"https:\/\/vrscb.lt\/#organization"},"potentialAction":[{"@type":"SearchAction","target":{"@type":"EntryPoint","urlTemplate":"https:\/\/vrscb.lt\/?s={search_term_string}"},"query-input":{"@type":"PropertyValueSpecification","valueRequired":true,"valueName":"search_term_string"}}],"inLanguage":"pl-PL"},{"@type":"Organization","@id":"https:\/\/vrscb.lt\/#organization","name":"Vilniaus rajono savivaldyb\u0117s Centrin\u0117 biblioteka","url":"https:\/\/vrscb.lt\/","logo":{"@type":"ImageObject","inLanguage":"pl-PL","@id":"https:\/\/vrscb.lt\/#\/schema\/logo\/image\/","url":"https:\/\/vrscb.lt\/wp-content\/uploads\/2021\/02\/LOGO_BIBLIOTEKA_RUDAMINA_2018_02_08-1.png","contentUrl":"https:\/\/vrscb.lt\/wp-content\/uploads\/2021\/02\/LOGO_BIBLIOTEKA_RUDAMINA_2018_02_08-1.png","width":1084,"height":1084,"caption":"Vilniaus rajono savivaldyb\u0117s Centrin\u0117 biblioteka"},"image":{"@id":"https:\/\/vrscb.lt\/#\/schema\/logo\/image\/"}},{"@type":"Person","@id":"https:\/\/vrscb.lt\/#\/schema\/person\/0b84365a98053f509501f91b5be6c097","name":"VRSCB","image":{"@type":"ImageObject","inLanguage":"pl-PL","@id":"https:\/\/secure.gravatar.com\/avatar\/cb8817ba573049eab6d3f0458a0218e93a27995fe49a8323902e053d82443b77?s=96&d=mm&r=g","url":"https:\/\/secure.gravatar.com\/avatar\/cb8817ba573049eab6d3f0458a0218e93a27995fe49a8323902e053d82443b77?s=96&d=mm&r=g","contentUrl":"https:\/\/secure.gravatar.com\/avatar\/cb8817ba573049eab6d3f0458a0218e93a27995fe49a8323902e053d82443b77?s=96&d=mm&r=g","caption":"VRSCB"},"url":"https:\/\/vrscb.lt\/pl\/author\/pavelas\/"}]}},"_links":{"self":[{"href":"https:\/\/vrscb.lt\/pl\/wp-json\/wp\/v2\/posts\/31358","targetHints":{"allow":["GET"]}}],"collection":[{"href":"https:\/\/vrscb.lt\/pl\/wp-json\/wp\/v2\/posts"}],"about":[{"href":"https:\/\/vrscb.lt\/pl\/wp-json\/wp\/v2\/types\/post"}],"author":[{"embeddable":true,"href":"https:\/\/vrscb.lt\/pl\/wp-json\/wp\/v2\/users\/3"}],"replies":[{"embeddable":true,"href":"https:\/\/vrscb.lt\/pl\/wp-json\/wp\/v2\/comments?post=31358"}],"version-history":[{"count":5,"href":"https:\/\/vrscb.lt\/pl\/wp-json\/wp\/v2\/posts\/31358\/revisions"}],"predecessor-version":[{"id":31393,"href":"https:\/\/vrscb.lt\/pl\/wp-json\/wp\/v2\/posts\/31358\/revisions\/31393"}],"wp:featuredmedia":[{"embeddable":true,"href":"https:\/\/vrscb.lt\/pl\/wp-json\/wp\/v2\/media\/31360"}],"wp:attachment":[{"href":"https:\/\/vrscb.lt\/pl\/wp-json\/wp\/v2\/media?parent=31358"}],"wp:term":[{"taxonomy":"category","embeddable":true,"href":"https:\/\/vrscb.lt\/pl\/wp-json\/wp\/v2\/categories?post=31358"},{"taxonomy":"post_tag","embeddable":true,"href":"https:\/\/vrscb.lt\/pl\/wp-json\/wp\/v2\/tags?post=31358"}],"curies":[{"name":"wp","href":"https:\/\/api.w.org\/{rel}","templated":true}]}}