
{"id":31907,"date":"2024-10-28T09:06:46","date_gmt":"2024-10-28T07:06:46","guid":{"rendered":"https:\/\/vrscb.lt\/?p=31907"},"modified":"2024-10-28T09:08:30","modified_gmt":"2024-10-28T07:08:30","slug":"bajkowe-spotkanie-dla-dzieci-w-kowalczukach","status":"publish","type":"post","link":"https:\/\/vrscb.lt\/pl\/bajkowe-spotkanie-dla-dzieci-w-kowalczukach\/","title":{"rendered":"Bajkowe spotkanie dla dzieci w Kowalczukach"},"content":{"rendered":"\t\t<div data-elementor-type=\"wp-post\" data-elementor-id=\"31907\" class=\"elementor elementor-31907\" data-elementor-post-type=\"post\">\n\t\t\t\t\t\t<section class=\"elementor-section elementor-top-section elementor-element elementor-element-3106f0b9 elementor-section-boxed elementor-section-height-default elementor-section-height-default\" data-id=\"3106f0b9\" data-element_type=\"section\" data-e-type=\"section\">\n\t\t\t\t\t\t<div class=\"elementor-container elementor-column-gap-default\">\n\t\t\t\t\t<div class=\"elementor-column elementor-col-100 elementor-top-column elementor-element elementor-element-355f5ed4\" data-id=\"355f5ed4\" data-element_type=\"column\" data-e-type=\"column\">\n\t\t\t<div class=\"elementor-widget-wrap elementor-element-populated\">\n\t\t\t\t\t\t<div class=\"elementor-element elementor-element-5da476f8 elementor-widget elementor-widget-text-editor\" data-id=\"5da476f8\" data-element_type=\"widget\" data-e-type=\"widget\" data-widget_type=\"text-editor.default\">\n\t\t\t\t<div class=\"elementor-widget-container\">\n\t\t\t\t\t\t\t\t\t\n<p>W\u0119druj\u0105ca z ust do ust, przekazywana z pokolenia na pokolenie, oparta na m\u0105dro\u015bci, prawach i do\u015bwiadczeniach. Wyszeptana do ucha, wy\u015bpiewana, czytana. Bajka cz\u0119sto bywa przewodnikiem dziecka po \u015bwiecie prze\u017cy\u0107 i warto\u015bci, a tak\u017ce pierwszym utworem wype\u0142niaj\u0105cym przestrze\u0144 literack\u0105 w jego \u017cyciu.<\/p>\n\n\n\n<p>23 pa\u017adziernika bibliotekarki Filii Centralnej Biblioteki Samorz\u0105du Rejonu Wile\u0144skiego w Kowalczukach odwiedzi\u0142y przedszkole z przedstawieniem teatralnym. Wizyta mia\u0142a na celu zapoznanie dzieci z rol\u0105 bohater\u00f3w popularnej bajki \u201eRzepka\u201d autorstwa Juliana Tuwima.<\/p>\n\n\n\n<p>W wyj\u0105tkowym przedstawieniu uczestniczyli nie tylko pracownicy biblioteki, ale r\u00f3wnie\u017c przedszkolaki. Scenariusz wiernie odzwierciedla\u0142 fabu\u0142\u0119 utworu, opowiadaj\u0105cego o wsp\u00f3lnym wysi\u0142ku wielu postaci, aby wyrwa\u0107 ogromn\u0105 rzepk\u0119.<\/p>\n\n\n\n<p>Wsp\u00f3lna zabawa by\u0142a znakomita. Rado\u015b\u0107 by\u0142a ogromna, a u\u015bmiech nie znika\u0142 z twarzy dzieci ani na chwil\u0119. Na zako\u0144czenie spotkania zrobiono pami\u0105tkowe zdj\u0119cie z bohaterami bajki.<\/p>\n\n\n\n<p>Przedstawienie \u201eRzepka\u201d z pewno\u015bci\u0105 na d\u0142ugo pozostanie w pami\u0119ci wszystkich uczestnik\u00f3w i widz\u00f3w.<\/p>\n\t\t\t\t\t\t\t\t<\/div>\n\t\t\t\t<\/div>\n\t\t\t\t\t<\/div>\n\t\t<\/div>\n\t\t\t\t\t<\/div>\n\t\t<\/section>\n\t\t\t\t<section class=\"elementor-section elementor-top-section elementor-element elementor-element-2a875ee elementor-section-boxed elementor-section-height-default elementor-section-height-default\" data-id=\"2a875ee\" data-element_type=\"section\" data-e-type=\"section\">\n\t\t\t\t\t\t<div class=\"elementor-container elementor-column-gap-default\">\n\t\t\t\t\t<div class=\"elementor-column elementor-col-100 elementor-top-column elementor-element elementor-element-a774e34\" data-id=\"a774e34\" data-element_type=\"column\" data-e-type=\"column\">\n\t\t\t<div class=\"elementor-widget-wrap elementor-element-populated\">\n\t\t\t\t\t\t<div class=\"elementor-element elementor-element-71b7375 gallery-spacing-custom elementor-widget elementor-widget-image-gallery\" data-id=\"71b7375\" data-element_type=\"widget\" data-e-type=\"widget\" data-widget_type=\"image-gallery.default\">\n\t\t\t\t<div class=\"elementor-widget-container\">\n\t\t\t\t\t\t\t<div class=\"elementor-image-gallery\">\n\t\t\t<div id='gallery-1' class='gallery galleryid-31907 gallery-columns-3 gallery-size-thumbnail'><figure class='gallery-item'>\n\t\t\t<div class='gallery-icon landscape'>\n\t\t\t\t<a data-elementor-open-lightbox=\"yes\" data-elementor-lightbox-slideshow=\"71b7375\" data-elementor-lightbox-title=\"Rzepka (8)\" data-e-action-hash=\"#elementor-action%3Aaction%3Dlightbox%26settings%3DeyJpZCI6MzE5MTIsInVybCI6Imh0dHBzOlwvXC92cnNjYi5sdFwvd3AtY29udGVudFwvdXBsb2Fkc1wvMjAyNFwvMTBcL1J6ZXBrYS04LmpwZyIsInNsaWRlc2hvdyI6IjcxYjczNzUifQ%3D%3D\" href='https:\/\/vrscb.lt\/wp-content\/uploads\/2024\/10\/Rzepka-8.jpg'><img fetchpriority=\"high\" decoding=\"async\" width=\"480\" height=\"270\" src=\"https:\/\/vrscb.lt\/wp-content\/uploads\/2024\/10\/Rzepka-8-480x270.jpg\" class=\"attachment-thumbnail size-thumbnail\" alt=\"\" \/><\/a>\n\t\t\t<\/div><\/figure><figure class='gallery-item'>\n\t\t\t<div class='gallery-icon landscape'>\n\t\t\t\t<a data-elementor-open-lightbox=\"yes\" data-elementor-lightbox-slideshow=\"71b7375\" data-elementor-lightbox-title=\"Rzepka (2)\" data-e-action-hash=\"#elementor-action%3Aaction%3Dlightbox%26settings%3DeyJpZCI6MzE5MTQsInVybCI6Imh0dHBzOlwvXC92cnNjYi5sdFwvd3AtY29udGVudFwvdXBsb2Fkc1wvMjAyNFwvMTBcL1J6ZXBrYS0yLmpwZyIsInNsaWRlc2hvdyI6IjcxYjczNzUifQ%3D%3D\" href='https:\/\/vrscb.lt\/wp-content\/uploads\/2024\/10\/Rzepka-2.jpg'><img decoding=\"async\" width=\"480\" height=\"270\" src=\"https:\/\/vrscb.lt\/wp-content\/uploads\/2024\/10\/Rzepka-2-480x270.jpg\" class=\"attachment-thumbnail size-thumbnail\" alt=\"\" \/><\/a>\n\t\t\t<\/div><\/figure><figure class='gallery-item'>\n\t\t\t<div class='gallery-icon landscape'>\n\t\t\t\t<a data-elementor-open-lightbox=\"yes\" data-elementor-lightbox-slideshow=\"71b7375\" data-elementor-lightbox-title=\"Rzepka (1)\" data-e-action-hash=\"#elementor-action%3Aaction%3Dlightbox%26settings%3DeyJpZCI6MzE5MTYsInVybCI6Imh0dHBzOlwvXC92cnNjYi5sdFwvd3AtY29udGVudFwvdXBsb2Fkc1wvMjAyNFwvMTBcL1J6ZXBrYS0xLmpwZyIsInNsaWRlc2hvdyI6IjcxYjczNzUifQ%3D%3D\" href='https:\/\/vrscb.lt\/wp-content\/uploads\/2024\/10\/Rzepka-1.jpg'><img decoding=\"async\" width=\"480\" height=\"270\" src=\"https:\/\/vrscb.lt\/wp-content\/uploads\/2024\/10\/Rzepka-1-480x270.jpg\" class=\"attachment-thumbnail size-thumbnail\" alt=\"\" \/><\/a>\n\t\t\t<\/div><\/figure><figure class='gallery-item'>\n\t\t\t<div class='gallery-icon landscape'>\n\t\t\t\t<a data-elementor-open-lightbox=\"yes\" data-elementor-lightbox-slideshow=\"71b7375\" data-elementor-lightbox-title=\"Rzepka (5)\" data-e-action-hash=\"#elementor-action%3Aaction%3Dlightbox%26settings%3DeyJpZCI6MzE5MTgsInVybCI6Imh0dHBzOlwvXC92cnNjYi5sdFwvd3AtY29udGVudFwvdXBsb2Fkc1wvMjAyNFwvMTBcL1J6ZXBrYS01LmpwZyIsInNsaWRlc2hvdyI6IjcxYjczNzUifQ%3D%3D\" href='https:\/\/vrscb.lt\/wp-content\/uploads\/2024\/10\/Rzepka-5.jpg'><img loading=\"lazy\" decoding=\"async\" width=\"480\" height=\"270\" src=\"https:\/\/vrscb.lt\/wp-content\/uploads\/2024\/10\/Rzepka-5-480x270.jpg\" class=\"attachment-thumbnail size-thumbnail\" alt=\"\" \/><\/a>\n\t\t\t<\/div><\/figure><figure class='gallery-item'>\n\t\t\t<div class='gallery-icon landscape'>\n\t\t\t\t<a data-elementor-open-lightbox=\"yes\" data-elementor-lightbox-slideshow=\"71b7375\" data-elementor-lightbox-title=\"Rzepka (10)\" data-e-action-hash=\"#elementor-action%3Aaction%3Dlightbox%26settings%3DeyJpZCI6MzE5MjAsInVybCI6Imh0dHBzOlwvXC92cnNjYi5sdFwvd3AtY29udGVudFwvdXBsb2Fkc1wvMjAyNFwvMTBcL1J6ZXBrYS0xMC5qcGciLCJzbGlkZXNob3ciOiI3MWI3Mzc1In0%3D\" href='https:\/\/vrscb.lt\/wp-content\/uploads\/2024\/10\/Rzepka-10.jpg'><img loading=\"lazy\" decoding=\"async\" width=\"480\" height=\"270\" src=\"https:\/\/vrscb.lt\/wp-content\/uploads\/2024\/10\/Rzepka-10-480x270.jpg\" class=\"attachment-thumbnail size-thumbnail\" alt=\"\" \/><\/a>\n\t\t\t<\/div><\/figure><figure class='gallery-item'>\n\t\t\t<div class='gallery-icon landscape'>\n\t\t\t\t<a data-elementor-open-lightbox=\"yes\" data-elementor-lightbox-slideshow=\"71b7375\" data-elementor-lightbox-title=\"Rzepka (11)\" data-e-action-hash=\"#elementor-action%3Aaction%3Dlightbox%26settings%3DeyJpZCI6MzE5MDksInVybCI6Imh0dHBzOlwvXC92cnNjYi5sdFwvd3AtY29udGVudFwvdXBsb2Fkc1wvMjAyNFwvMTBcL1J6ZXBrYS0xMS5qcGciLCJzbGlkZXNob3ciOiI3MWI3Mzc1In0%3D\" href='https:\/\/vrscb.lt\/wp-content\/uploads\/2024\/10\/Rzepka-11.jpg'><img loading=\"lazy\" decoding=\"async\" width=\"480\" height=\"270\" src=\"https:\/\/vrscb.lt\/wp-content\/uploads\/2024\/10\/Rzepka-11-480x270.jpg\" class=\"attachment-thumbnail size-thumbnail\" alt=\"\" \/><\/a>\n\t\t\t<\/div><\/figure>\n\t\t<\/div>\n\t\t<\/div>\n\t\t\t\t\t\t<\/div>\n\t\t\t\t<\/div>\n\t\t\t\t\t<\/div>\n\t\t<\/div>\n\t\t\t\t\t<\/div>\n\t\t<\/section>\n\t\t\t\t<\/div>\n\t\t","protected":false},"excerpt":{"rendered":"<div class=\"entry-summary\">\nW\u0119druj\u0105ca z ust do ust, przekazywana z pokolenia na pokolenie, oparta na m\u0105dro\u015bci, prawach i do\u015bwiadczeniach. Wyszeptana do ucha, wy\u015bpiewana, czytana. Bajka cz\u0119sto bywa przewodnikiem dziecka po \u015bwiecie prze\u017cy\u0107 i warto\u015bci, a tak\u017ce pierwszym utworem wype\u0142niaj\u0105cym przestrze\u0144 literack\u0105 w jego&hellip;\n<\/div>\n<div class=\"link-more\"><a href=\"https:\/\/vrscb.lt\/pl\/bajkowe-spotkanie-dla-dzieci-w-kowalczukach\/\" class=\"more-link\">Czytaj wi\u0119cej<span class=\"screen-reader-text\"> &ldquo;Bajkowe spotkanie dla dzieci w Kowalczukach&rdquo;<\/span>\u2026<\/a><\/div>\n","protected":false},"author":3,"featured_media":31909,"comment_status":"closed","ping_status":"closed","sticky":false,"template":"","format":"standard","meta":{"_acf_changed":false,"footnotes":""},"categories":[96],"tags":[],"class_list":["post-31907","post","type-post","status-publish","format-standard","has-post-thumbnail","hentry","category-imprezy","entry"],"acf":[],"yoast_head":"<!-- This site is optimized with the Yoast SEO plugin v27.5 - https:\/\/yoast.com\/product\/yoast-seo-wordpress\/ -->\n<title>Bajkowe spotkanie dla dzieci w Kowalczukach - Vilniaus rajono savivaldyb\u0117s Centrin\u0117 biblioteka<\/title>\n<meta name=\"robots\" content=\"index, follow, max-snippet:-1, max-image-preview:large, max-video-preview:-1\" \/>\n<link rel=\"canonical\" href=\"https:\/\/vrscb.lt\/pl\/bajkowe-spotkanie-dla-dzieci-w-kowalczukach\/\" \/>\n<meta property=\"og:locale\" content=\"pl_PL\" \/>\n<meta property=\"og:type\" content=\"article\" \/>\n<meta property=\"og:title\" content=\"Bajkowe spotkanie dla dzieci w Kowalczukach - Vilniaus rajono savivaldyb\u0117s Centrin\u0117 biblioteka\" \/>\n<meta property=\"og:description\" content=\"W\u0119druj\u0105ca z ust do ust, przekazywana z pokolenia na pokolenie, oparta na m\u0105dro\u015bci, prawach i do\u015bwiadczeniach. Wyszeptana do ucha, wy\u015bpiewana, czytana. Bajka cz\u0119sto bywa przewodnikiem dziecka po \u015bwiecie prze\u017cy\u0107 i warto\u015bci, a tak\u017ce pierwszym utworem wype\u0142niaj\u0105cym przestrze\u0144 literack\u0105 w jego&hellip; Czytaj wi\u0119cej &ldquo;Bajkowe spotkanie dla dzieci w Kowalczukach&rdquo;\u2026\" \/>\n<meta property=\"og:url\" content=\"https:\/\/vrscb.lt\/pl\/bajkowe-spotkanie-dla-dzieci-w-kowalczukach\/\" \/>\n<meta property=\"og:site_name\" content=\"Vilniaus rajono savivaldyb\u0117s Centrin\u0117 biblioteka\" \/>\n<meta property=\"article:published_time\" content=\"2024-10-28T07:06:46+00:00\" \/>\n<meta property=\"article:modified_time\" content=\"2024-10-28T07:08:30+00:00\" \/>\n<meta property=\"og:image\" content=\"https:\/\/vrscb.lt\/wp-content\/uploads\/2024\/10\/Rzepka-11.jpg\" \/>\n\t<meta property=\"og:image:width\" content=\"1020\" \/>\n\t<meta property=\"og:image:height\" content=\"765\" \/>\n\t<meta property=\"og:image:type\" content=\"image\/jpeg\" \/>\n<meta name=\"author\" content=\"VRSCB\" \/>\n<meta name=\"twitter:card\" content=\"summary_large_image\" \/>\n<meta name=\"twitter:label1\" content=\"Napisane przez\" \/>\n\t<meta name=\"twitter:data1\" content=\"VRSCB\" \/>\n\t<meta name=\"twitter:label2\" content=\"Szacowany czas czytania\" \/>\n\t<meta name=\"twitter:data2\" content=\"3 minuty\" \/>\n<script type=\"application\/ld+json\" class=\"yoast-schema-graph\">{\"@context\":\"https:\\\/\\\/schema.org\",\"@graph\":[{\"@type\":\"Article\",\"@id\":\"https:\\\/\\\/vrscb.lt\\\/pl\\\/bajkowe-spotkanie-dla-dzieci-w-kowalczukach\\\/#article\",\"isPartOf\":{\"@id\":\"https:\\\/\\\/vrscb.lt\\\/pl\\\/bajkowe-spotkanie-dla-dzieci-w-kowalczukach\\\/\"},\"author\":{\"name\":\"VRSCB\",\"@id\":\"https:\\\/\\\/vrscb.lt\\\/#\\\/schema\\\/person\\\/0b84365a98053f509501f91b5be6c097\"},\"headline\":\"Bajkowe spotkanie dla dzieci w Kowalczukach\",\"datePublished\":\"2024-10-28T07:06:46+00:00\",\"dateModified\":\"2024-10-28T07:08:30+00:00\",\"mainEntityOfPage\":{\"@id\":\"https:\\\/\\\/vrscb.lt\\\/pl\\\/bajkowe-spotkanie-dla-dzieci-w-kowalczukach\\\/\"},\"wordCount\":177,\"publisher\":{\"@id\":\"https:\\\/\\\/vrscb.lt\\\/#organization\"},\"image\":{\"@id\":\"https:\\\/\\\/vrscb.lt\\\/pl\\\/bajkowe-spotkanie-dla-dzieci-w-kowalczukach\\\/#primaryimage\"},\"thumbnailUrl\":\"https:\\\/\\\/vrscb.lt\\\/wp-content\\\/uploads\\\/2024\\\/10\\\/Rzepka-11.jpg\",\"articleSection\":[\"Imprezy\"],\"inLanguage\":\"pl-PL\"},{\"@type\":\"WebPage\",\"@id\":\"https:\\\/\\\/vrscb.lt\\\/pl\\\/bajkowe-spotkanie-dla-dzieci-w-kowalczukach\\\/\",\"url\":\"https:\\\/\\\/vrscb.lt\\\/pl\\\/bajkowe-spotkanie-dla-dzieci-w-kowalczukach\\\/\",\"name\":\"Bajkowe spotkanie dla dzieci w Kowalczukach - Vilniaus rajono savivaldyb\u0117s Centrin\u0117 biblioteka\",\"isPartOf\":{\"@id\":\"https:\\\/\\\/vrscb.lt\\\/#website\"},\"primaryImageOfPage\":{\"@id\":\"https:\\\/\\\/vrscb.lt\\\/pl\\\/bajkowe-spotkanie-dla-dzieci-w-kowalczukach\\\/#primaryimage\"},\"image\":{\"@id\":\"https:\\\/\\\/vrscb.lt\\\/pl\\\/bajkowe-spotkanie-dla-dzieci-w-kowalczukach\\\/#primaryimage\"},\"thumbnailUrl\":\"https:\\\/\\\/vrscb.lt\\\/wp-content\\\/uploads\\\/2024\\\/10\\\/Rzepka-11.jpg\",\"datePublished\":\"2024-10-28T07:06:46+00:00\",\"dateModified\":\"2024-10-28T07:08:30+00:00\",\"breadcrumb\":{\"@id\":\"https:\\\/\\\/vrscb.lt\\\/pl\\\/bajkowe-spotkanie-dla-dzieci-w-kowalczukach\\\/#breadcrumb\"},\"inLanguage\":\"pl-PL\",\"potentialAction\":[{\"@type\":\"ReadAction\",\"target\":[\"https:\\\/\\\/vrscb.lt\\\/pl\\\/bajkowe-spotkanie-dla-dzieci-w-kowalczukach\\\/\"]}]},{\"@type\":\"ImageObject\",\"inLanguage\":\"pl-PL\",\"@id\":\"https:\\\/\\\/vrscb.lt\\\/pl\\\/bajkowe-spotkanie-dla-dzieci-w-kowalczukach\\\/#primaryimage\",\"url\":\"https:\\\/\\\/vrscb.lt\\\/wp-content\\\/uploads\\\/2024\\\/10\\\/Rzepka-11.jpg\",\"contentUrl\":\"https:\\\/\\\/vrscb.lt\\\/wp-content\\\/uploads\\\/2024\\\/10\\\/Rzepka-11.jpg\",\"width\":1020,\"height\":765},{\"@type\":\"BreadcrumbList\",\"@id\":\"https:\\\/\\\/vrscb.lt\\\/pl\\\/bajkowe-spotkanie-dla-dzieci-w-kowalczukach\\\/#breadcrumb\",\"itemListElement\":[{\"@type\":\"ListItem\",\"position\":1,\"name\":\"Dom\",\"item\":\"https:\\\/\\\/vrscb.lt\\\/\"},{\"@type\":\"ListItem\",\"position\":2,\"name\":\"Bajkowe spotkanie dla dzieci w Kowalczukach\"}]},{\"@type\":\"WebSite\",\"@id\":\"https:\\\/\\\/vrscb.lt\\\/#website\",\"url\":\"https:\\\/\\\/vrscb.lt\\\/\",\"name\":\"Vilniaus rajono savivaldyb\u0117s Centrin\u0117 biblioteka\",\"description\":\"Vilniaus rajono savivaldyb\u0117s Centrin\u0117 biblioteka kvie\u010dia visus prisijungti prie visuotin\u0117s pilietin\u0117s iniciatyvos \u201eAtmintis gyva, nes liudija\u201c ir u\u017edegti atminimo.\",\"publisher\":{\"@id\":\"https:\\\/\\\/vrscb.lt\\\/#organization\"},\"potentialAction\":[{\"@type\":\"SearchAction\",\"target\":{\"@type\":\"EntryPoint\",\"urlTemplate\":\"https:\\\/\\\/vrscb.lt\\\/?s={search_term_string}\"},\"query-input\":{\"@type\":\"PropertyValueSpecification\",\"valueRequired\":true,\"valueName\":\"search_term_string\"}}],\"inLanguage\":\"pl-PL\"},{\"@type\":\"Organization\",\"@id\":\"https:\\\/\\\/vrscb.lt\\\/#organization\",\"name\":\"Vilniaus rajono savivaldyb\u0117s Centrin\u0117 biblioteka\",\"url\":\"https:\\\/\\\/vrscb.lt\\\/\",\"logo\":{\"@type\":\"ImageObject\",\"inLanguage\":\"pl-PL\",\"@id\":\"https:\\\/\\\/vrscb.lt\\\/#\\\/schema\\\/logo\\\/image\\\/\",\"url\":\"https:\\\/\\\/vrscb.lt\\\/wp-content\\\/uploads\\\/2021\\\/02\\\/LOGO_BIBLIOTEKA_RUDAMINA_2018_02_08-1.png\",\"contentUrl\":\"https:\\\/\\\/vrscb.lt\\\/wp-content\\\/uploads\\\/2021\\\/02\\\/LOGO_BIBLIOTEKA_RUDAMINA_2018_02_08-1.png\",\"width\":1084,\"height\":1084,\"caption\":\"Vilniaus rajono savivaldyb\u0117s Centrin\u0117 biblioteka\"},\"image\":{\"@id\":\"https:\\\/\\\/vrscb.lt\\\/#\\\/schema\\\/logo\\\/image\\\/\"}},{\"@type\":\"Person\",\"@id\":\"https:\\\/\\\/vrscb.lt\\\/#\\\/schema\\\/person\\\/0b84365a98053f509501f91b5be6c097\",\"name\":\"VRSCB\",\"image\":{\"@type\":\"ImageObject\",\"inLanguage\":\"pl-PL\",\"@id\":\"https:\\\/\\\/secure.gravatar.com\\\/avatar\\\/cb8817ba573049eab6d3f0458a0218e93a27995fe49a8323902e053d82443b77?s=96&d=mm&r=g\",\"url\":\"https:\\\/\\\/secure.gravatar.com\\\/avatar\\\/cb8817ba573049eab6d3f0458a0218e93a27995fe49a8323902e053d82443b77?s=96&d=mm&r=g\",\"contentUrl\":\"https:\\\/\\\/secure.gravatar.com\\\/avatar\\\/cb8817ba573049eab6d3f0458a0218e93a27995fe49a8323902e053d82443b77?s=96&d=mm&r=g\",\"caption\":\"VRSCB\"},\"url\":\"https:\\\/\\\/vrscb.lt\\\/pl\\\/author\\\/pavelas\\\/\"}]}<\/script>\n<!-- \/ Yoast SEO plugin. -->","yoast_head_json":{"title":"Bajkowe spotkanie dla dzieci w Kowalczukach - Vilniaus rajono savivaldyb\u0117s Centrin\u0117 biblioteka","robots":{"index":"index","follow":"follow","max-snippet":"max-snippet:-1","max-image-preview":"max-image-preview:large","max-video-preview":"max-video-preview:-1"},"canonical":"https:\/\/vrscb.lt\/pl\/bajkowe-spotkanie-dla-dzieci-w-kowalczukach\/","og_locale":"pl_PL","og_type":"article","og_title":"Bajkowe spotkanie dla dzieci w Kowalczukach - Vilniaus rajono savivaldyb\u0117s Centrin\u0117 biblioteka","og_description":"W\u0119druj\u0105ca z ust do ust, przekazywana z pokolenia na pokolenie, oparta na m\u0105dro\u015bci, prawach i do\u015bwiadczeniach. Wyszeptana do ucha, wy\u015bpiewana, czytana. Bajka cz\u0119sto bywa przewodnikiem dziecka po \u015bwiecie prze\u017cy\u0107 i warto\u015bci, a tak\u017ce pierwszym utworem wype\u0142niaj\u0105cym przestrze\u0144 literack\u0105 w jego&hellip; Czytaj wi\u0119cej &ldquo;Bajkowe spotkanie dla dzieci w Kowalczukach&rdquo;\u2026","og_url":"https:\/\/vrscb.lt\/pl\/bajkowe-spotkanie-dla-dzieci-w-kowalczukach\/","og_site_name":"Vilniaus rajono savivaldyb\u0117s Centrin\u0117 biblioteka","article_published_time":"2024-10-28T07:06:46+00:00","article_modified_time":"2024-10-28T07:08:30+00:00","og_image":[{"width":1020,"height":765,"url":"https:\/\/vrscb.lt\/wp-content\/uploads\/2024\/10\/Rzepka-11.jpg","type":"image\/jpeg"}],"author":"VRSCB","twitter_card":"summary_large_image","twitter_misc":{"Napisane przez":"VRSCB","Szacowany czas czytania":"3 minuty"},"schema":{"@context":"https:\/\/schema.org","@graph":[{"@type":"Article","@id":"https:\/\/vrscb.lt\/pl\/bajkowe-spotkanie-dla-dzieci-w-kowalczukach\/#article","isPartOf":{"@id":"https:\/\/vrscb.lt\/pl\/bajkowe-spotkanie-dla-dzieci-w-kowalczukach\/"},"author":{"name":"VRSCB","@id":"https:\/\/vrscb.lt\/#\/schema\/person\/0b84365a98053f509501f91b5be6c097"},"headline":"Bajkowe spotkanie dla dzieci w Kowalczukach","datePublished":"2024-10-28T07:06:46+00:00","dateModified":"2024-10-28T07:08:30+00:00","mainEntityOfPage":{"@id":"https:\/\/vrscb.lt\/pl\/bajkowe-spotkanie-dla-dzieci-w-kowalczukach\/"},"wordCount":177,"publisher":{"@id":"https:\/\/vrscb.lt\/#organization"},"image":{"@id":"https:\/\/vrscb.lt\/pl\/bajkowe-spotkanie-dla-dzieci-w-kowalczukach\/#primaryimage"},"thumbnailUrl":"https:\/\/vrscb.lt\/wp-content\/uploads\/2024\/10\/Rzepka-11.jpg","articleSection":["Imprezy"],"inLanguage":"pl-PL"},{"@type":"WebPage","@id":"https:\/\/vrscb.lt\/pl\/bajkowe-spotkanie-dla-dzieci-w-kowalczukach\/","url":"https:\/\/vrscb.lt\/pl\/bajkowe-spotkanie-dla-dzieci-w-kowalczukach\/","name":"Bajkowe spotkanie dla dzieci w Kowalczukach - Vilniaus rajono savivaldyb\u0117s Centrin\u0117 biblioteka","isPartOf":{"@id":"https:\/\/vrscb.lt\/#website"},"primaryImageOfPage":{"@id":"https:\/\/vrscb.lt\/pl\/bajkowe-spotkanie-dla-dzieci-w-kowalczukach\/#primaryimage"},"image":{"@id":"https:\/\/vrscb.lt\/pl\/bajkowe-spotkanie-dla-dzieci-w-kowalczukach\/#primaryimage"},"thumbnailUrl":"https:\/\/vrscb.lt\/wp-content\/uploads\/2024\/10\/Rzepka-11.jpg","datePublished":"2024-10-28T07:06:46+00:00","dateModified":"2024-10-28T07:08:30+00:00","breadcrumb":{"@id":"https:\/\/vrscb.lt\/pl\/bajkowe-spotkanie-dla-dzieci-w-kowalczukach\/#breadcrumb"},"inLanguage":"pl-PL","potentialAction":[{"@type":"ReadAction","target":["https:\/\/vrscb.lt\/pl\/bajkowe-spotkanie-dla-dzieci-w-kowalczukach\/"]}]},{"@type":"ImageObject","inLanguage":"pl-PL","@id":"https:\/\/vrscb.lt\/pl\/bajkowe-spotkanie-dla-dzieci-w-kowalczukach\/#primaryimage","url":"https:\/\/vrscb.lt\/wp-content\/uploads\/2024\/10\/Rzepka-11.jpg","contentUrl":"https:\/\/vrscb.lt\/wp-content\/uploads\/2024\/10\/Rzepka-11.jpg","width":1020,"height":765},{"@type":"BreadcrumbList","@id":"https:\/\/vrscb.lt\/pl\/bajkowe-spotkanie-dla-dzieci-w-kowalczukach\/#breadcrumb","itemListElement":[{"@type":"ListItem","position":1,"name":"Dom","item":"https:\/\/vrscb.lt\/"},{"@type":"ListItem","position":2,"name":"Bajkowe spotkanie dla dzieci w Kowalczukach"}]},{"@type":"WebSite","@id":"https:\/\/vrscb.lt\/#website","url":"https:\/\/vrscb.lt\/","name":"Vilniaus rajono savivaldyb\u0117s Centrin\u0117 biblioteka","description":"Vilniaus rajono savivaldyb\u0117s Centrin\u0117 biblioteka kvie\u010dia visus prisijungti prie visuotin\u0117s pilietin\u0117s iniciatyvos \u201eAtmintis gyva, nes liudija\u201c ir u\u017edegti atminimo.","publisher":{"@id":"https:\/\/vrscb.lt\/#organization"},"potentialAction":[{"@type":"SearchAction","target":{"@type":"EntryPoint","urlTemplate":"https:\/\/vrscb.lt\/?s={search_term_string}"},"query-input":{"@type":"PropertyValueSpecification","valueRequired":true,"valueName":"search_term_string"}}],"inLanguage":"pl-PL"},{"@type":"Organization","@id":"https:\/\/vrscb.lt\/#organization","name":"Vilniaus rajono savivaldyb\u0117s Centrin\u0117 biblioteka","url":"https:\/\/vrscb.lt\/","logo":{"@type":"ImageObject","inLanguage":"pl-PL","@id":"https:\/\/vrscb.lt\/#\/schema\/logo\/image\/","url":"https:\/\/vrscb.lt\/wp-content\/uploads\/2021\/02\/LOGO_BIBLIOTEKA_RUDAMINA_2018_02_08-1.png","contentUrl":"https:\/\/vrscb.lt\/wp-content\/uploads\/2021\/02\/LOGO_BIBLIOTEKA_RUDAMINA_2018_02_08-1.png","width":1084,"height":1084,"caption":"Vilniaus rajono savivaldyb\u0117s Centrin\u0117 biblioteka"},"image":{"@id":"https:\/\/vrscb.lt\/#\/schema\/logo\/image\/"}},{"@type":"Person","@id":"https:\/\/vrscb.lt\/#\/schema\/person\/0b84365a98053f509501f91b5be6c097","name":"VRSCB","image":{"@type":"ImageObject","inLanguage":"pl-PL","@id":"https:\/\/secure.gravatar.com\/avatar\/cb8817ba573049eab6d3f0458a0218e93a27995fe49a8323902e053d82443b77?s=96&d=mm&r=g","url":"https:\/\/secure.gravatar.com\/avatar\/cb8817ba573049eab6d3f0458a0218e93a27995fe49a8323902e053d82443b77?s=96&d=mm&r=g","contentUrl":"https:\/\/secure.gravatar.com\/avatar\/cb8817ba573049eab6d3f0458a0218e93a27995fe49a8323902e053d82443b77?s=96&d=mm&r=g","caption":"VRSCB"},"url":"https:\/\/vrscb.lt\/pl\/author\/pavelas\/"}]}},"_links":{"self":[{"href":"https:\/\/vrscb.lt\/pl\/wp-json\/wp\/v2\/posts\/31907","targetHints":{"allow":["GET"]}}],"collection":[{"href":"https:\/\/vrscb.lt\/pl\/wp-json\/wp\/v2\/posts"}],"about":[{"href":"https:\/\/vrscb.lt\/pl\/wp-json\/wp\/v2\/types\/post"}],"author":[{"embeddable":true,"href":"https:\/\/vrscb.lt\/pl\/wp-json\/wp\/v2\/users\/3"}],"replies":[{"embeddable":true,"href":"https:\/\/vrscb.lt\/pl\/wp-json\/wp\/v2\/comments?post=31907"}],"version-history":[{"count":4,"href":"https:\/\/vrscb.lt\/pl\/wp-json\/wp\/v2\/posts\/31907\/revisions"}],"predecessor-version":[{"id":31924,"href":"https:\/\/vrscb.lt\/pl\/wp-json\/wp\/v2\/posts\/31907\/revisions\/31924"}],"wp:featuredmedia":[{"embeddable":true,"href":"https:\/\/vrscb.lt\/pl\/wp-json\/wp\/v2\/media\/31909"}],"wp:attachment":[{"href":"https:\/\/vrscb.lt\/pl\/wp-json\/wp\/v2\/media?parent=31907"}],"wp:term":[{"taxonomy":"category","embeddable":true,"href":"https:\/\/vrscb.lt\/pl\/wp-json\/wp\/v2\/categories?post=31907"},{"taxonomy":"post_tag","embeddable":true,"href":"https:\/\/vrscb.lt\/pl\/wp-json\/wp\/v2\/tags?post=31907"}],"curies":[{"name":"wp","href":"https:\/\/api.w.org\/{rel}","templated":true}]}}