
{"id":32175,"date":"2024-11-11T11:17:00","date_gmt":"2024-11-11T09:17:00","guid":{"rendered":"https:\/\/vrscb.lt\/?p=32175"},"modified":"2024-11-11T11:18:17","modified_gmt":"2024-11-11T09:18:17","slug":"spotkanie-z-dr-barbara-jundo-kaliszewska-w-centralnej-bibliotece-samorzadu-rejonu-wilenskiego","status":"publish","type":"post","link":"https:\/\/vrscb.lt\/pl\/spotkanie-z-dr-barbara-jundo-kaliszewska-w-centralnej-bibliotece-samorzadu-rejonu-wilenskiego\/","title":{"rendered":"Spotkanie z dr Barbar\u0105 Jundo-Kaliszewsk\u0105 w Centralnej Bibliotece Samorz\u0105du Rejonu Wile\u0144skiego"},"content":{"rendered":"\t\t<div data-elementor-type=\"wp-post\" data-elementor-id=\"32175\" class=\"elementor elementor-32175\" data-elementor-post-type=\"post\">\n\t\t\t\t\t\t<section class=\"elementor-section elementor-top-section elementor-element elementor-element-44a7b3cd elementor-section-boxed elementor-section-height-default elementor-section-height-default\" data-id=\"44a7b3cd\" data-element_type=\"section\" data-e-type=\"section\">\n\t\t\t\t\t\t<div class=\"elementor-container elementor-column-gap-default\">\n\t\t\t\t\t<div class=\"elementor-column elementor-col-100 elementor-top-column elementor-element elementor-element-36cd6380\" data-id=\"36cd6380\" data-element_type=\"column\" data-e-type=\"column\">\n\t\t\t<div class=\"elementor-widget-wrap elementor-element-populated\">\n\t\t\t\t\t\t<div class=\"elementor-element elementor-element-78230fc9 elementor-widget elementor-widget-text-editor\" data-id=\"78230fc9\" data-element_type=\"widget\" data-e-type=\"widget\" data-widget_type=\"text-editor.default\">\n\t\t\t\t<div class=\"elementor-widget-container\">\n\t\t\t\t\t\t\t\t\t\n<p>8 listopada w Centralnej Bibliotece Samorz\u0105du Rejonu Wile\u0144skiego odby\u0142o si\u0119 spotkanie z okazji \u015awi\u0119ta Niepodleg\u0142o\u015bci Polski. Go\u015bciem wydarzenia by\u0142a historyk i politolog dr Barbara Jundo-Kaliszewska, znana badaczka dziej\u00f3w Polak\u00f3w na Litwie oraz relacji polsko-litewskich. Na spotkanie przybyli uczniowie 10 kl. Gimnazjum Im. Ferdynanada Ruszczyca w Rudominie, aby zg\u0142\u0119bi\u0107 temat spotkania: \u201ePolacy na Litwie \u2013 co wiemy o sobie?\u201d<\/p>\n\n\n\n<p>Barbara Jundo-Kaliszewska opowiedzia\u0142a o historii i wsp\u00f3\u0142czesno\u015bci Polak\u00f3w mieszkaj\u0105cych na Litwie. Podczas wyk\u0142adu poruszy\u0142a kluczowe zagadnienia zwi\u0105zane z to\u017csamo\u015bci\u0105 narodow\u0105, wyzwaniami i sukcesami, jakie na przestrzeni lat towarzyszy\u0142y litewskiej Polonii. Prelegentka zwr\u00f3ci\u0142a uwag\u0119 na istotne wydarzenia historyczne, kt\u00f3re ukszta\u0142towa\u0142y to\u017csamo\u015b\u0107 Polak\u00f3w na Litwie oraz ich dzisiejsze postrzeganie zar\u00f3wno w kraju, jak i poza jego granicami. Uczniowie mieli okazj\u0119 pozna\u0107 mniej znane aspekty historii, kt\u00f3re nie zawsze s\u0105 omawiane w tradycyjnych podr\u0119cznikach.<\/p>\n\n\n\n<p>Spotkanie z Barbar\u0105 Jundo-Kaliszewsk\u0105 by\u0142o warto\u015bciow\u0105 lekcj\u0105 historii i to\u017csamo\u015bci narodowej, kt\u00f3ra wzbudzi\u0142a refleksj\u0119 na temat miejsca Polak\u00f3w na Litwie oraz ich wk\u0142adu w rozw\u00f3j spo\u0142ecze\u0144stwa litewskiego. To wydarzenie, wpisuj\u0105ce si\u0119 w obchody \u015awi\u0119ta Niepodleg\u0142o\u015bci Polski, przypomnia\u0142o m\u0142odzie\u017cy, jak wa\u017cne jest piel\u0119gnowanie tradycji i pami\u0119ci o przesz\u0142o\u015bci, kt\u00f3ra wp\u0142ywa na kszta\u0142towanie przysz\u0142o\u015bci.<\/p>\n\t\t\t\t\t\t\t\t<\/div>\n\t\t\t\t<\/div>\n\t\t\t\t\t<\/div>\n\t\t<\/div>\n\t\t\t\t\t<\/div>\n\t\t<\/section>\n\t\t\t\t<section class=\"elementor-section elementor-top-section elementor-element elementor-element-70cf807 elementor-section-boxed elementor-section-height-default elementor-section-height-default\" data-id=\"70cf807\" data-element_type=\"section\" data-e-type=\"section\">\n\t\t\t\t\t\t<div class=\"elementor-container elementor-column-gap-default\">\n\t\t\t\t\t<div class=\"elementor-column elementor-col-100 elementor-top-column elementor-element elementor-element-cacafa7\" data-id=\"cacafa7\" data-element_type=\"column\" data-e-type=\"column\">\n\t\t\t<div class=\"elementor-widget-wrap elementor-element-populated\">\n\t\t\t\t\t\t<div class=\"elementor-element elementor-element-291580c gallery-spacing-custom elementor-widget elementor-widget-image-gallery\" data-id=\"291580c\" data-element_type=\"widget\" data-e-type=\"widget\" data-widget_type=\"image-gallery.default\">\n\t\t\t\t<div class=\"elementor-widget-container\">\n\t\t\t\t\t\t\t<div class=\"elementor-image-gallery\">\n\t\t\t<div id='gallery-1' class='gallery galleryid-32175 gallery-columns-4 gallery-size-thumbnail'><figure class='gallery-item'>\n\t\t\t<div class='gallery-icon landscape'>\n\t\t\t\t<a data-elementor-open-lightbox=\"yes\" data-elementor-lightbox-slideshow=\"291580c\" data-elementor-lightbox-title=\"Susitikimas su istorike (2)\" data-e-action-hash=\"#elementor-action%3Aaction%3Dlightbox%26settings%3DeyJpZCI6MzIxNjEsInVybCI6Imh0dHBzOlwvXC92cnNjYi5sdFwvd3AtY29udGVudFwvdXBsb2Fkc1wvMjAyNFwvMTFcL1N1c2l0aWtpbWFzLXN1LWlzdG9yaWtlLTItMS5qcGciLCJzbGlkZXNob3ciOiIyOTE1ODBjIn0%3D\" href='https:\/\/vrscb.lt\/wp-content\/uploads\/2024\/11\/Susitikimas-su-istorike-2-1.jpg'><img fetchpriority=\"high\" decoding=\"async\" width=\"480\" height=\"270\" src=\"https:\/\/vrscb.lt\/wp-content\/uploads\/2024\/11\/Susitikimas-su-istorike-2-1-480x270.jpg\" class=\"attachment-thumbnail size-thumbnail\" alt=\"\" \/><\/a>\n\t\t\t<\/div><\/figure><figure class='gallery-item'>\n\t\t\t<div class='gallery-icon portrait'>\n\t\t\t\t<a data-elementor-open-lightbox=\"yes\" data-elementor-lightbox-slideshow=\"291580c\" data-elementor-lightbox-title=\"Susitikimas su istorike (4)\" data-e-action-hash=\"#elementor-action%3Aaction%3Dlightbox%26settings%3DeyJpZCI6MzIxNjQsInVybCI6Imh0dHBzOlwvXC92cnNjYi5sdFwvd3AtY29udGVudFwvdXBsb2Fkc1wvMjAyNFwvMTFcL1N1c2l0aWtpbWFzLXN1LWlzdG9yaWtlLTQuanBnIiwic2xpZGVzaG93IjoiMjkxNTgwYyJ9\" href='https:\/\/vrscb.lt\/wp-content\/uploads\/2024\/11\/Susitikimas-su-istorike-4.jpg'><img decoding=\"async\" width=\"480\" height=\"270\" src=\"https:\/\/vrscb.lt\/wp-content\/uploads\/2024\/11\/Susitikimas-su-istorike-4-480x270.jpg\" class=\"attachment-thumbnail size-thumbnail\" alt=\"\" \/><\/a>\n\t\t\t<\/div><\/figure><figure class='gallery-item'>\n\t\t\t<div class='gallery-icon landscape'>\n\t\t\t\t<a data-elementor-open-lightbox=\"yes\" data-elementor-lightbox-slideshow=\"291580c\" data-elementor-lightbox-title=\"Susitikimas su istorike (1)\" data-e-action-hash=\"#elementor-action%3Aaction%3Dlightbox%26settings%3DeyJpZCI6MzIxNjYsInVybCI6Imh0dHBzOlwvXC92cnNjYi5sdFwvd3AtY29udGVudFwvdXBsb2Fkc1wvMjAyNFwvMTFcL1N1c2l0aWtpbWFzLXN1LWlzdG9yaWtlLTEuanBnIiwic2xpZGVzaG93IjoiMjkxNTgwYyJ9\" href='https:\/\/vrscb.lt\/wp-content\/uploads\/2024\/11\/Susitikimas-su-istorike-1.jpg'><img decoding=\"async\" width=\"480\" height=\"270\" src=\"https:\/\/vrscb.lt\/wp-content\/uploads\/2024\/11\/Susitikimas-su-istorike-1-480x270.jpg\" class=\"attachment-thumbnail size-thumbnail\" alt=\"\" \/><\/a>\n\t\t\t<\/div><\/figure><figure class='gallery-item'>\n\t\t\t<div class='gallery-icon landscape'>\n\t\t\t\t<a data-elementor-open-lightbox=\"yes\" data-elementor-lightbox-slideshow=\"291580c\" data-elementor-lightbox-title=\"Susitikimas su istorike (3)\" data-e-action-hash=\"#elementor-action%3Aaction%3Dlightbox%26settings%3DeyJpZCI6MzIxNjgsInVybCI6Imh0dHBzOlwvXC92cnNjYi5sdFwvd3AtY29udGVudFwvdXBsb2Fkc1wvMjAyNFwvMTFcL1N1c2l0aWtpbWFzLXN1LWlzdG9yaWtlLTMuanBnIiwic2xpZGVzaG93IjoiMjkxNTgwYyJ9\" href='https:\/\/vrscb.lt\/wp-content\/uploads\/2024\/11\/Susitikimas-su-istorike-3.jpg'><img loading=\"lazy\" decoding=\"async\" width=\"480\" height=\"270\" src=\"https:\/\/vrscb.lt\/wp-content\/uploads\/2024\/11\/Susitikimas-su-istorike-3-480x270.jpg\" class=\"attachment-thumbnail size-thumbnail\" alt=\"\" \/><\/a>\n\t\t\t<\/div><\/figure>\n\t\t<\/div>\n\t\t<\/div>\n\t\t\t\t\t\t<\/div>\n\t\t\t\t<\/div>\n\t\t\t\t\t<\/div>\n\t\t<\/div>\n\t\t\t\t\t<\/div>\n\t\t<\/section>\n\t\t\t\t<\/div>\n\t\t","protected":false},"excerpt":{"rendered":"<div class=\"entry-summary\">\n8 listopada w Centralnej Bibliotece Samorz\u0105du Rejonu Wile\u0144skiego odby\u0142o si\u0119 spotkanie z okazji \u015awi\u0119ta Niepodleg\u0142o\u015bci Polski. Go\u015bciem wydarzenia by\u0142a historyk i politolog dr Barbara Jundo-Kaliszewska, znana badaczka dziej\u00f3w Polak\u00f3w na Litwie oraz relacji polsko-litewskich. Na spotkanie przybyli uczniowie 10 kl.&hellip;\n<\/div>\n<div class=\"link-more\"><a href=\"https:\/\/vrscb.lt\/pl\/spotkanie-z-dr-barbara-jundo-kaliszewska-w-centralnej-bibliotece-samorzadu-rejonu-wilenskiego\/\" class=\"more-link\">Czytaj wi\u0119cej<span class=\"screen-reader-text\"> &ldquo;Spotkanie z dr Barbar\u0105 Jundo-Kaliszewsk\u0105 w Centralnej Bibliotece Samorz\u0105du Rejonu Wile\u0144skiego&rdquo;<\/span>\u2026<\/a><\/div>\n","protected":false},"author":3,"featured_media":32161,"comment_status":"closed","ping_status":"closed","sticky":false,"template":"","format":"standard","meta":{"_acf_changed":false,"footnotes":""},"categories":[96],"tags":[],"class_list":["post-32175","post","type-post","status-publish","format-standard","has-post-thumbnail","hentry","category-imprezy","entry"],"acf":[],"yoast_head":"<!-- This site is optimized with the Yoast SEO plugin v27.5 - https:\/\/yoast.com\/product\/yoast-seo-wordpress\/ -->\n<title>Spotkanie z dr Barbar\u0105 Jundo-Kaliszewsk\u0105 w Centralnej Bibliotece Samorz\u0105du Rejonu Wile\u0144skiego - Vilniaus rajono savivaldyb\u0117s Centrin\u0117 biblioteka<\/title>\n<meta name=\"robots\" content=\"index, follow, max-snippet:-1, max-image-preview:large, max-video-preview:-1\" \/>\n<link rel=\"canonical\" href=\"https:\/\/vrscb.lt\/pl\/spotkanie-z-dr-barbara-jundo-kaliszewska-w-centralnej-bibliotece-samorzadu-rejonu-wilenskiego\/\" \/>\n<meta property=\"og:locale\" content=\"pl_PL\" \/>\n<meta property=\"og:type\" content=\"article\" \/>\n<meta property=\"og:title\" content=\"Spotkanie z dr Barbar\u0105 Jundo-Kaliszewsk\u0105 w Centralnej Bibliotece Samorz\u0105du Rejonu Wile\u0144skiego - Vilniaus rajono savivaldyb\u0117s Centrin\u0117 biblioteka\" \/>\n<meta property=\"og:description\" content=\"8 listopada w Centralnej Bibliotece Samorz\u0105du Rejonu Wile\u0144skiego odby\u0142o si\u0119 spotkanie z okazji \u015awi\u0119ta Niepodleg\u0142o\u015bci Polski. Go\u015bciem wydarzenia by\u0142a historyk i politolog dr Barbara Jundo-Kaliszewska, znana badaczka dziej\u00f3w Polak\u00f3w na Litwie oraz relacji polsko-litewskich. Na spotkanie przybyli uczniowie 10 kl.&hellip; Czytaj wi\u0119cej &ldquo;Spotkanie z dr Barbar\u0105 Jundo-Kaliszewsk\u0105 w Centralnej Bibliotece Samorz\u0105du Rejonu Wile\u0144skiego&rdquo;\u2026\" \/>\n<meta property=\"og:url\" content=\"https:\/\/vrscb.lt\/pl\/spotkanie-z-dr-barbara-jundo-kaliszewska-w-centralnej-bibliotece-samorzadu-rejonu-wilenskiego\/\" \/>\n<meta property=\"og:site_name\" content=\"Vilniaus rajono savivaldyb\u0117s Centrin\u0117 biblioteka\" \/>\n<meta property=\"article:published_time\" content=\"2024-11-11T09:17:00+00:00\" \/>\n<meta property=\"article:modified_time\" content=\"2024-11-11T09:18:17+00:00\" \/>\n<meta property=\"og:image\" content=\"https:\/\/vrscb.lt\/wp-content\/uploads\/2024\/11\/Susitikimas-su-istorike-2-1.jpg\" \/>\n\t<meta property=\"og:image:width\" content=\"1280\" \/>\n\t<meta property=\"og:image:height\" content=\"853\" \/>\n\t<meta property=\"og:image:type\" content=\"image\/jpeg\" \/>\n<meta name=\"author\" content=\"VRSCB\" \/>\n<meta name=\"twitter:card\" content=\"summary_large_image\" \/>\n<meta name=\"twitter:label1\" content=\"Napisane przez\" \/>\n\t<meta name=\"twitter:data1\" content=\"VRSCB\" \/>\n\t<meta name=\"twitter:label2\" content=\"Szacowany czas czytania\" \/>\n\t<meta name=\"twitter:data2\" content=\"2 minuty\" \/>\n<script type=\"application\/ld+json\" class=\"yoast-schema-graph\">{\"@context\":\"https:\\\/\\\/schema.org\",\"@graph\":[{\"@type\":\"Article\",\"@id\":\"https:\\\/\\\/vrscb.lt\\\/pl\\\/spotkanie-z-dr-barbara-jundo-kaliszewska-w-centralnej-bibliotece-samorzadu-rejonu-wilenskiego\\\/#article\",\"isPartOf\":{\"@id\":\"https:\\\/\\\/vrscb.lt\\\/pl\\\/spotkanie-z-dr-barbara-jundo-kaliszewska-w-centralnej-bibliotece-samorzadu-rejonu-wilenskiego\\\/\"},\"author\":{\"name\":\"VRSCB\",\"@id\":\"https:\\\/\\\/vrscb.lt\\\/#\\\/schema\\\/person\\\/0b84365a98053f509501f91b5be6c097\"},\"headline\":\"Spotkanie z dr Barbar\u0105 Jundo-Kaliszewsk\u0105 w Centralnej Bibliotece Samorz\u0105du Rejonu Wile\u0144skiego\",\"datePublished\":\"2024-11-11T09:17:00+00:00\",\"dateModified\":\"2024-11-11T09:18:17+00:00\",\"mainEntityOfPage\":{\"@id\":\"https:\\\/\\\/vrscb.lt\\\/pl\\\/spotkanie-z-dr-barbara-jundo-kaliszewska-w-centralnej-bibliotece-samorzadu-rejonu-wilenskiego\\\/\"},\"wordCount\":251,\"publisher\":{\"@id\":\"https:\\\/\\\/vrscb.lt\\\/#organization\"},\"image\":{\"@id\":\"https:\\\/\\\/vrscb.lt\\\/pl\\\/spotkanie-z-dr-barbara-jundo-kaliszewska-w-centralnej-bibliotece-samorzadu-rejonu-wilenskiego\\\/#primaryimage\"},\"thumbnailUrl\":\"https:\\\/\\\/vrscb.lt\\\/wp-content\\\/uploads\\\/2024\\\/11\\\/Susitikimas-su-istorike-2-1.jpg\",\"articleSection\":[\"Imprezy\"],\"inLanguage\":\"pl-PL\"},{\"@type\":\"WebPage\",\"@id\":\"https:\\\/\\\/vrscb.lt\\\/pl\\\/spotkanie-z-dr-barbara-jundo-kaliszewska-w-centralnej-bibliotece-samorzadu-rejonu-wilenskiego\\\/\",\"url\":\"https:\\\/\\\/vrscb.lt\\\/pl\\\/spotkanie-z-dr-barbara-jundo-kaliszewska-w-centralnej-bibliotece-samorzadu-rejonu-wilenskiego\\\/\",\"name\":\"Spotkanie z dr Barbar\u0105 Jundo-Kaliszewsk\u0105 w Centralnej Bibliotece Samorz\u0105du Rejonu Wile\u0144skiego - Vilniaus rajono savivaldyb\u0117s Centrin\u0117 biblioteka\",\"isPartOf\":{\"@id\":\"https:\\\/\\\/vrscb.lt\\\/#website\"},\"primaryImageOfPage\":{\"@id\":\"https:\\\/\\\/vrscb.lt\\\/pl\\\/spotkanie-z-dr-barbara-jundo-kaliszewska-w-centralnej-bibliotece-samorzadu-rejonu-wilenskiego\\\/#primaryimage\"},\"image\":{\"@id\":\"https:\\\/\\\/vrscb.lt\\\/pl\\\/spotkanie-z-dr-barbara-jundo-kaliszewska-w-centralnej-bibliotece-samorzadu-rejonu-wilenskiego\\\/#primaryimage\"},\"thumbnailUrl\":\"https:\\\/\\\/vrscb.lt\\\/wp-content\\\/uploads\\\/2024\\\/11\\\/Susitikimas-su-istorike-2-1.jpg\",\"datePublished\":\"2024-11-11T09:17:00+00:00\",\"dateModified\":\"2024-11-11T09:18:17+00:00\",\"breadcrumb\":{\"@id\":\"https:\\\/\\\/vrscb.lt\\\/pl\\\/spotkanie-z-dr-barbara-jundo-kaliszewska-w-centralnej-bibliotece-samorzadu-rejonu-wilenskiego\\\/#breadcrumb\"},\"inLanguage\":\"pl-PL\",\"potentialAction\":[{\"@type\":\"ReadAction\",\"target\":[\"https:\\\/\\\/vrscb.lt\\\/pl\\\/spotkanie-z-dr-barbara-jundo-kaliszewska-w-centralnej-bibliotece-samorzadu-rejonu-wilenskiego\\\/\"]}]},{\"@type\":\"ImageObject\",\"inLanguage\":\"pl-PL\",\"@id\":\"https:\\\/\\\/vrscb.lt\\\/pl\\\/spotkanie-z-dr-barbara-jundo-kaliszewska-w-centralnej-bibliotece-samorzadu-rejonu-wilenskiego\\\/#primaryimage\",\"url\":\"https:\\\/\\\/vrscb.lt\\\/wp-content\\\/uploads\\\/2024\\\/11\\\/Susitikimas-su-istorike-2-1.jpg\",\"contentUrl\":\"https:\\\/\\\/vrscb.lt\\\/wp-content\\\/uploads\\\/2024\\\/11\\\/Susitikimas-su-istorike-2-1.jpg\",\"width\":1280,\"height\":853},{\"@type\":\"BreadcrumbList\",\"@id\":\"https:\\\/\\\/vrscb.lt\\\/pl\\\/spotkanie-z-dr-barbara-jundo-kaliszewska-w-centralnej-bibliotece-samorzadu-rejonu-wilenskiego\\\/#breadcrumb\",\"itemListElement\":[{\"@type\":\"ListItem\",\"position\":1,\"name\":\"Dom\",\"item\":\"https:\\\/\\\/vrscb.lt\\\/\"},{\"@type\":\"ListItem\",\"position\":2,\"name\":\"Spotkanie z dr Barbar\u0105 Jundo-Kaliszewsk\u0105 w Centralnej Bibliotece Samorz\u0105du Rejonu Wile\u0144skiego\"}]},{\"@type\":\"WebSite\",\"@id\":\"https:\\\/\\\/vrscb.lt\\\/#website\",\"url\":\"https:\\\/\\\/vrscb.lt\\\/\",\"name\":\"Vilniaus rajono savivaldyb\u0117s Centrin\u0117 biblioteka\",\"description\":\"Vilniaus rajono savivaldyb\u0117s Centrin\u0117 biblioteka kvie\u010dia visus prisijungti prie visuotin\u0117s pilietin\u0117s iniciatyvos \u201eAtmintis gyva, nes liudija\u201c ir u\u017edegti atminimo.\",\"publisher\":{\"@id\":\"https:\\\/\\\/vrscb.lt\\\/#organization\"},\"potentialAction\":[{\"@type\":\"SearchAction\",\"target\":{\"@type\":\"EntryPoint\",\"urlTemplate\":\"https:\\\/\\\/vrscb.lt\\\/?s={search_term_string}\"},\"query-input\":{\"@type\":\"PropertyValueSpecification\",\"valueRequired\":true,\"valueName\":\"search_term_string\"}}],\"inLanguage\":\"pl-PL\"},{\"@type\":\"Organization\",\"@id\":\"https:\\\/\\\/vrscb.lt\\\/#organization\",\"name\":\"Vilniaus rajono savivaldyb\u0117s Centrin\u0117 biblioteka\",\"url\":\"https:\\\/\\\/vrscb.lt\\\/\",\"logo\":{\"@type\":\"ImageObject\",\"inLanguage\":\"pl-PL\",\"@id\":\"https:\\\/\\\/vrscb.lt\\\/#\\\/schema\\\/logo\\\/image\\\/\",\"url\":\"https:\\\/\\\/vrscb.lt\\\/wp-content\\\/uploads\\\/2021\\\/02\\\/LOGO_BIBLIOTEKA_RUDAMINA_2018_02_08-1.png\",\"contentUrl\":\"https:\\\/\\\/vrscb.lt\\\/wp-content\\\/uploads\\\/2021\\\/02\\\/LOGO_BIBLIOTEKA_RUDAMINA_2018_02_08-1.png\",\"width\":1084,\"height\":1084,\"caption\":\"Vilniaus rajono savivaldyb\u0117s Centrin\u0117 biblioteka\"},\"image\":{\"@id\":\"https:\\\/\\\/vrscb.lt\\\/#\\\/schema\\\/logo\\\/image\\\/\"}},{\"@type\":\"Person\",\"@id\":\"https:\\\/\\\/vrscb.lt\\\/#\\\/schema\\\/person\\\/0b84365a98053f509501f91b5be6c097\",\"name\":\"VRSCB\",\"image\":{\"@type\":\"ImageObject\",\"inLanguage\":\"pl-PL\",\"@id\":\"https:\\\/\\\/secure.gravatar.com\\\/avatar\\\/cb8817ba573049eab6d3f0458a0218e93a27995fe49a8323902e053d82443b77?s=96&d=mm&r=g\",\"url\":\"https:\\\/\\\/secure.gravatar.com\\\/avatar\\\/cb8817ba573049eab6d3f0458a0218e93a27995fe49a8323902e053d82443b77?s=96&d=mm&r=g\",\"contentUrl\":\"https:\\\/\\\/secure.gravatar.com\\\/avatar\\\/cb8817ba573049eab6d3f0458a0218e93a27995fe49a8323902e053d82443b77?s=96&d=mm&r=g\",\"caption\":\"VRSCB\"},\"url\":\"https:\\\/\\\/vrscb.lt\\\/pl\\\/author\\\/pavelas\\\/\"}]}<\/script>\n<!-- \/ Yoast SEO plugin. -->","yoast_head_json":{"title":"Spotkanie z dr Barbar\u0105 Jundo-Kaliszewsk\u0105 w Centralnej Bibliotece Samorz\u0105du Rejonu Wile\u0144skiego - Vilniaus rajono savivaldyb\u0117s Centrin\u0117 biblioteka","robots":{"index":"index","follow":"follow","max-snippet":"max-snippet:-1","max-image-preview":"max-image-preview:large","max-video-preview":"max-video-preview:-1"},"canonical":"https:\/\/vrscb.lt\/pl\/spotkanie-z-dr-barbara-jundo-kaliszewska-w-centralnej-bibliotece-samorzadu-rejonu-wilenskiego\/","og_locale":"pl_PL","og_type":"article","og_title":"Spotkanie z dr Barbar\u0105 Jundo-Kaliszewsk\u0105 w Centralnej Bibliotece Samorz\u0105du Rejonu Wile\u0144skiego - Vilniaus rajono savivaldyb\u0117s Centrin\u0117 biblioteka","og_description":"8 listopada w Centralnej Bibliotece Samorz\u0105du Rejonu Wile\u0144skiego odby\u0142o si\u0119 spotkanie z okazji \u015awi\u0119ta Niepodleg\u0142o\u015bci Polski. Go\u015bciem wydarzenia by\u0142a historyk i politolog dr Barbara Jundo-Kaliszewska, znana badaczka dziej\u00f3w Polak\u00f3w na Litwie oraz relacji polsko-litewskich. Na spotkanie przybyli uczniowie 10 kl.&hellip; Czytaj wi\u0119cej &ldquo;Spotkanie z dr Barbar\u0105 Jundo-Kaliszewsk\u0105 w Centralnej Bibliotece Samorz\u0105du Rejonu Wile\u0144skiego&rdquo;\u2026","og_url":"https:\/\/vrscb.lt\/pl\/spotkanie-z-dr-barbara-jundo-kaliszewska-w-centralnej-bibliotece-samorzadu-rejonu-wilenskiego\/","og_site_name":"Vilniaus rajono savivaldyb\u0117s Centrin\u0117 biblioteka","article_published_time":"2024-11-11T09:17:00+00:00","article_modified_time":"2024-11-11T09:18:17+00:00","og_image":[{"width":1280,"height":853,"url":"https:\/\/vrscb.lt\/wp-content\/uploads\/2024\/11\/Susitikimas-su-istorike-2-1.jpg","type":"image\/jpeg"}],"author":"VRSCB","twitter_card":"summary_large_image","twitter_misc":{"Napisane przez":"VRSCB","Szacowany czas czytania":"2 minuty"},"schema":{"@context":"https:\/\/schema.org","@graph":[{"@type":"Article","@id":"https:\/\/vrscb.lt\/pl\/spotkanie-z-dr-barbara-jundo-kaliszewska-w-centralnej-bibliotece-samorzadu-rejonu-wilenskiego\/#article","isPartOf":{"@id":"https:\/\/vrscb.lt\/pl\/spotkanie-z-dr-barbara-jundo-kaliszewska-w-centralnej-bibliotece-samorzadu-rejonu-wilenskiego\/"},"author":{"name":"VRSCB","@id":"https:\/\/vrscb.lt\/#\/schema\/person\/0b84365a98053f509501f91b5be6c097"},"headline":"Spotkanie z dr Barbar\u0105 Jundo-Kaliszewsk\u0105 w Centralnej Bibliotece Samorz\u0105du Rejonu Wile\u0144skiego","datePublished":"2024-11-11T09:17:00+00:00","dateModified":"2024-11-11T09:18:17+00:00","mainEntityOfPage":{"@id":"https:\/\/vrscb.lt\/pl\/spotkanie-z-dr-barbara-jundo-kaliszewska-w-centralnej-bibliotece-samorzadu-rejonu-wilenskiego\/"},"wordCount":251,"publisher":{"@id":"https:\/\/vrscb.lt\/#organization"},"image":{"@id":"https:\/\/vrscb.lt\/pl\/spotkanie-z-dr-barbara-jundo-kaliszewska-w-centralnej-bibliotece-samorzadu-rejonu-wilenskiego\/#primaryimage"},"thumbnailUrl":"https:\/\/vrscb.lt\/wp-content\/uploads\/2024\/11\/Susitikimas-su-istorike-2-1.jpg","articleSection":["Imprezy"],"inLanguage":"pl-PL"},{"@type":"WebPage","@id":"https:\/\/vrscb.lt\/pl\/spotkanie-z-dr-barbara-jundo-kaliszewska-w-centralnej-bibliotece-samorzadu-rejonu-wilenskiego\/","url":"https:\/\/vrscb.lt\/pl\/spotkanie-z-dr-barbara-jundo-kaliszewska-w-centralnej-bibliotece-samorzadu-rejonu-wilenskiego\/","name":"Spotkanie z dr Barbar\u0105 Jundo-Kaliszewsk\u0105 w Centralnej Bibliotece Samorz\u0105du Rejonu Wile\u0144skiego - Vilniaus rajono savivaldyb\u0117s Centrin\u0117 biblioteka","isPartOf":{"@id":"https:\/\/vrscb.lt\/#website"},"primaryImageOfPage":{"@id":"https:\/\/vrscb.lt\/pl\/spotkanie-z-dr-barbara-jundo-kaliszewska-w-centralnej-bibliotece-samorzadu-rejonu-wilenskiego\/#primaryimage"},"image":{"@id":"https:\/\/vrscb.lt\/pl\/spotkanie-z-dr-barbara-jundo-kaliszewska-w-centralnej-bibliotece-samorzadu-rejonu-wilenskiego\/#primaryimage"},"thumbnailUrl":"https:\/\/vrscb.lt\/wp-content\/uploads\/2024\/11\/Susitikimas-su-istorike-2-1.jpg","datePublished":"2024-11-11T09:17:00+00:00","dateModified":"2024-11-11T09:18:17+00:00","breadcrumb":{"@id":"https:\/\/vrscb.lt\/pl\/spotkanie-z-dr-barbara-jundo-kaliszewska-w-centralnej-bibliotece-samorzadu-rejonu-wilenskiego\/#breadcrumb"},"inLanguage":"pl-PL","potentialAction":[{"@type":"ReadAction","target":["https:\/\/vrscb.lt\/pl\/spotkanie-z-dr-barbara-jundo-kaliszewska-w-centralnej-bibliotece-samorzadu-rejonu-wilenskiego\/"]}]},{"@type":"ImageObject","inLanguage":"pl-PL","@id":"https:\/\/vrscb.lt\/pl\/spotkanie-z-dr-barbara-jundo-kaliszewska-w-centralnej-bibliotece-samorzadu-rejonu-wilenskiego\/#primaryimage","url":"https:\/\/vrscb.lt\/wp-content\/uploads\/2024\/11\/Susitikimas-su-istorike-2-1.jpg","contentUrl":"https:\/\/vrscb.lt\/wp-content\/uploads\/2024\/11\/Susitikimas-su-istorike-2-1.jpg","width":1280,"height":853},{"@type":"BreadcrumbList","@id":"https:\/\/vrscb.lt\/pl\/spotkanie-z-dr-barbara-jundo-kaliszewska-w-centralnej-bibliotece-samorzadu-rejonu-wilenskiego\/#breadcrumb","itemListElement":[{"@type":"ListItem","position":1,"name":"Dom","item":"https:\/\/vrscb.lt\/"},{"@type":"ListItem","position":2,"name":"Spotkanie z dr Barbar\u0105 Jundo-Kaliszewsk\u0105 w Centralnej Bibliotece Samorz\u0105du Rejonu Wile\u0144skiego"}]},{"@type":"WebSite","@id":"https:\/\/vrscb.lt\/#website","url":"https:\/\/vrscb.lt\/","name":"Vilniaus rajono savivaldyb\u0117s Centrin\u0117 biblioteka","description":"Vilniaus rajono savivaldyb\u0117s Centrin\u0117 biblioteka kvie\u010dia visus prisijungti prie visuotin\u0117s pilietin\u0117s iniciatyvos \u201eAtmintis gyva, nes liudija\u201c ir u\u017edegti atminimo.","publisher":{"@id":"https:\/\/vrscb.lt\/#organization"},"potentialAction":[{"@type":"SearchAction","target":{"@type":"EntryPoint","urlTemplate":"https:\/\/vrscb.lt\/?s={search_term_string}"},"query-input":{"@type":"PropertyValueSpecification","valueRequired":true,"valueName":"search_term_string"}}],"inLanguage":"pl-PL"},{"@type":"Organization","@id":"https:\/\/vrscb.lt\/#organization","name":"Vilniaus rajono savivaldyb\u0117s Centrin\u0117 biblioteka","url":"https:\/\/vrscb.lt\/","logo":{"@type":"ImageObject","inLanguage":"pl-PL","@id":"https:\/\/vrscb.lt\/#\/schema\/logo\/image\/","url":"https:\/\/vrscb.lt\/wp-content\/uploads\/2021\/02\/LOGO_BIBLIOTEKA_RUDAMINA_2018_02_08-1.png","contentUrl":"https:\/\/vrscb.lt\/wp-content\/uploads\/2021\/02\/LOGO_BIBLIOTEKA_RUDAMINA_2018_02_08-1.png","width":1084,"height":1084,"caption":"Vilniaus rajono savivaldyb\u0117s Centrin\u0117 biblioteka"},"image":{"@id":"https:\/\/vrscb.lt\/#\/schema\/logo\/image\/"}},{"@type":"Person","@id":"https:\/\/vrscb.lt\/#\/schema\/person\/0b84365a98053f509501f91b5be6c097","name":"VRSCB","image":{"@type":"ImageObject","inLanguage":"pl-PL","@id":"https:\/\/secure.gravatar.com\/avatar\/cb8817ba573049eab6d3f0458a0218e93a27995fe49a8323902e053d82443b77?s=96&d=mm&r=g","url":"https:\/\/secure.gravatar.com\/avatar\/cb8817ba573049eab6d3f0458a0218e93a27995fe49a8323902e053d82443b77?s=96&d=mm&r=g","contentUrl":"https:\/\/secure.gravatar.com\/avatar\/cb8817ba573049eab6d3f0458a0218e93a27995fe49a8323902e053d82443b77?s=96&d=mm&r=g","caption":"VRSCB"},"url":"https:\/\/vrscb.lt\/pl\/author\/pavelas\/"}]}},"_links":{"self":[{"href":"https:\/\/vrscb.lt\/pl\/wp-json\/wp\/v2\/posts\/32175","targetHints":{"allow":["GET"]}}],"collection":[{"href":"https:\/\/vrscb.lt\/pl\/wp-json\/wp\/v2\/posts"}],"about":[{"href":"https:\/\/vrscb.lt\/pl\/wp-json\/wp\/v2\/types\/post"}],"author":[{"embeddable":true,"href":"https:\/\/vrscb.lt\/pl\/wp-json\/wp\/v2\/users\/3"}],"replies":[{"embeddable":true,"href":"https:\/\/vrscb.lt\/pl\/wp-json\/wp\/v2\/comments?post=32175"}],"version-history":[{"count":4,"href":"https:\/\/vrscb.lt\/pl\/wp-json\/wp\/v2\/posts\/32175\/revisions"}],"predecessor-version":[{"id":32180,"href":"https:\/\/vrscb.lt\/pl\/wp-json\/wp\/v2\/posts\/32175\/revisions\/32180"}],"wp:featuredmedia":[{"embeddable":true,"href":"https:\/\/vrscb.lt\/pl\/wp-json\/wp\/v2\/media\/32161"}],"wp:attachment":[{"href":"https:\/\/vrscb.lt\/pl\/wp-json\/wp\/v2\/media?parent=32175"}],"wp:term":[{"taxonomy":"category","embeddable":true,"href":"https:\/\/vrscb.lt\/pl\/wp-json\/wp\/v2\/categories?post=32175"},{"taxonomy":"post_tag","embeddable":true,"href":"https:\/\/vrscb.lt\/pl\/wp-json\/wp\/v2\/tags?post=32175"}],"curies":[{"name":"wp","href":"https:\/\/api.w.org\/{rel}","templated":true}]}}