
{"id":32965,"date":"2024-11-27T11:38:58","date_gmt":"2024-11-27T09:38:58","guid":{"rendered":"https:\/\/vrscb.lt\/?p=32965"},"modified":"2024-11-27T11:40:06","modified_gmt":"2024-11-27T09:40:06","slug":"zakonczyl-sie-projekt-zdrowe-zeby-piekny-usmiech","status":"publish","type":"post","link":"https:\/\/vrscb.lt\/pl\/zakonczyl-sie-projekt-zdrowe-zeby-piekny-usmiech\/","title":{"rendered":"Zako\u0144czy\u0142 si\u0119 projekt \u201eZdrowe z\u0119by \u2013 pi\u0119kny u\u015bmiech\u201d"},"content":{"rendered":"\t\t<div data-elementor-type=\"wp-post\" data-elementor-id=\"32965\" class=\"elementor elementor-32965\" data-elementor-post-type=\"post\">\n\t\t\t\t\t\t<section class=\"elementor-section elementor-top-section elementor-element elementor-element-20ca0974 elementor-section-boxed elementor-section-height-default elementor-section-height-default\" data-id=\"20ca0974\" data-element_type=\"section\" data-e-type=\"section\">\n\t\t\t\t\t\t<div class=\"elementor-container elementor-column-gap-default\">\n\t\t\t\t\t<div class=\"elementor-column elementor-col-100 elementor-top-column elementor-element elementor-element-50db78a1\" data-id=\"50db78a1\" data-element_type=\"column\" data-e-type=\"column\">\n\t\t\t<div class=\"elementor-widget-wrap elementor-element-populated\">\n\t\t\t\t\t\t<div class=\"elementor-element elementor-element-57d6ace9 elementor-widget elementor-widget-text-editor\" data-id=\"57d6ace9\" data-element_type=\"widget\" data-e-type=\"widget\" data-widget_type=\"text-editor.default\">\n\t\t\t\t<div class=\"elementor-widget-container\">\n\t\t\t\t\t\t\t\t\t\n<p>22 listopada w Podbrzeziu odby\u0142o si\u0119 ostatnie spotkanie w ramach projektu \u201eZdrowe z\u0119by \u2013 pi\u0119kny u\u015bmiech\u201d, realizowanego przez Centraln\u0105 Bibliotek\u0119 Samorz\u0105du Rejonu Wile\u0144skiego. Projekt by\u0142 skierowany do dzieci w wieku 11\u201313 lat i mia\u0142 na celu promowanie zdrowych nawyk\u00f3w higieny jamy ustnej.<\/p>\n\n\n\n<p>Podczas zaj\u0119\u0107 edukacyjnych dzieci uczestniczy\u0142y w kreatywnych warsztatach przygotowanych i prowadzonych przez aktor\u00f3w teatru \u201eCezario grup\u0117\u201d. Zaj\u0119cia z wykorzystaniem element\u00f3w teatralnych pozwoli\u0142y m\u0142odzie\u017cy lepiej zrozumie\u0107, dlaczego warto dba\u0107 o swoje z\u0119by. Przed rozpocz\u0119ciem i na koniec warsztat\u00f3w, dzieci wype\u0142ni\u0142y ankiety, kt\u00f3re wykaza\u0142y pocz\u0105tkowy poziom wiedzy oraz nowo zdobyte umiej\u0119tno\u015bci.<\/p>\n\n\n\n<p>Zaj\u0119cia w ramach projektu odby\u0142y si\u0119 w Niemie\u017cu, Kowalczukach, Czarnym Borze i Podbrzeziu, gromadz\u0105c dzieci z rodzin w trudnej sytuacji materialnej. Uczestnicy mieli okazj\u0119 nie tylko zdoby\u0107 cenn\u0105 wiedz\u0119, ale tak\u017ce ciekawie i mi\u0142o sp\u0119dzi\u0107 czas w towarzystwie aktor\u00f3w.<\/p>\n\n\n\n<p>Serdecznie dzi\u0119kujemy teatrowi \u201eCezario grup\u0117\u201d za kreatywny program, bibliotekarzom z Filii Centralnej Biblioteki Samorz\u0105du Rejonu Wile\u0144skiego w Kowalczukach, Podbrzeziu, Czarnego Boru i Niemie\u017cu za pomoc w organizacji zaj\u0119\u0107, starostwom w Kowalczukach, Podbrzeziu i Nemie\u017cu oraz Filii Centrum Kultury w Rudominie w Czarnym Borze za wsp\u00f3\u0142prac\u0119. Rado\u015b\u0107, u\u015bmiechy na twarzach dzieci, pozytywne opinie \u015bwiadcz\u0105 o tym, \u017ce projekt okaza\u0142 si\u0119 wielkim sukcesem, by\u0142 niezwykle warto\u015bciowy i wa\u017cny.<\/p>\n\t\t\t\t\t\t\t\t<\/div>\n\t\t\t\t<\/div>\n\t\t\t\t\t<\/div>\n\t\t<\/div>\n\t\t\t\t\t<\/div>\n\t\t<\/section>\n\t\t\t\t<section class=\"elementor-section elementor-top-section elementor-element elementor-element-8a22a29 elementor-section-boxed elementor-section-height-default elementor-section-height-default\" data-id=\"8a22a29\" data-element_type=\"section\" data-e-type=\"section\">\n\t\t\t\t\t\t<div class=\"elementor-container elementor-column-gap-default\">\n\t\t\t\t\t<div class=\"elementor-column elementor-col-100 elementor-top-column elementor-element elementor-element-bf93aea\" data-id=\"bf93aea\" data-element_type=\"column\" data-e-type=\"column\">\n\t\t\t<div class=\"elementor-widget-wrap elementor-element-populated\">\n\t\t\t\t\t\t<div class=\"elementor-element elementor-element-076f5d7 gallery-spacing-custom elementor-widget elementor-widget-image-gallery\" data-id=\"076f5d7\" data-element_type=\"widget\" data-e-type=\"widget\" data-widget_type=\"image-gallery.default\">\n\t\t\t\t<div class=\"elementor-widget-container\">\n\t\t\t\t\t\t\t<div class=\"elementor-image-gallery\">\n\t\t\t<div id='gallery-1' class='gallery galleryid-32965 gallery-columns-5 gallery-size-thumbnail'><figure class='gallery-item'>\n\t\t\t<div class='gallery-icon landscape'>\n\t\t\t\t<a data-elementor-open-lightbox=\"yes\" data-elementor-lightbox-slideshow=\"076f5d7\" data-elementor-lightbox-title=\"Sveiki dantys \u2013 gra\u017ei \u0161ypsena (1)\" data-e-action-hash=\"#elementor-action%3Aaction%3Dlightbox%26settings%3DeyJpZCI6MzI5MDksInVybCI6Imh0dHBzOlwvXC92cnNjYi5sdFwvd3AtY29udGVudFwvdXBsb2Fkc1wvMjAyNFwvMTFcL1N2ZWlraS1kYW50eXMtXHUyMDEzLWdyYXppLXN5cHNlbmEtMS0yLmpwZyIsInNsaWRlc2hvdyI6IjA3NmY1ZDcifQ%3D%3D\" href='https:\/\/vrscb.lt\/wp-content\/uploads\/2024\/11\/Sveiki-dantys-\u2013-grazi-sypsena-1-2.jpg'><img fetchpriority=\"high\" decoding=\"async\" width=\"480\" height=\"270\" src=\"https:\/\/vrscb.lt\/wp-content\/uploads\/2024\/11\/Sveiki-dantys-\u2013-grazi-sypsena-1-2-480x270.jpg\" class=\"attachment-thumbnail size-thumbnail\" alt=\"\" \/><\/a>\n\t\t\t<\/div><\/figure><figure class='gallery-item'>\n\t\t\t<div class='gallery-icon portrait'>\n\t\t\t\t<a data-elementor-open-lightbox=\"yes\" data-elementor-lightbox-slideshow=\"076f5d7\" data-elementor-lightbox-title=\"Sveiki dantys \u2013 gra\u017ei \u0161ypsena (2)\" data-e-action-hash=\"#elementor-action%3Aaction%3Dlightbox%26settings%3DeyJpZCI6MzI5MTEsInVybCI6Imh0dHBzOlwvXC92cnNjYi5sdFwvd3AtY29udGVudFwvdXBsb2Fkc1wvMjAyNFwvMTFcL1N2ZWlraS1kYW50eXMtXHUyMDEzLWdyYXppLXN5cHNlbmEtMi0yLXJvdGF0ZWQuanBnIiwic2xpZGVzaG93IjoiMDc2ZjVkNyJ9\" href='https:\/\/vrscb.lt\/wp-content\/uploads\/2024\/11\/Sveiki-dantys-\u2013-grazi-sypsena-2-2-rotated.jpg'><img decoding=\"async\" width=\"480\" height=\"270\" src=\"https:\/\/vrscb.lt\/wp-content\/uploads\/2024\/11\/Sveiki-dantys-\u2013-grazi-sypsena-2-2-480x270.jpg\" class=\"attachment-thumbnail size-thumbnail\" alt=\"\" \/><\/a>\n\t\t\t<\/div><\/figure><figure class='gallery-item'>\n\t\t\t<div class='gallery-icon portrait'>\n\t\t\t\t<a data-elementor-open-lightbox=\"yes\" data-elementor-lightbox-slideshow=\"076f5d7\" data-elementor-lightbox-title=\"Sveiki dantys \u2013 gra\u017ei \u0161ypsena (3)\" data-e-action-hash=\"#elementor-action%3Aaction%3Dlightbox%26settings%3DeyJpZCI6MzI5MTMsInVybCI6Imh0dHBzOlwvXC92cnNjYi5sdFwvd3AtY29udGVudFwvdXBsb2Fkc1wvMjAyNFwvMTFcL1N2ZWlraS1kYW50eXMtXHUyMDEzLWdyYXppLXN5cHNlbmEtMy0yLXJvdGF0ZWQuanBnIiwic2xpZGVzaG93IjoiMDc2ZjVkNyJ9\" href='https:\/\/vrscb.lt\/wp-content\/uploads\/2024\/11\/Sveiki-dantys-\u2013-grazi-sypsena-3-2-rotated.jpg'><img decoding=\"async\" width=\"480\" height=\"270\" src=\"https:\/\/vrscb.lt\/wp-content\/uploads\/2024\/11\/Sveiki-dantys-\u2013-grazi-sypsena-3-2-480x270.jpg\" class=\"attachment-thumbnail size-thumbnail\" alt=\"\" \/><\/a>\n\t\t\t<\/div><\/figure><figure class='gallery-item'>\n\t\t\t<div class='gallery-icon portrait'>\n\t\t\t\t<a data-elementor-open-lightbox=\"yes\" data-elementor-lightbox-slideshow=\"076f5d7\" data-elementor-lightbox-title=\"Sveiki dantys \u2013 gra\u017ei \u0161ypsena (4)\" data-e-action-hash=\"#elementor-action%3Aaction%3Dlightbox%26settings%3DeyJpZCI6MzI5MTUsInVybCI6Imh0dHBzOlwvXC92cnNjYi5sdFwvd3AtY29udGVudFwvdXBsb2Fkc1wvMjAyNFwvMTFcL1N2ZWlraS1kYW50eXMtXHUyMDEzLWdyYXppLXN5cHNlbmEtNC0yLXJvdGF0ZWQuanBnIiwic2xpZGVzaG93IjoiMDc2ZjVkNyJ9\" href='https:\/\/vrscb.lt\/wp-content\/uploads\/2024\/11\/Sveiki-dantys-\u2013-grazi-sypsena-4-2-rotated.jpg'><img loading=\"lazy\" decoding=\"async\" width=\"480\" height=\"270\" src=\"https:\/\/vrscb.lt\/wp-content\/uploads\/2024\/11\/Sveiki-dantys-\u2013-grazi-sypsena-4-2-480x270.jpg\" class=\"attachment-thumbnail size-thumbnail\" alt=\"\" \/><\/a>\n\t\t\t<\/div><\/figure><figure class='gallery-item'>\n\t\t\t<div class='gallery-icon landscape'>\n\t\t\t\t<a data-elementor-open-lightbox=\"yes\" data-elementor-lightbox-slideshow=\"076f5d7\" data-elementor-lightbox-title=\"Sveiki dantys \u2013 gra\u017ei \u0161ypsena (5)\" data-e-action-hash=\"#elementor-action%3Aaction%3Dlightbox%26settings%3DeyJpZCI6MzI5MTcsInVybCI6Imh0dHBzOlwvXC92cnNjYi5sdFwvd3AtY29udGVudFwvdXBsb2Fkc1wvMjAyNFwvMTFcL1N2ZWlraS1kYW50eXMtXHUyMDEzLWdyYXppLXN5cHNlbmEtNS0yLmpwZyIsInNsaWRlc2hvdyI6IjA3NmY1ZDcifQ%3D%3D\" href='https:\/\/vrscb.lt\/wp-content\/uploads\/2024\/11\/Sveiki-dantys-\u2013-grazi-sypsena-5-2.jpg'><img loading=\"lazy\" decoding=\"async\" width=\"480\" height=\"270\" src=\"https:\/\/vrscb.lt\/wp-content\/uploads\/2024\/11\/Sveiki-dantys-\u2013-grazi-sypsena-5-2-480x270.jpg\" class=\"attachment-thumbnail size-thumbnail\" alt=\"\" \/><\/a>\n\t\t\t<\/div><\/figure><figure class='gallery-item'>\n\t\t\t<div class='gallery-icon landscape'>\n\t\t\t\t<a data-elementor-open-lightbox=\"yes\" data-elementor-lightbox-slideshow=\"076f5d7\" data-elementor-lightbox-title=\"Sveiki dantys \u2013 gra\u017ei \u0161ypsena (6)\" data-e-action-hash=\"#elementor-action%3Aaction%3Dlightbox%26settings%3DeyJpZCI6MzI5MTksInVybCI6Imh0dHBzOlwvXC92cnNjYi5sdFwvd3AtY29udGVudFwvdXBsb2Fkc1wvMjAyNFwvMTFcL1N2ZWlraS1kYW50eXMtXHUyMDEzLWdyYXppLXN5cHNlbmEtNi0yLmpwZyIsInNsaWRlc2hvdyI6IjA3NmY1ZDcifQ%3D%3D\" href='https:\/\/vrscb.lt\/wp-content\/uploads\/2024\/11\/Sveiki-dantys-\u2013-grazi-sypsena-6-2.jpg'><img loading=\"lazy\" decoding=\"async\" width=\"480\" height=\"270\" src=\"https:\/\/vrscb.lt\/wp-content\/uploads\/2024\/11\/Sveiki-dantys-\u2013-grazi-sypsena-6-2-480x270.jpg\" class=\"attachment-thumbnail size-thumbnail\" alt=\"\" \/><\/a>\n\t\t\t<\/div><\/figure><figure class='gallery-item'>\n\t\t\t<div class='gallery-icon landscape'>\n\t\t\t\t<a data-elementor-open-lightbox=\"yes\" data-elementor-lightbox-slideshow=\"076f5d7\" data-elementor-lightbox-title=\"Sveiki dantys \u2013 gra\u017ei \u0161ypsena (8)\" data-e-action-hash=\"#elementor-action%3Aaction%3Dlightbox%26settings%3DeyJpZCI6MzI5MjEsInVybCI6Imh0dHBzOlwvXC92cnNjYi5sdFwvd3AtY29udGVudFwvdXBsb2Fkc1wvMjAyNFwvMTFcL1N2ZWlraS1kYW50eXMtXHUyMDEzLWdyYXppLXN5cHNlbmEtOC0yLmpwZyIsInNsaWRlc2hvdyI6IjA3NmY1ZDcifQ%3D%3D\" href='https:\/\/vrscb.lt\/wp-content\/uploads\/2024\/11\/Sveiki-dantys-\u2013-grazi-sypsena-8-2.jpg'><img loading=\"lazy\" decoding=\"async\" width=\"480\" height=\"270\" src=\"https:\/\/vrscb.lt\/wp-content\/uploads\/2024\/11\/Sveiki-dantys-\u2013-grazi-sypsena-8-2-480x270.jpg\" class=\"attachment-thumbnail size-thumbnail\" alt=\"\" \/><\/a>\n\t\t\t<\/div><\/figure><figure class='gallery-item'>\n\t\t\t<div class='gallery-icon landscape'>\n\t\t\t\t<a data-elementor-open-lightbox=\"yes\" data-elementor-lightbox-slideshow=\"076f5d7\" data-elementor-lightbox-title=\"Sveiki dantys \u2013 gra\u017ei \u0161ypsena (9)\" data-e-action-hash=\"#elementor-action%3Aaction%3Dlightbox%26settings%3DeyJpZCI6MzI5MjMsInVybCI6Imh0dHBzOlwvXC92cnNjYi5sdFwvd3AtY29udGVudFwvdXBsb2Fkc1wvMjAyNFwvMTFcL1N2ZWlraS1kYW50eXMtXHUyMDEzLWdyYXppLXN5cHNlbmEtOS0xLmpwZyIsInNsaWRlc2hvdyI6IjA3NmY1ZDcifQ%3D%3D\" href='https:\/\/vrscb.lt\/wp-content\/uploads\/2024\/11\/Sveiki-dantys-\u2013-grazi-sypsena-9-1.jpg'><img loading=\"lazy\" decoding=\"async\" width=\"480\" height=\"270\" src=\"https:\/\/vrscb.lt\/wp-content\/uploads\/2024\/11\/Sveiki-dantys-\u2013-grazi-sypsena-9-1-480x270.jpg\" class=\"attachment-thumbnail size-thumbnail\" alt=\"\" \/><\/a>\n\t\t\t<\/div><\/figure><figure class='gallery-item'>\n\t\t\t<div class='gallery-icon landscape'>\n\t\t\t\t<a data-elementor-open-lightbox=\"yes\" data-elementor-lightbox-slideshow=\"076f5d7\" data-elementor-lightbox-title=\"Sveiki dantys \u2013 gra\u017ei \u0161ypsena (10)\" data-e-action-hash=\"#elementor-action%3Aaction%3Dlightbox%26settings%3DeyJpZCI6MzI5MjUsInVybCI6Imh0dHBzOlwvXC92cnNjYi5sdFwvd3AtY29udGVudFwvdXBsb2Fkc1wvMjAyNFwvMTFcL1N2ZWlraS1kYW50eXMtXHUyMDEzLWdyYXppLXN5cHNlbmEtMTAtMS5qcGciLCJzbGlkZXNob3ciOiIwNzZmNWQ3In0%3D\" href='https:\/\/vrscb.lt\/wp-content\/uploads\/2024\/11\/Sveiki-dantys-\u2013-grazi-sypsena-10-1.jpg'><img loading=\"lazy\" decoding=\"async\" width=\"480\" height=\"270\" src=\"https:\/\/vrscb.lt\/wp-content\/uploads\/2024\/11\/Sveiki-dantys-\u2013-grazi-sypsena-10-1-480x270.jpg\" class=\"attachment-thumbnail size-thumbnail\" alt=\"\" \/><\/a>\n\t\t\t<\/div><\/figure><figure class='gallery-item'>\n\t\t\t<div class='gallery-icon landscape'>\n\t\t\t\t<a data-elementor-open-lightbox=\"yes\" data-elementor-lightbox-slideshow=\"076f5d7\" data-elementor-lightbox-title=\"Sveiki dantys \u2013 gra\u017ei \u0161ypsena (11)\" data-e-action-hash=\"#elementor-action%3Aaction%3Dlightbox%26settings%3DeyJpZCI6MzI5MjcsInVybCI6Imh0dHBzOlwvXC92cnNjYi5sdFwvd3AtY29udGVudFwvdXBsb2Fkc1wvMjAyNFwvMTFcL1N2ZWlraS1kYW50eXMtXHUyMDEzLWdyYXppLXN5cHNlbmEtMTEtMS5qcGciLCJzbGlkZXNob3ciOiIwNzZmNWQ3In0%3D\" href='https:\/\/vrscb.lt\/wp-content\/uploads\/2024\/11\/Sveiki-dantys-\u2013-grazi-sypsena-11-1.jpg'><img loading=\"lazy\" decoding=\"async\" width=\"480\" height=\"270\" src=\"https:\/\/vrscb.lt\/wp-content\/uploads\/2024\/11\/Sveiki-dantys-\u2013-grazi-sypsena-11-1-480x270.jpg\" class=\"attachment-thumbnail size-thumbnail\" alt=\"\" \/><\/a>\n\t\t\t<\/div><\/figure>\n\t\t<\/div>\n\t\t<\/div>\n\t\t\t\t\t\t<\/div>\n\t\t\t\t<\/div>\n\t\t\t\t\t<\/div>\n\t\t<\/div>\n\t\t\t\t\t<\/div>\n\t\t<\/section>\n\t\t\t\t<\/div>\n\t\t","protected":false},"excerpt":{"rendered":"<div class=\"entry-summary\">\n22 listopada w Podbrzeziu odby\u0142o si\u0119 ostatnie spotkanie w ramach projektu \u201eZdrowe z\u0119by \u2013 pi\u0119kny u\u015bmiech\u201d, realizowanego przez Centraln\u0105 Bibliotek\u0119 Samorz\u0105du Rejonu Wile\u0144skiego. Projekt by\u0142 skierowany do dzieci w wieku 11\u201313 lat i mia\u0142 na celu promowanie zdrowych nawyk\u00f3w higieny&hellip;\n<\/div>\n<div class=\"link-more\"><a href=\"https:\/\/vrscb.lt\/pl\/zakonczyl-sie-projekt-zdrowe-zeby-piekny-usmiech\/\" class=\"more-link\">Czytaj wi\u0119cej<span class=\"screen-reader-text\"> &ldquo;Zako\u0144czy\u0142 si\u0119 projekt \u201eZdrowe z\u0119by \u2013 pi\u0119kny u\u015bmiech\u201d&rdquo;<\/span>\u2026<\/a><\/div>\n","protected":false},"author":3,"featured_media":32919,"comment_status":"closed","ping_status":"closed","sticky":false,"template":"","format":"standard","meta":{"_acf_changed":false,"footnotes":""},"categories":[96],"tags":[],"class_list":["post-32965","post","type-post","status-publish","format-standard","has-post-thumbnail","hentry","category-imprezy","entry"],"acf":[],"yoast_head":"<!-- This site is optimized with the Yoast SEO plugin v27.5 - https:\/\/yoast.com\/product\/yoast-seo-wordpress\/ -->\n<title>Zako\u0144czy\u0142 si\u0119 projekt \u201eZdrowe z\u0119by \u2013 pi\u0119kny u\u015bmiech\u201d - Vilniaus rajono savivaldyb\u0117s Centrin\u0117 biblioteka<\/title>\n<meta name=\"robots\" content=\"index, follow, max-snippet:-1, max-image-preview:large, max-video-preview:-1\" \/>\n<link rel=\"canonical\" href=\"https:\/\/vrscb.lt\/pl\/zakonczyl-sie-projekt-zdrowe-zeby-piekny-usmiech\/\" \/>\n<meta property=\"og:locale\" content=\"pl_PL\" \/>\n<meta property=\"og:type\" content=\"article\" \/>\n<meta property=\"og:title\" content=\"Zako\u0144czy\u0142 si\u0119 projekt \u201eZdrowe z\u0119by \u2013 pi\u0119kny u\u015bmiech\u201d - Vilniaus rajono savivaldyb\u0117s Centrin\u0117 biblioteka\" \/>\n<meta property=\"og:description\" content=\"22 listopada w Podbrzeziu odby\u0142o si\u0119 ostatnie spotkanie w ramach projektu \u201eZdrowe z\u0119by \u2013 pi\u0119kny u\u015bmiech\u201d, realizowanego przez Centraln\u0105 Bibliotek\u0119 Samorz\u0105du Rejonu Wile\u0144skiego. Projekt by\u0142 skierowany do dzieci w wieku 11\u201313 lat i mia\u0142 na celu promowanie zdrowych nawyk\u00f3w higieny&hellip; Czytaj wi\u0119cej &ldquo;Zako\u0144czy\u0142 si\u0119 projekt \u201eZdrowe z\u0119by \u2013 pi\u0119kny u\u015bmiech\u201d&rdquo;\u2026\" \/>\n<meta property=\"og:url\" content=\"https:\/\/vrscb.lt\/pl\/zakonczyl-sie-projekt-zdrowe-zeby-piekny-usmiech\/\" \/>\n<meta property=\"og:site_name\" content=\"Vilniaus rajono savivaldyb\u0117s Centrin\u0117 biblioteka\" \/>\n<meta property=\"article:published_time\" content=\"2024-11-27T09:38:58+00:00\" \/>\n<meta property=\"article:modified_time\" content=\"2024-11-27T09:40:06+00:00\" \/>\n<meta property=\"og:image\" content=\"https:\/\/vrscb.lt\/wp-content\/uploads\/2024\/11\/Sveiki-dantys-\u2013-grazi-sypsena-6-2.jpg\" \/>\n\t<meta property=\"og:image:width\" content=\"1280\" \/>\n\t<meta property=\"og:image:height\" content=\"853\" \/>\n\t<meta property=\"og:image:type\" content=\"image\/jpeg\" \/>\n<meta name=\"author\" content=\"VRSCB\" \/>\n<meta name=\"twitter:card\" content=\"summary_large_image\" \/>\n<meta name=\"twitter:label1\" content=\"Napisane przez\" \/>\n\t<meta name=\"twitter:data1\" content=\"VRSCB\" \/>\n\t<meta name=\"twitter:label2\" content=\"Szacowany czas czytania\" \/>\n\t<meta name=\"twitter:data2\" content=\"4 minuty\" \/>\n<script type=\"application\/ld+json\" class=\"yoast-schema-graph\">{\"@context\":\"https:\\\/\\\/schema.org\",\"@graph\":[{\"@type\":\"Article\",\"@id\":\"https:\\\/\\\/vrscb.lt\\\/pl\\\/zakonczyl-sie-projekt-zdrowe-zeby-piekny-usmiech\\\/#article\",\"isPartOf\":{\"@id\":\"https:\\\/\\\/vrscb.lt\\\/pl\\\/zakonczyl-sie-projekt-zdrowe-zeby-piekny-usmiech\\\/\"},\"author\":{\"name\":\"VRSCB\",\"@id\":\"https:\\\/\\\/vrscb.lt\\\/#\\\/schema\\\/person\\\/0b84365a98053f509501f91b5be6c097\"},\"headline\":\"Zako\u0144czy\u0142 si\u0119 projekt \u201eZdrowe z\u0119by \u2013 pi\u0119kny u\u015bmiech\u201d\",\"datePublished\":\"2024-11-27T09:38:58+00:00\",\"dateModified\":\"2024-11-27T09:40:06+00:00\",\"mainEntityOfPage\":{\"@id\":\"https:\\\/\\\/vrscb.lt\\\/pl\\\/zakonczyl-sie-projekt-zdrowe-zeby-piekny-usmiech\\\/\"},\"wordCount\":245,\"publisher\":{\"@id\":\"https:\\\/\\\/vrscb.lt\\\/#organization\"},\"image\":{\"@id\":\"https:\\\/\\\/vrscb.lt\\\/pl\\\/zakonczyl-sie-projekt-zdrowe-zeby-piekny-usmiech\\\/#primaryimage\"},\"thumbnailUrl\":\"https:\\\/\\\/vrscb.lt\\\/wp-content\\\/uploads\\\/2024\\\/11\\\/Sveiki-dantys-\u2013-grazi-sypsena-6-2.jpg\",\"articleSection\":[\"Imprezy\"],\"inLanguage\":\"pl-PL\"},{\"@type\":\"WebPage\",\"@id\":\"https:\\\/\\\/vrscb.lt\\\/pl\\\/zakonczyl-sie-projekt-zdrowe-zeby-piekny-usmiech\\\/\",\"url\":\"https:\\\/\\\/vrscb.lt\\\/pl\\\/zakonczyl-sie-projekt-zdrowe-zeby-piekny-usmiech\\\/\",\"name\":\"Zako\u0144czy\u0142 si\u0119 projekt \u201eZdrowe z\u0119by \u2013 pi\u0119kny u\u015bmiech\u201d - Vilniaus rajono savivaldyb\u0117s Centrin\u0117 biblioteka\",\"isPartOf\":{\"@id\":\"https:\\\/\\\/vrscb.lt\\\/#website\"},\"primaryImageOfPage\":{\"@id\":\"https:\\\/\\\/vrscb.lt\\\/pl\\\/zakonczyl-sie-projekt-zdrowe-zeby-piekny-usmiech\\\/#primaryimage\"},\"image\":{\"@id\":\"https:\\\/\\\/vrscb.lt\\\/pl\\\/zakonczyl-sie-projekt-zdrowe-zeby-piekny-usmiech\\\/#primaryimage\"},\"thumbnailUrl\":\"https:\\\/\\\/vrscb.lt\\\/wp-content\\\/uploads\\\/2024\\\/11\\\/Sveiki-dantys-\u2013-grazi-sypsena-6-2.jpg\",\"datePublished\":\"2024-11-27T09:38:58+00:00\",\"dateModified\":\"2024-11-27T09:40:06+00:00\",\"breadcrumb\":{\"@id\":\"https:\\\/\\\/vrscb.lt\\\/pl\\\/zakonczyl-sie-projekt-zdrowe-zeby-piekny-usmiech\\\/#breadcrumb\"},\"inLanguage\":\"pl-PL\",\"potentialAction\":[{\"@type\":\"ReadAction\",\"target\":[\"https:\\\/\\\/vrscb.lt\\\/pl\\\/zakonczyl-sie-projekt-zdrowe-zeby-piekny-usmiech\\\/\"]}]},{\"@type\":\"ImageObject\",\"inLanguage\":\"pl-PL\",\"@id\":\"https:\\\/\\\/vrscb.lt\\\/pl\\\/zakonczyl-sie-projekt-zdrowe-zeby-piekny-usmiech\\\/#primaryimage\",\"url\":\"https:\\\/\\\/vrscb.lt\\\/wp-content\\\/uploads\\\/2024\\\/11\\\/Sveiki-dantys-\u2013-grazi-sypsena-6-2.jpg\",\"contentUrl\":\"https:\\\/\\\/vrscb.lt\\\/wp-content\\\/uploads\\\/2024\\\/11\\\/Sveiki-dantys-\u2013-grazi-sypsena-6-2.jpg\",\"width\":1280,\"height\":853},{\"@type\":\"BreadcrumbList\",\"@id\":\"https:\\\/\\\/vrscb.lt\\\/pl\\\/zakonczyl-sie-projekt-zdrowe-zeby-piekny-usmiech\\\/#breadcrumb\",\"itemListElement\":[{\"@type\":\"ListItem\",\"position\":1,\"name\":\"Dom\",\"item\":\"https:\\\/\\\/vrscb.lt\\\/\"},{\"@type\":\"ListItem\",\"position\":2,\"name\":\"Zako\u0144czy\u0142 si\u0119 projekt \u201eZdrowe z\u0119by \u2013 pi\u0119kny u\u015bmiech\u201d\"}]},{\"@type\":\"WebSite\",\"@id\":\"https:\\\/\\\/vrscb.lt\\\/#website\",\"url\":\"https:\\\/\\\/vrscb.lt\\\/\",\"name\":\"Vilniaus rajono savivaldyb\u0117s Centrin\u0117 biblioteka\",\"description\":\"Vilniaus rajono savivaldyb\u0117s Centrin\u0117 biblioteka kvie\u010dia visus prisijungti prie visuotin\u0117s pilietin\u0117s iniciatyvos \u201eAtmintis gyva, nes liudija\u201c ir u\u017edegti atminimo.\",\"publisher\":{\"@id\":\"https:\\\/\\\/vrscb.lt\\\/#organization\"},\"potentialAction\":[{\"@type\":\"SearchAction\",\"target\":{\"@type\":\"EntryPoint\",\"urlTemplate\":\"https:\\\/\\\/vrscb.lt\\\/?s={search_term_string}\"},\"query-input\":{\"@type\":\"PropertyValueSpecification\",\"valueRequired\":true,\"valueName\":\"search_term_string\"}}],\"inLanguage\":\"pl-PL\"},{\"@type\":\"Organization\",\"@id\":\"https:\\\/\\\/vrscb.lt\\\/#organization\",\"name\":\"Vilniaus rajono savivaldyb\u0117s Centrin\u0117 biblioteka\",\"url\":\"https:\\\/\\\/vrscb.lt\\\/\",\"logo\":{\"@type\":\"ImageObject\",\"inLanguage\":\"pl-PL\",\"@id\":\"https:\\\/\\\/vrscb.lt\\\/#\\\/schema\\\/logo\\\/image\\\/\",\"url\":\"https:\\\/\\\/vrscb.lt\\\/wp-content\\\/uploads\\\/2021\\\/02\\\/LOGO_BIBLIOTEKA_RUDAMINA_2018_02_08-1.png\",\"contentUrl\":\"https:\\\/\\\/vrscb.lt\\\/wp-content\\\/uploads\\\/2021\\\/02\\\/LOGO_BIBLIOTEKA_RUDAMINA_2018_02_08-1.png\",\"width\":1084,\"height\":1084,\"caption\":\"Vilniaus rajono savivaldyb\u0117s Centrin\u0117 biblioteka\"},\"image\":{\"@id\":\"https:\\\/\\\/vrscb.lt\\\/#\\\/schema\\\/logo\\\/image\\\/\"}},{\"@type\":\"Person\",\"@id\":\"https:\\\/\\\/vrscb.lt\\\/#\\\/schema\\\/person\\\/0b84365a98053f509501f91b5be6c097\",\"name\":\"VRSCB\",\"image\":{\"@type\":\"ImageObject\",\"inLanguage\":\"pl-PL\",\"@id\":\"https:\\\/\\\/secure.gravatar.com\\\/avatar\\\/cb8817ba573049eab6d3f0458a0218e93a27995fe49a8323902e053d82443b77?s=96&d=mm&r=g\",\"url\":\"https:\\\/\\\/secure.gravatar.com\\\/avatar\\\/cb8817ba573049eab6d3f0458a0218e93a27995fe49a8323902e053d82443b77?s=96&d=mm&r=g\",\"contentUrl\":\"https:\\\/\\\/secure.gravatar.com\\\/avatar\\\/cb8817ba573049eab6d3f0458a0218e93a27995fe49a8323902e053d82443b77?s=96&d=mm&r=g\",\"caption\":\"VRSCB\"},\"url\":\"https:\\\/\\\/vrscb.lt\\\/pl\\\/author\\\/pavelas\\\/\"}]}<\/script>\n<!-- \/ Yoast SEO plugin. -->","yoast_head_json":{"title":"Zako\u0144czy\u0142 si\u0119 projekt \u201eZdrowe z\u0119by \u2013 pi\u0119kny u\u015bmiech\u201d - Vilniaus rajono savivaldyb\u0117s Centrin\u0117 biblioteka","robots":{"index":"index","follow":"follow","max-snippet":"max-snippet:-1","max-image-preview":"max-image-preview:large","max-video-preview":"max-video-preview:-1"},"canonical":"https:\/\/vrscb.lt\/pl\/zakonczyl-sie-projekt-zdrowe-zeby-piekny-usmiech\/","og_locale":"pl_PL","og_type":"article","og_title":"Zako\u0144czy\u0142 si\u0119 projekt \u201eZdrowe z\u0119by \u2013 pi\u0119kny u\u015bmiech\u201d - Vilniaus rajono savivaldyb\u0117s Centrin\u0117 biblioteka","og_description":"22 listopada w Podbrzeziu odby\u0142o si\u0119 ostatnie spotkanie w ramach projektu \u201eZdrowe z\u0119by \u2013 pi\u0119kny u\u015bmiech\u201d, realizowanego przez Centraln\u0105 Bibliotek\u0119 Samorz\u0105du Rejonu Wile\u0144skiego. Projekt by\u0142 skierowany do dzieci w wieku 11\u201313 lat i mia\u0142 na celu promowanie zdrowych nawyk\u00f3w higieny&hellip; Czytaj wi\u0119cej &ldquo;Zako\u0144czy\u0142 si\u0119 projekt \u201eZdrowe z\u0119by \u2013 pi\u0119kny u\u015bmiech\u201d&rdquo;\u2026","og_url":"https:\/\/vrscb.lt\/pl\/zakonczyl-sie-projekt-zdrowe-zeby-piekny-usmiech\/","og_site_name":"Vilniaus rajono savivaldyb\u0117s Centrin\u0117 biblioteka","article_published_time":"2024-11-27T09:38:58+00:00","article_modified_time":"2024-11-27T09:40:06+00:00","og_image":[{"width":1280,"height":853,"url":"https:\/\/vrscb.lt\/wp-content\/uploads\/2024\/11\/Sveiki-dantys-\u2013-grazi-sypsena-6-2.jpg","type":"image\/jpeg"}],"author":"VRSCB","twitter_card":"summary_large_image","twitter_misc":{"Napisane przez":"VRSCB","Szacowany czas czytania":"4 minuty"},"schema":{"@context":"https:\/\/schema.org","@graph":[{"@type":"Article","@id":"https:\/\/vrscb.lt\/pl\/zakonczyl-sie-projekt-zdrowe-zeby-piekny-usmiech\/#article","isPartOf":{"@id":"https:\/\/vrscb.lt\/pl\/zakonczyl-sie-projekt-zdrowe-zeby-piekny-usmiech\/"},"author":{"name":"VRSCB","@id":"https:\/\/vrscb.lt\/#\/schema\/person\/0b84365a98053f509501f91b5be6c097"},"headline":"Zako\u0144czy\u0142 si\u0119 projekt \u201eZdrowe z\u0119by \u2013 pi\u0119kny u\u015bmiech\u201d","datePublished":"2024-11-27T09:38:58+00:00","dateModified":"2024-11-27T09:40:06+00:00","mainEntityOfPage":{"@id":"https:\/\/vrscb.lt\/pl\/zakonczyl-sie-projekt-zdrowe-zeby-piekny-usmiech\/"},"wordCount":245,"publisher":{"@id":"https:\/\/vrscb.lt\/#organization"},"image":{"@id":"https:\/\/vrscb.lt\/pl\/zakonczyl-sie-projekt-zdrowe-zeby-piekny-usmiech\/#primaryimage"},"thumbnailUrl":"https:\/\/vrscb.lt\/wp-content\/uploads\/2024\/11\/Sveiki-dantys-\u2013-grazi-sypsena-6-2.jpg","articleSection":["Imprezy"],"inLanguage":"pl-PL"},{"@type":"WebPage","@id":"https:\/\/vrscb.lt\/pl\/zakonczyl-sie-projekt-zdrowe-zeby-piekny-usmiech\/","url":"https:\/\/vrscb.lt\/pl\/zakonczyl-sie-projekt-zdrowe-zeby-piekny-usmiech\/","name":"Zako\u0144czy\u0142 si\u0119 projekt \u201eZdrowe z\u0119by \u2013 pi\u0119kny u\u015bmiech\u201d - Vilniaus rajono savivaldyb\u0117s Centrin\u0117 biblioteka","isPartOf":{"@id":"https:\/\/vrscb.lt\/#website"},"primaryImageOfPage":{"@id":"https:\/\/vrscb.lt\/pl\/zakonczyl-sie-projekt-zdrowe-zeby-piekny-usmiech\/#primaryimage"},"image":{"@id":"https:\/\/vrscb.lt\/pl\/zakonczyl-sie-projekt-zdrowe-zeby-piekny-usmiech\/#primaryimage"},"thumbnailUrl":"https:\/\/vrscb.lt\/wp-content\/uploads\/2024\/11\/Sveiki-dantys-\u2013-grazi-sypsena-6-2.jpg","datePublished":"2024-11-27T09:38:58+00:00","dateModified":"2024-11-27T09:40:06+00:00","breadcrumb":{"@id":"https:\/\/vrscb.lt\/pl\/zakonczyl-sie-projekt-zdrowe-zeby-piekny-usmiech\/#breadcrumb"},"inLanguage":"pl-PL","potentialAction":[{"@type":"ReadAction","target":["https:\/\/vrscb.lt\/pl\/zakonczyl-sie-projekt-zdrowe-zeby-piekny-usmiech\/"]}]},{"@type":"ImageObject","inLanguage":"pl-PL","@id":"https:\/\/vrscb.lt\/pl\/zakonczyl-sie-projekt-zdrowe-zeby-piekny-usmiech\/#primaryimage","url":"https:\/\/vrscb.lt\/wp-content\/uploads\/2024\/11\/Sveiki-dantys-\u2013-grazi-sypsena-6-2.jpg","contentUrl":"https:\/\/vrscb.lt\/wp-content\/uploads\/2024\/11\/Sveiki-dantys-\u2013-grazi-sypsena-6-2.jpg","width":1280,"height":853},{"@type":"BreadcrumbList","@id":"https:\/\/vrscb.lt\/pl\/zakonczyl-sie-projekt-zdrowe-zeby-piekny-usmiech\/#breadcrumb","itemListElement":[{"@type":"ListItem","position":1,"name":"Dom","item":"https:\/\/vrscb.lt\/"},{"@type":"ListItem","position":2,"name":"Zako\u0144czy\u0142 si\u0119 projekt \u201eZdrowe z\u0119by \u2013 pi\u0119kny u\u015bmiech\u201d"}]},{"@type":"WebSite","@id":"https:\/\/vrscb.lt\/#website","url":"https:\/\/vrscb.lt\/","name":"Vilniaus rajono savivaldyb\u0117s Centrin\u0117 biblioteka","description":"Vilniaus rajono savivaldyb\u0117s Centrin\u0117 biblioteka kvie\u010dia visus prisijungti prie visuotin\u0117s pilietin\u0117s iniciatyvos \u201eAtmintis gyva, nes liudija\u201c ir u\u017edegti atminimo.","publisher":{"@id":"https:\/\/vrscb.lt\/#organization"},"potentialAction":[{"@type":"SearchAction","target":{"@type":"EntryPoint","urlTemplate":"https:\/\/vrscb.lt\/?s={search_term_string}"},"query-input":{"@type":"PropertyValueSpecification","valueRequired":true,"valueName":"search_term_string"}}],"inLanguage":"pl-PL"},{"@type":"Organization","@id":"https:\/\/vrscb.lt\/#organization","name":"Vilniaus rajono savivaldyb\u0117s Centrin\u0117 biblioteka","url":"https:\/\/vrscb.lt\/","logo":{"@type":"ImageObject","inLanguage":"pl-PL","@id":"https:\/\/vrscb.lt\/#\/schema\/logo\/image\/","url":"https:\/\/vrscb.lt\/wp-content\/uploads\/2021\/02\/LOGO_BIBLIOTEKA_RUDAMINA_2018_02_08-1.png","contentUrl":"https:\/\/vrscb.lt\/wp-content\/uploads\/2021\/02\/LOGO_BIBLIOTEKA_RUDAMINA_2018_02_08-1.png","width":1084,"height":1084,"caption":"Vilniaus rajono savivaldyb\u0117s Centrin\u0117 biblioteka"},"image":{"@id":"https:\/\/vrscb.lt\/#\/schema\/logo\/image\/"}},{"@type":"Person","@id":"https:\/\/vrscb.lt\/#\/schema\/person\/0b84365a98053f509501f91b5be6c097","name":"VRSCB","image":{"@type":"ImageObject","inLanguage":"pl-PL","@id":"https:\/\/secure.gravatar.com\/avatar\/cb8817ba573049eab6d3f0458a0218e93a27995fe49a8323902e053d82443b77?s=96&d=mm&r=g","url":"https:\/\/secure.gravatar.com\/avatar\/cb8817ba573049eab6d3f0458a0218e93a27995fe49a8323902e053d82443b77?s=96&d=mm&r=g","contentUrl":"https:\/\/secure.gravatar.com\/avatar\/cb8817ba573049eab6d3f0458a0218e93a27995fe49a8323902e053d82443b77?s=96&d=mm&r=g","caption":"VRSCB"},"url":"https:\/\/vrscb.lt\/pl\/author\/pavelas\/"}]}},"_links":{"self":[{"href":"https:\/\/vrscb.lt\/pl\/wp-json\/wp\/v2\/posts\/32965","targetHints":{"allow":["GET"]}}],"collection":[{"href":"https:\/\/vrscb.lt\/pl\/wp-json\/wp\/v2\/posts"}],"about":[{"href":"https:\/\/vrscb.lt\/pl\/wp-json\/wp\/v2\/types\/post"}],"author":[{"embeddable":true,"href":"https:\/\/vrscb.lt\/pl\/wp-json\/wp\/v2\/users\/3"}],"replies":[{"embeddable":true,"href":"https:\/\/vrscb.lt\/pl\/wp-json\/wp\/v2\/comments?post=32965"}],"version-history":[{"count":4,"href":"https:\/\/vrscb.lt\/pl\/wp-json\/wp\/v2\/posts\/32965\/revisions"}],"predecessor-version":[{"id":32970,"href":"https:\/\/vrscb.lt\/pl\/wp-json\/wp\/v2\/posts\/32965\/revisions\/32970"}],"wp:featuredmedia":[{"embeddable":true,"href":"https:\/\/vrscb.lt\/pl\/wp-json\/wp\/v2\/media\/32919"}],"wp:attachment":[{"href":"https:\/\/vrscb.lt\/pl\/wp-json\/wp\/v2\/media?parent=32965"}],"wp:term":[{"taxonomy":"category","embeddable":true,"href":"https:\/\/vrscb.lt\/pl\/wp-json\/wp\/v2\/categories?post=32965"},{"taxonomy":"post_tag","embeddable":true,"href":"https:\/\/vrscb.lt\/pl\/wp-json\/wp\/v2\/tags?post=32965"}],"curies":[{"name":"wp","href":"https:\/\/api.w.org\/{rel}","templated":true}]}}