
{"id":33027,"date":"2024-11-27T13:29:23","date_gmt":"2024-11-27T11:29:23","guid":{"rendered":"https:\/\/vrscb.lt\/?p=33027"},"modified":"2024-11-27T13:46:25","modified_gmt":"2024-11-27T11:46:25","slug":"bialo-czerwone-smaki-w-wesolowce","status":"publish","type":"post","link":"https:\/\/vrscb.lt\/pl\/bialo-czerwone-smaki-w-wesolowce\/","title":{"rendered":"Bia\u0142o-czerwone smaki w Weso\u0142\u00f3wce"},"content":{"rendered":"\t\t<div data-elementor-type=\"wp-post\" data-elementor-id=\"33027\" class=\"elementor elementor-33027\" data-elementor-post-type=\"post\">\n\t\t\t\t\t\t<section class=\"elementor-section elementor-top-section elementor-element elementor-element-16277720 elementor-section-boxed elementor-section-height-default elementor-section-height-default\" data-id=\"16277720\" data-element_type=\"section\" data-e-type=\"section\">\n\t\t\t\t\t\t<div class=\"elementor-container elementor-column-gap-default\">\n\t\t\t\t\t<div class=\"elementor-column elementor-col-100 elementor-top-column elementor-element elementor-element-407fc0a0\" data-id=\"407fc0a0\" data-element_type=\"column\" data-e-type=\"column\">\n\t\t\t<div class=\"elementor-widget-wrap elementor-element-populated\">\n\t\t\t\t\t\t<div class=\"elementor-element elementor-element-28c60627 elementor-widget elementor-widget-text-editor\" data-id=\"28c60627\" data-element_type=\"widget\" data-e-type=\"widget\" data-widget_type=\"text-editor.default\">\n\t\t\t\t<div class=\"elementor-widget-container\">\n\t\t\t\t\t\t\t\t\t\n<p>26 listopada w Szkole-Wielofunkcyjnym Centrum w Weso\u0142\u00f3wce odby\u0142o si\u0119 kulinarne spotkanie dla najm\u0142odszych w ramach projektu \u201eKolorujemy Polsk\u0119 \u2013 Malujemy Niepodleg\u0142\u0105 Polsk\u0119\u201d, realizowanego przez Centraln\u0105 Bibliotek\u0119 Samorz\u0105du Rejonu Wile\u0144skiego. Dzi\u0119ki wsparciu Instytutu Rozwoju J\u0119zyka Polskiego ze \u015brodk\u00f3w Ministra Edukacji Narodowej dzieci z zer\u00f3wki Gimnazjum im. \u015aw. Stanis\u0142awa Kostki w Podbrzeziu wraz z wychowawczyni\u0105 Katarzyn\u0105 Szukewicziene, z grupy \u201eMisiaki\u201d z Weso\u0142\u00f3wki pod opiek\u0105 Renaty Moroz oraz z Filii Nauczania Podstawowego w Pikieliszkach z Wiolet\u0105 Rumiancew\u0105 mia\u0142y okazj\u0119 wzi\u0105\u0107 udzia\u0142 w warsztatach i pozna\u0107 nietradycyjne smaki kulinarne.<\/p>\n\n\n\n<p>Podczas zaj\u0119\u0107 najm\u0142odsi przygotowywali bia\u0142o-czerwone kompozycje: uk\u0142adali ry\u017c oraz kosztowali galaretki w narodowych barwach i kszta\u0142tach. Warsztaty nie tylko rozwija\u0142y kreatywno\u015b\u0107 u dzieci, ale te\u017c by\u0142y \u015bwietn\u0105 okazj\u0105 do poszerzenia wiedzy z zakresu polskich symboli i ich znaczenia. Pod koniec wydarzenia wszyscy uczestnicy otrzymali drobne pami\u0105tki.<\/p>\n\n\n\n<p>Spotkanie to by\u0142o cz\u0119\u015bci\u0105 projektu promuj\u0105cego polsk\u0105 kultur\u0119 i tradycje w\u015br\u00f3d m\u0142odych Polak\u00f3w na Litwie. W przyjaznej i radosnej atmosferze podczas wsp\u00f3lnej zabawy dzieci zdobywali i utrwalali wiedz\u0119 o Polsce i jej symbolach.<\/p>\n\t\t\t\t\t\t\t\t<\/div>\n\t\t\t\t<\/div>\n\t\t\t\t\t<\/div>\n\t\t<\/div>\n\t\t\t\t\t<\/div>\n\t\t<\/section>\n\t\t\t\t<section class=\"elementor-section elementor-top-section elementor-element elementor-element-55dab5f elementor-section-boxed elementor-section-height-default elementor-section-height-default\" data-id=\"55dab5f\" data-element_type=\"section\" data-e-type=\"section\">\n\t\t\t\t\t\t<div class=\"elementor-container elementor-column-gap-default\">\n\t\t\t\t\t<div class=\"elementor-column elementor-col-100 elementor-top-column elementor-element elementor-element-42fe521\" data-id=\"42fe521\" data-element_type=\"column\" data-e-type=\"column\">\n\t\t\t<div class=\"elementor-widget-wrap elementor-element-populated\">\n\t\t\t\t\t\t<div class=\"elementor-element elementor-element-4a36288 gallery-spacing-custom elementor-widget elementor-widget-image-gallery\" data-id=\"4a36288\" data-element_type=\"widget\" data-e-type=\"widget\" data-widget_type=\"image-gallery.default\">\n\t\t\t\t<div class=\"elementor-widget-container\">\n\t\t\t\t\t\t\t<div class=\"elementor-image-gallery\">\n\t\t\t<div id='gallery-1' class='gallery galleryid-33027 gallery-columns-4 gallery-size-thumbnail'><figure class='gallery-item'>\n\t\t\t<div class='gallery-icon landscape'>\n\t\t\t\t<a data-elementor-open-lightbox=\"yes\" data-elementor-lightbox-slideshow=\"4a36288\" data-elementor-lightbox-title=\"skoni\u0173 \u0161vent\u0117 (5)\" data-e-action-hash=\"#elementor-action%3Aaction%3Dlightbox%26settings%3DeyJpZCI6MzI5OTQsInVybCI6Imh0dHBzOlwvXC92cnNjYi5sdFwvd3AtY29udGVudFwvdXBsb2Fkc1wvMjAyNFwvMTFcL3Nrb25pdS1zdmVudGUtNS5qcGciLCJzbGlkZXNob3ciOiI0YTM2Mjg4In0%3D\" href='https:\/\/vrscb.lt\/wp-content\/uploads\/2024\/11\/skoniu-svente-5.jpg'><img fetchpriority=\"high\" decoding=\"async\" width=\"480\" height=\"270\" src=\"https:\/\/vrscb.lt\/wp-content\/uploads\/2024\/11\/skoniu-svente-5-480x270.jpg\" class=\"attachment-thumbnail size-thumbnail\" alt=\"\" \/><\/a>\n\t\t\t<\/div><\/figure><figure class='gallery-item'>\n\t\t\t<div class='gallery-icon landscape'>\n\t\t\t\t<a data-elementor-open-lightbox=\"yes\" data-elementor-lightbox-slideshow=\"4a36288\" data-elementor-lightbox-title=\"skoni\u0173 \u0161vent\u0117 (1)\" data-e-action-hash=\"#elementor-action%3Aaction%3Dlightbox%26settings%3DeyJpZCI6MzI5OTcsInVybCI6Imh0dHBzOlwvXC92cnNjYi5sdFwvd3AtY29udGVudFwvdXBsb2Fkc1wvMjAyNFwvMTFcL3Nrb25pdS1zdmVudGUtMS5qcGciLCJzbGlkZXNob3ciOiI0YTM2Mjg4In0%3D\" href='https:\/\/vrscb.lt\/wp-content\/uploads\/2024\/11\/skoniu-svente-1.jpg'><img decoding=\"async\" width=\"480\" height=\"270\" src=\"https:\/\/vrscb.lt\/wp-content\/uploads\/2024\/11\/skoniu-svente-1-480x270.jpg\" class=\"attachment-thumbnail size-thumbnail\" alt=\"\" \/><\/a>\n\t\t\t<\/div><\/figure><figure class='gallery-item'>\n\t\t\t<div class='gallery-icon landscape'>\n\t\t\t\t<a data-elementor-open-lightbox=\"yes\" data-elementor-lightbox-slideshow=\"4a36288\" data-elementor-lightbox-title=\"skoni\u0173 \u0161vent\u0117 (2)\" data-e-action-hash=\"#elementor-action%3Aaction%3Dlightbox%26settings%3DeyJpZCI6MzI5OTksInVybCI6Imh0dHBzOlwvXC92cnNjYi5sdFwvd3AtY29udGVudFwvdXBsb2Fkc1wvMjAyNFwvMTFcL3Nrb25pdS1zdmVudGUtMi5qcGciLCJzbGlkZXNob3ciOiI0YTM2Mjg4In0%3D\" href='https:\/\/vrscb.lt\/wp-content\/uploads\/2024\/11\/skoniu-svente-2.jpg'><img decoding=\"async\" width=\"480\" height=\"270\" src=\"https:\/\/vrscb.lt\/wp-content\/uploads\/2024\/11\/skoniu-svente-2-480x270.jpg\" class=\"attachment-thumbnail size-thumbnail\" alt=\"\" \/><\/a>\n\t\t\t<\/div><\/figure><figure class='gallery-item'>\n\t\t\t<div class='gallery-icon landscape'>\n\t\t\t\t<a data-elementor-open-lightbox=\"yes\" data-elementor-lightbox-slideshow=\"4a36288\" data-elementor-lightbox-title=\"skoni\u0173 \u0161vent\u0117 (3)\" data-e-action-hash=\"#elementor-action%3Aaction%3Dlightbox%26settings%3DeyJpZCI6MzMwMDEsInVybCI6Imh0dHBzOlwvXC92cnNjYi5sdFwvd3AtY29udGVudFwvdXBsb2Fkc1wvMjAyNFwvMTFcL3Nrb25pdS1zdmVudGUtMy5qcGciLCJzbGlkZXNob3ciOiI0YTM2Mjg4In0%3D\" href='https:\/\/vrscb.lt\/wp-content\/uploads\/2024\/11\/skoniu-svente-3.jpg'><img loading=\"lazy\" decoding=\"async\" width=\"480\" height=\"270\" src=\"https:\/\/vrscb.lt\/wp-content\/uploads\/2024\/11\/skoniu-svente-3-480x270.jpg\" class=\"attachment-thumbnail size-thumbnail\" alt=\"\" \/><\/a>\n\t\t\t<\/div><\/figure><figure class='gallery-item'>\n\t\t\t<div class='gallery-icon landscape'>\n\t\t\t\t<a data-elementor-open-lightbox=\"yes\" data-elementor-lightbox-slideshow=\"4a36288\" data-elementor-lightbox-title=\"skoni\u0173 \u0161vent\u0117 (4)\" data-e-action-hash=\"#elementor-action%3Aaction%3Dlightbox%26settings%3DeyJpZCI6MzMwMDMsInVybCI6Imh0dHBzOlwvXC92cnNjYi5sdFwvd3AtY29udGVudFwvdXBsb2Fkc1wvMjAyNFwvMTFcL3Nrb25pdS1zdmVudGUtNC5qcGciLCJzbGlkZXNob3ciOiI0YTM2Mjg4In0%3D\" href='https:\/\/vrscb.lt\/wp-content\/uploads\/2024\/11\/skoniu-svente-4.jpg'><img loading=\"lazy\" decoding=\"async\" width=\"480\" height=\"270\" src=\"https:\/\/vrscb.lt\/wp-content\/uploads\/2024\/11\/skoniu-svente-4-480x270.jpg\" class=\"attachment-thumbnail size-thumbnail\" alt=\"\" \/><\/a>\n\t\t\t<\/div><\/figure><figure class='gallery-item'>\n\t\t\t<div class='gallery-icon landscape'>\n\t\t\t\t<a data-elementor-open-lightbox=\"yes\" data-elementor-lightbox-slideshow=\"4a36288\" data-elementor-lightbox-title=\"skoni\u0173 \u0161vent\u0117 (6)\" data-e-action-hash=\"#elementor-action%3Aaction%3Dlightbox%26settings%3DeyJpZCI6MzMwMDUsInVybCI6Imh0dHBzOlwvXC92cnNjYi5sdFwvd3AtY29udGVudFwvdXBsb2Fkc1wvMjAyNFwvMTFcL3Nrb25pdS1zdmVudGUtNi5qcGciLCJzbGlkZXNob3ciOiI0YTM2Mjg4In0%3D\" href='https:\/\/vrscb.lt\/wp-content\/uploads\/2024\/11\/skoniu-svente-6.jpg'><img loading=\"lazy\" decoding=\"async\" width=\"480\" height=\"270\" src=\"https:\/\/vrscb.lt\/wp-content\/uploads\/2024\/11\/skoniu-svente-6-480x270.jpg\" class=\"attachment-thumbnail size-thumbnail\" alt=\"\" \/><\/a>\n\t\t\t<\/div><\/figure><figure class='gallery-item'>\n\t\t\t<div class='gallery-icon landscape'>\n\t\t\t\t<a data-elementor-open-lightbox=\"yes\" data-elementor-lightbox-slideshow=\"4a36288\" data-elementor-lightbox-title=\"skoni\u0173 \u0161vent\u0117 (7)\" data-e-action-hash=\"#elementor-action%3Aaction%3Dlightbox%26settings%3DeyJpZCI6MzMwMDcsInVybCI6Imh0dHBzOlwvXC92cnNjYi5sdFwvd3AtY29udGVudFwvdXBsb2Fkc1wvMjAyNFwvMTFcL3Nrb25pdS1zdmVudGUtNy5qcGciLCJzbGlkZXNob3ciOiI0YTM2Mjg4In0%3D\" href='https:\/\/vrscb.lt\/wp-content\/uploads\/2024\/11\/skoniu-svente-7.jpg'><img loading=\"lazy\" decoding=\"async\" width=\"480\" height=\"270\" src=\"https:\/\/vrscb.lt\/wp-content\/uploads\/2024\/11\/skoniu-svente-7-480x270.jpg\" class=\"attachment-thumbnail size-thumbnail\" alt=\"\" \/><\/a>\n\t\t\t<\/div><\/figure><figure class='gallery-item'>\n\t\t\t<div class='gallery-icon landscape'>\n\t\t\t\t<a data-elementor-open-lightbox=\"yes\" data-elementor-lightbox-slideshow=\"4a36288\" data-elementor-lightbox-title=\"skoni\u0173 \u0161vent\u0117 (8)\" data-e-action-hash=\"#elementor-action%3Aaction%3Dlightbox%26settings%3DeyJpZCI6MzMwMDksInVybCI6Imh0dHBzOlwvXC92cnNjYi5sdFwvd3AtY29udGVudFwvdXBsb2Fkc1wvMjAyNFwvMTFcL3Nrb25pdS1zdmVudGUtOC5qcGciLCJzbGlkZXNob3ciOiI0YTM2Mjg4In0%3D\" href='https:\/\/vrscb.lt\/wp-content\/uploads\/2024\/11\/skoniu-svente-8.jpg'><img loading=\"lazy\" decoding=\"async\" width=\"480\" height=\"270\" src=\"https:\/\/vrscb.lt\/wp-content\/uploads\/2024\/11\/skoniu-svente-8-480x270.jpg\" class=\"attachment-thumbnail size-thumbnail\" alt=\"\" \/><\/a>\n\t\t\t<\/div><\/figure><figure class='gallery-item'>\n\t\t\t<div class='gallery-icon landscape'>\n\t\t\t\t<a data-elementor-open-lightbox=\"yes\" data-elementor-lightbox-slideshow=\"4a36288\" data-elementor-lightbox-title=\"skoni\u0173 \u0161vent\u0117 (9)\" data-e-action-hash=\"#elementor-action%3Aaction%3Dlightbox%26settings%3DeyJpZCI6MzMwMTEsInVybCI6Imh0dHBzOlwvXC92cnNjYi5sdFwvd3AtY29udGVudFwvdXBsb2Fkc1wvMjAyNFwvMTFcL3Nrb25pdS1zdmVudGUtOS5qcGciLCJzbGlkZXNob3ciOiI0YTM2Mjg4In0%3D\" href='https:\/\/vrscb.lt\/wp-content\/uploads\/2024\/11\/skoniu-svente-9.jpg'><img loading=\"lazy\" decoding=\"async\" width=\"480\" height=\"270\" src=\"https:\/\/vrscb.lt\/wp-content\/uploads\/2024\/11\/skoniu-svente-9-480x270.jpg\" class=\"attachment-thumbnail size-thumbnail\" alt=\"\" \/><\/a>\n\t\t\t<\/div><\/figure><figure class='gallery-item'>\n\t\t\t<div class='gallery-icon landscape'>\n\t\t\t\t<a data-elementor-open-lightbox=\"yes\" data-elementor-lightbox-slideshow=\"4a36288\" data-elementor-lightbox-title=\"skoni\u0173 \u0161vent\u0117 (10)\" data-e-action-hash=\"#elementor-action%3Aaction%3Dlightbox%26settings%3DeyJpZCI6MzMwMTMsInVybCI6Imh0dHBzOlwvXC92cnNjYi5sdFwvd3AtY29udGVudFwvdXBsb2Fkc1wvMjAyNFwvMTFcL3Nrb25pdS1zdmVudGUtMTAuanBnIiwic2xpZGVzaG93IjoiNGEzNjI4OCJ9\" href='https:\/\/vrscb.lt\/wp-content\/uploads\/2024\/11\/skoniu-svente-10.jpg'><img loading=\"lazy\" decoding=\"async\" width=\"480\" height=\"270\" src=\"https:\/\/vrscb.lt\/wp-content\/uploads\/2024\/11\/skoniu-svente-10-480x270.jpg\" class=\"attachment-thumbnail size-thumbnail\" alt=\"\" \/><\/a>\n\t\t\t<\/div><\/figure><figure class='gallery-item'>\n\t\t\t<div class='gallery-icon landscape'>\n\t\t\t\t<a data-elementor-open-lightbox=\"yes\" data-elementor-lightbox-slideshow=\"4a36288\" data-elementor-lightbox-title=\"skoni\u0173 \u0161vent\u0117 (11)\" data-e-action-hash=\"#elementor-action%3Aaction%3Dlightbox%26settings%3DeyJpZCI6MzMwMTUsInVybCI6Imh0dHBzOlwvXC92cnNjYi5sdFwvd3AtY29udGVudFwvdXBsb2Fkc1wvMjAyNFwvMTFcL3Nrb25pdS1zdmVudGUtMTEuanBnIiwic2xpZGVzaG93IjoiNGEzNjI4OCJ9\" href='https:\/\/vrscb.lt\/wp-content\/uploads\/2024\/11\/skoniu-svente-11.jpg'><img loading=\"lazy\" decoding=\"async\" width=\"480\" height=\"270\" src=\"https:\/\/vrscb.lt\/wp-content\/uploads\/2024\/11\/skoniu-svente-11-480x270.jpg\" class=\"attachment-thumbnail size-thumbnail\" alt=\"\" \/><\/a>\n\t\t\t<\/div><\/figure><figure class='gallery-item'>\n\t\t\t<div class='gallery-icon landscape'>\n\t\t\t\t<a data-elementor-open-lightbox=\"yes\" data-elementor-lightbox-slideshow=\"4a36288\" data-elementor-lightbox-title=\"skoni\u0173 \u0161vent\u0117 (12)\" data-e-action-hash=\"#elementor-action%3Aaction%3Dlightbox%26settings%3DeyJpZCI6MzMwMTcsInVybCI6Imh0dHBzOlwvXC92cnNjYi5sdFwvd3AtY29udGVudFwvdXBsb2Fkc1wvMjAyNFwvMTFcL3Nrb25pdS1zdmVudGUtMTIuanBnIiwic2xpZGVzaG93IjoiNGEzNjI4OCJ9\" href='https:\/\/vrscb.lt\/wp-content\/uploads\/2024\/11\/skoniu-svente-12.jpg'><img loading=\"lazy\" decoding=\"async\" width=\"480\" height=\"270\" src=\"https:\/\/vrscb.lt\/wp-content\/uploads\/2024\/11\/skoniu-svente-12-480x270.jpg\" class=\"attachment-thumbnail size-thumbnail\" alt=\"\" \/><\/a>\n\t\t\t<\/div><\/figure>\n\t\t<\/div>\n\t\t<\/div>\n\t\t\t\t\t\t<\/div>\n\t\t\t\t<\/div>\n\t\t\t\t\t<\/div>\n\t\t<\/div>\n\t\t\t\t\t<\/div>\n\t\t<\/section>\n\t\t\t\t<\/div>\n\t\t","protected":false},"excerpt":{"rendered":"<div class=\"entry-summary\">\n26 listopada w Szkole-Wielofunkcyjnym Centrum w Weso\u0142\u00f3wce odby\u0142o si\u0119 kulinarne spotkanie dla najm\u0142odszych w ramach projektu \u201eKolorujemy Polsk\u0119 \u2013 Malujemy Niepodleg\u0142\u0105 Polsk\u0119\u201d, realizowanego przez Centraln\u0105 Bibliotek\u0119 Samorz\u0105du Rejonu Wile\u0144skiego. Dzi\u0119ki wsparciu Instytutu Rozwoju J\u0119zyka Polskiego ze \u015brodk\u00f3w Ministra Edukacji Narodowej&hellip;\n<\/div>\n<div class=\"link-more\"><a href=\"https:\/\/vrscb.lt\/pl\/bialo-czerwone-smaki-w-wesolowce\/\" class=\"more-link\">Czytaj wi\u0119cej<span class=\"screen-reader-text\"> &ldquo;Bia\u0142o-czerwone smaki w Weso\u0142\u00f3wce&rdquo;<\/span>\u2026<\/a><\/div>\n","protected":false},"author":3,"featured_media":32994,"comment_status":"closed","ping_status":"closed","sticky":false,"template":"","format":"standard","meta":{"_acf_changed":false,"footnotes":""},"categories":[96],"tags":[],"class_list":["post-33027","post","type-post","status-publish","format-standard","has-post-thumbnail","hentry","category-imprezy","entry"],"acf":[],"yoast_head":"<!-- This site is optimized with the Yoast SEO plugin v27.5 - https:\/\/yoast.com\/product\/yoast-seo-wordpress\/ -->\n<title>Bia\u0142o-czerwone smaki w Weso\u0142\u00f3wce - Vilniaus rajono savivaldyb\u0117s Centrin\u0117 biblioteka<\/title>\n<meta name=\"robots\" content=\"index, follow, max-snippet:-1, max-image-preview:large, max-video-preview:-1\" \/>\n<link rel=\"canonical\" href=\"https:\/\/vrscb.lt\/pl\/bialo-czerwone-smaki-w-wesolowce\/\" \/>\n<meta property=\"og:locale\" content=\"pl_PL\" \/>\n<meta property=\"og:type\" content=\"article\" \/>\n<meta property=\"og:title\" content=\"Bia\u0142o-czerwone smaki w Weso\u0142\u00f3wce - Vilniaus rajono savivaldyb\u0117s Centrin\u0117 biblioteka\" \/>\n<meta property=\"og:description\" content=\"26 listopada w Szkole-Wielofunkcyjnym Centrum w Weso\u0142\u00f3wce odby\u0142o si\u0119 kulinarne spotkanie dla najm\u0142odszych w ramach projektu \u201eKolorujemy Polsk\u0119 \u2013 Malujemy Niepodleg\u0142\u0105 Polsk\u0119\u201d, realizowanego przez Centraln\u0105 Bibliotek\u0119 Samorz\u0105du Rejonu Wile\u0144skiego. Dzi\u0119ki wsparciu Instytutu Rozwoju J\u0119zyka Polskiego ze \u015brodk\u00f3w Ministra Edukacji Narodowej&hellip; Czytaj wi\u0119cej &ldquo;Bia\u0142o-czerwone smaki w Weso\u0142\u00f3wce&rdquo;\u2026\" \/>\n<meta property=\"og:url\" content=\"https:\/\/vrscb.lt\/pl\/bialo-czerwone-smaki-w-wesolowce\/\" \/>\n<meta property=\"og:site_name\" content=\"Vilniaus rajono savivaldyb\u0117s Centrin\u0117 biblioteka\" \/>\n<meta property=\"article:published_time\" content=\"2024-11-27T11:29:23+00:00\" \/>\n<meta property=\"article:modified_time\" content=\"2024-11-27T11:46:25+00:00\" \/>\n<meta property=\"og:image\" content=\"https:\/\/vrscb.lt\/wp-content\/uploads\/2024\/11\/skoniu-svente-5.jpg\" \/>\n\t<meta property=\"og:image:width\" content=\"1280\" \/>\n\t<meta property=\"og:image:height\" content=\"955\" \/>\n\t<meta property=\"og:image:type\" content=\"image\/jpeg\" \/>\n<meta name=\"author\" content=\"VRSCB\" \/>\n<meta name=\"twitter:card\" content=\"summary_large_image\" \/>\n<meta name=\"twitter:label1\" content=\"Napisane przez\" \/>\n\t<meta name=\"twitter:data1\" content=\"VRSCB\" \/>\n\t<meta name=\"twitter:label2\" content=\"Szacowany czas czytania\" \/>\n\t<meta name=\"twitter:data2\" content=\"4 minuty\" \/>\n<script type=\"application\/ld+json\" class=\"yoast-schema-graph\">{\"@context\":\"https:\\\/\\\/schema.org\",\"@graph\":[{\"@type\":\"Article\",\"@id\":\"https:\\\/\\\/vrscb.lt\\\/pl\\\/bialo-czerwone-smaki-w-wesolowce\\\/#article\",\"isPartOf\":{\"@id\":\"https:\\\/\\\/vrscb.lt\\\/pl\\\/bialo-czerwone-smaki-w-wesolowce\\\/\"},\"author\":{\"name\":\"VRSCB\",\"@id\":\"https:\\\/\\\/vrscb.lt\\\/#\\\/schema\\\/person\\\/0b84365a98053f509501f91b5be6c097\"},\"headline\":\"Bia\u0142o-czerwone smaki w Weso\u0142\u00f3wce\",\"datePublished\":\"2024-11-27T11:29:23+00:00\",\"dateModified\":\"2024-11-27T11:46:25+00:00\",\"mainEntityOfPage\":{\"@id\":\"https:\\\/\\\/vrscb.lt\\\/pl\\\/bialo-czerwone-smaki-w-wesolowce\\\/\"},\"wordCount\":195,\"publisher\":{\"@id\":\"https:\\\/\\\/vrscb.lt\\\/#organization\"},\"image\":{\"@id\":\"https:\\\/\\\/vrscb.lt\\\/pl\\\/bialo-czerwone-smaki-w-wesolowce\\\/#primaryimage\"},\"thumbnailUrl\":\"https:\\\/\\\/vrscb.lt\\\/wp-content\\\/uploads\\\/2024\\\/11\\\/skoniu-svente-5.jpg\",\"articleSection\":[\"Imprezy\"],\"inLanguage\":\"pl-PL\"},{\"@type\":\"WebPage\",\"@id\":\"https:\\\/\\\/vrscb.lt\\\/pl\\\/bialo-czerwone-smaki-w-wesolowce\\\/\",\"url\":\"https:\\\/\\\/vrscb.lt\\\/pl\\\/bialo-czerwone-smaki-w-wesolowce\\\/\",\"name\":\"Bia\u0142o-czerwone smaki w Weso\u0142\u00f3wce - Vilniaus rajono savivaldyb\u0117s Centrin\u0117 biblioteka\",\"isPartOf\":{\"@id\":\"https:\\\/\\\/vrscb.lt\\\/#website\"},\"primaryImageOfPage\":{\"@id\":\"https:\\\/\\\/vrscb.lt\\\/pl\\\/bialo-czerwone-smaki-w-wesolowce\\\/#primaryimage\"},\"image\":{\"@id\":\"https:\\\/\\\/vrscb.lt\\\/pl\\\/bialo-czerwone-smaki-w-wesolowce\\\/#primaryimage\"},\"thumbnailUrl\":\"https:\\\/\\\/vrscb.lt\\\/wp-content\\\/uploads\\\/2024\\\/11\\\/skoniu-svente-5.jpg\",\"datePublished\":\"2024-11-27T11:29:23+00:00\",\"dateModified\":\"2024-11-27T11:46:25+00:00\",\"breadcrumb\":{\"@id\":\"https:\\\/\\\/vrscb.lt\\\/pl\\\/bialo-czerwone-smaki-w-wesolowce\\\/#breadcrumb\"},\"inLanguage\":\"pl-PL\",\"potentialAction\":[{\"@type\":\"ReadAction\",\"target\":[\"https:\\\/\\\/vrscb.lt\\\/pl\\\/bialo-czerwone-smaki-w-wesolowce\\\/\"]}]},{\"@type\":\"ImageObject\",\"inLanguage\":\"pl-PL\",\"@id\":\"https:\\\/\\\/vrscb.lt\\\/pl\\\/bialo-czerwone-smaki-w-wesolowce\\\/#primaryimage\",\"url\":\"https:\\\/\\\/vrscb.lt\\\/wp-content\\\/uploads\\\/2024\\\/11\\\/skoniu-svente-5.jpg\",\"contentUrl\":\"https:\\\/\\\/vrscb.lt\\\/wp-content\\\/uploads\\\/2024\\\/11\\\/skoniu-svente-5.jpg\",\"width\":1280,\"height\":955},{\"@type\":\"BreadcrumbList\",\"@id\":\"https:\\\/\\\/vrscb.lt\\\/pl\\\/bialo-czerwone-smaki-w-wesolowce\\\/#breadcrumb\",\"itemListElement\":[{\"@type\":\"ListItem\",\"position\":1,\"name\":\"Dom\",\"item\":\"https:\\\/\\\/vrscb.lt\\\/\"},{\"@type\":\"ListItem\",\"position\":2,\"name\":\"Bia\u0142o-czerwone smaki w Weso\u0142\u00f3wce\"}]},{\"@type\":\"WebSite\",\"@id\":\"https:\\\/\\\/vrscb.lt\\\/#website\",\"url\":\"https:\\\/\\\/vrscb.lt\\\/\",\"name\":\"Vilniaus rajono savivaldyb\u0117s Centrin\u0117 biblioteka\",\"description\":\"Vilniaus rajono savivaldyb\u0117s Centrin\u0117 biblioteka kvie\u010dia visus prisijungti prie visuotin\u0117s pilietin\u0117s iniciatyvos \u201eAtmintis gyva, nes liudija\u201c ir u\u017edegti atminimo.\",\"publisher\":{\"@id\":\"https:\\\/\\\/vrscb.lt\\\/#organization\"},\"potentialAction\":[{\"@type\":\"SearchAction\",\"target\":{\"@type\":\"EntryPoint\",\"urlTemplate\":\"https:\\\/\\\/vrscb.lt\\\/?s={search_term_string}\"},\"query-input\":{\"@type\":\"PropertyValueSpecification\",\"valueRequired\":true,\"valueName\":\"search_term_string\"}}],\"inLanguage\":\"pl-PL\"},{\"@type\":\"Organization\",\"@id\":\"https:\\\/\\\/vrscb.lt\\\/#organization\",\"name\":\"Vilniaus rajono savivaldyb\u0117s Centrin\u0117 biblioteka\",\"url\":\"https:\\\/\\\/vrscb.lt\\\/\",\"logo\":{\"@type\":\"ImageObject\",\"inLanguage\":\"pl-PL\",\"@id\":\"https:\\\/\\\/vrscb.lt\\\/#\\\/schema\\\/logo\\\/image\\\/\",\"url\":\"https:\\\/\\\/vrscb.lt\\\/wp-content\\\/uploads\\\/2021\\\/02\\\/LOGO_BIBLIOTEKA_RUDAMINA_2018_02_08-1.png\",\"contentUrl\":\"https:\\\/\\\/vrscb.lt\\\/wp-content\\\/uploads\\\/2021\\\/02\\\/LOGO_BIBLIOTEKA_RUDAMINA_2018_02_08-1.png\",\"width\":1084,\"height\":1084,\"caption\":\"Vilniaus rajono savivaldyb\u0117s Centrin\u0117 biblioteka\"},\"image\":{\"@id\":\"https:\\\/\\\/vrscb.lt\\\/#\\\/schema\\\/logo\\\/image\\\/\"}},{\"@type\":\"Person\",\"@id\":\"https:\\\/\\\/vrscb.lt\\\/#\\\/schema\\\/person\\\/0b84365a98053f509501f91b5be6c097\",\"name\":\"VRSCB\",\"image\":{\"@type\":\"ImageObject\",\"inLanguage\":\"pl-PL\",\"@id\":\"https:\\\/\\\/secure.gravatar.com\\\/avatar\\\/cb8817ba573049eab6d3f0458a0218e93a27995fe49a8323902e053d82443b77?s=96&d=mm&r=g\",\"url\":\"https:\\\/\\\/secure.gravatar.com\\\/avatar\\\/cb8817ba573049eab6d3f0458a0218e93a27995fe49a8323902e053d82443b77?s=96&d=mm&r=g\",\"contentUrl\":\"https:\\\/\\\/secure.gravatar.com\\\/avatar\\\/cb8817ba573049eab6d3f0458a0218e93a27995fe49a8323902e053d82443b77?s=96&d=mm&r=g\",\"caption\":\"VRSCB\"},\"url\":\"https:\\\/\\\/vrscb.lt\\\/pl\\\/author\\\/pavelas\\\/\"}]}<\/script>\n<!-- \/ Yoast SEO plugin. -->","yoast_head_json":{"title":"Bia\u0142o-czerwone smaki w Weso\u0142\u00f3wce - Vilniaus rajono savivaldyb\u0117s Centrin\u0117 biblioteka","robots":{"index":"index","follow":"follow","max-snippet":"max-snippet:-1","max-image-preview":"max-image-preview:large","max-video-preview":"max-video-preview:-1"},"canonical":"https:\/\/vrscb.lt\/pl\/bialo-czerwone-smaki-w-wesolowce\/","og_locale":"pl_PL","og_type":"article","og_title":"Bia\u0142o-czerwone smaki w Weso\u0142\u00f3wce - Vilniaus rajono savivaldyb\u0117s Centrin\u0117 biblioteka","og_description":"26 listopada w Szkole-Wielofunkcyjnym Centrum w Weso\u0142\u00f3wce odby\u0142o si\u0119 kulinarne spotkanie dla najm\u0142odszych w ramach projektu \u201eKolorujemy Polsk\u0119 \u2013 Malujemy Niepodleg\u0142\u0105 Polsk\u0119\u201d, realizowanego przez Centraln\u0105 Bibliotek\u0119 Samorz\u0105du Rejonu Wile\u0144skiego. Dzi\u0119ki wsparciu Instytutu Rozwoju J\u0119zyka Polskiego ze \u015brodk\u00f3w Ministra Edukacji Narodowej&hellip; Czytaj wi\u0119cej &ldquo;Bia\u0142o-czerwone smaki w Weso\u0142\u00f3wce&rdquo;\u2026","og_url":"https:\/\/vrscb.lt\/pl\/bialo-czerwone-smaki-w-wesolowce\/","og_site_name":"Vilniaus rajono savivaldyb\u0117s Centrin\u0117 biblioteka","article_published_time":"2024-11-27T11:29:23+00:00","article_modified_time":"2024-11-27T11:46:25+00:00","og_image":[{"width":1280,"height":955,"url":"https:\/\/vrscb.lt\/wp-content\/uploads\/2024\/11\/skoniu-svente-5.jpg","type":"image\/jpeg"}],"author":"VRSCB","twitter_card":"summary_large_image","twitter_misc":{"Napisane przez":"VRSCB","Szacowany czas czytania":"4 minuty"},"schema":{"@context":"https:\/\/schema.org","@graph":[{"@type":"Article","@id":"https:\/\/vrscb.lt\/pl\/bialo-czerwone-smaki-w-wesolowce\/#article","isPartOf":{"@id":"https:\/\/vrscb.lt\/pl\/bialo-czerwone-smaki-w-wesolowce\/"},"author":{"name":"VRSCB","@id":"https:\/\/vrscb.lt\/#\/schema\/person\/0b84365a98053f509501f91b5be6c097"},"headline":"Bia\u0142o-czerwone smaki w Weso\u0142\u00f3wce","datePublished":"2024-11-27T11:29:23+00:00","dateModified":"2024-11-27T11:46:25+00:00","mainEntityOfPage":{"@id":"https:\/\/vrscb.lt\/pl\/bialo-czerwone-smaki-w-wesolowce\/"},"wordCount":195,"publisher":{"@id":"https:\/\/vrscb.lt\/#organization"},"image":{"@id":"https:\/\/vrscb.lt\/pl\/bialo-czerwone-smaki-w-wesolowce\/#primaryimage"},"thumbnailUrl":"https:\/\/vrscb.lt\/wp-content\/uploads\/2024\/11\/skoniu-svente-5.jpg","articleSection":["Imprezy"],"inLanguage":"pl-PL"},{"@type":"WebPage","@id":"https:\/\/vrscb.lt\/pl\/bialo-czerwone-smaki-w-wesolowce\/","url":"https:\/\/vrscb.lt\/pl\/bialo-czerwone-smaki-w-wesolowce\/","name":"Bia\u0142o-czerwone smaki w Weso\u0142\u00f3wce - Vilniaus rajono savivaldyb\u0117s Centrin\u0117 biblioteka","isPartOf":{"@id":"https:\/\/vrscb.lt\/#website"},"primaryImageOfPage":{"@id":"https:\/\/vrscb.lt\/pl\/bialo-czerwone-smaki-w-wesolowce\/#primaryimage"},"image":{"@id":"https:\/\/vrscb.lt\/pl\/bialo-czerwone-smaki-w-wesolowce\/#primaryimage"},"thumbnailUrl":"https:\/\/vrscb.lt\/wp-content\/uploads\/2024\/11\/skoniu-svente-5.jpg","datePublished":"2024-11-27T11:29:23+00:00","dateModified":"2024-11-27T11:46:25+00:00","breadcrumb":{"@id":"https:\/\/vrscb.lt\/pl\/bialo-czerwone-smaki-w-wesolowce\/#breadcrumb"},"inLanguage":"pl-PL","potentialAction":[{"@type":"ReadAction","target":["https:\/\/vrscb.lt\/pl\/bialo-czerwone-smaki-w-wesolowce\/"]}]},{"@type":"ImageObject","inLanguage":"pl-PL","@id":"https:\/\/vrscb.lt\/pl\/bialo-czerwone-smaki-w-wesolowce\/#primaryimage","url":"https:\/\/vrscb.lt\/wp-content\/uploads\/2024\/11\/skoniu-svente-5.jpg","contentUrl":"https:\/\/vrscb.lt\/wp-content\/uploads\/2024\/11\/skoniu-svente-5.jpg","width":1280,"height":955},{"@type":"BreadcrumbList","@id":"https:\/\/vrscb.lt\/pl\/bialo-czerwone-smaki-w-wesolowce\/#breadcrumb","itemListElement":[{"@type":"ListItem","position":1,"name":"Dom","item":"https:\/\/vrscb.lt\/"},{"@type":"ListItem","position":2,"name":"Bia\u0142o-czerwone smaki w Weso\u0142\u00f3wce"}]},{"@type":"WebSite","@id":"https:\/\/vrscb.lt\/#website","url":"https:\/\/vrscb.lt\/","name":"Vilniaus rajono savivaldyb\u0117s Centrin\u0117 biblioteka","description":"Vilniaus rajono savivaldyb\u0117s Centrin\u0117 biblioteka kvie\u010dia visus prisijungti prie visuotin\u0117s pilietin\u0117s iniciatyvos \u201eAtmintis gyva, nes liudija\u201c ir u\u017edegti atminimo.","publisher":{"@id":"https:\/\/vrscb.lt\/#organization"},"potentialAction":[{"@type":"SearchAction","target":{"@type":"EntryPoint","urlTemplate":"https:\/\/vrscb.lt\/?s={search_term_string}"},"query-input":{"@type":"PropertyValueSpecification","valueRequired":true,"valueName":"search_term_string"}}],"inLanguage":"pl-PL"},{"@type":"Organization","@id":"https:\/\/vrscb.lt\/#organization","name":"Vilniaus rajono savivaldyb\u0117s Centrin\u0117 biblioteka","url":"https:\/\/vrscb.lt\/","logo":{"@type":"ImageObject","inLanguage":"pl-PL","@id":"https:\/\/vrscb.lt\/#\/schema\/logo\/image\/","url":"https:\/\/vrscb.lt\/wp-content\/uploads\/2021\/02\/LOGO_BIBLIOTEKA_RUDAMINA_2018_02_08-1.png","contentUrl":"https:\/\/vrscb.lt\/wp-content\/uploads\/2021\/02\/LOGO_BIBLIOTEKA_RUDAMINA_2018_02_08-1.png","width":1084,"height":1084,"caption":"Vilniaus rajono savivaldyb\u0117s Centrin\u0117 biblioteka"},"image":{"@id":"https:\/\/vrscb.lt\/#\/schema\/logo\/image\/"}},{"@type":"Person","@id":"https:\/\/vrscb.lt\/#\/schema\/person\/0b84365a98053f509501f91b5be6c097","name":"VRSCB","image":{"@type":"ImageObject","inLanguage":"pl-PL","@id":"https:\/\/secure.gravatar.com\/avatar\/cb8817ba573049eab6d3f0458a0218e93a27995fe49a8323902e053d82443b77?s=96&d=mm&r=g","url":"https:\/\/secure.gravatar.com\/avatar\/cb8817ba573049eab6d3f0458a0218e93a27995fe49a8323902e053d82443b77?s=96&d=mm&r=g","contentUrl":"https:\/\/secure.gravatar.com\/avatar\/cb8817ba573049eab6d3f0458a0218e93a27995fe49a8323902e053d82443b77?s=96&d=mm&r=g","caption":"VRSCB"},"url":"https:\/\/vrscb.lt\/pl\/author\/pavelas\/"}]}},"_links":{"self":[{"href":"https:\/\/vrscb.lt\/pl\/wp-json\/wp\/v2\/posts\/33027","targetHints":{"allow":["GET"]}}],"collection":[{"href":"https:\/\/vrscb.lt\/pl\/wp-json\/wp\/v2\/posts"}],"about":[{"href":"https:\/\/vrscb.lt\/pl\/wp-json\/wp\/v2\/types\/post"}],"author":[{"embeddable":true,"href":"https:\/\/vrscb.lt\/pl\/wp-json\/wp\/v2\/users\/3"}],"replies":[{"embeddable":true,"href":"https:\/\/vrscb.lt\/pl\/wp-json\/wp\/v2\/comments?post=33027"}],"version-history":[{"count":16,"href":"https:\/\/vrscb.lt\/pl\/wp-json\/wp\/v2\/posts\/33027\/revisions"}],"predecessor-version":[{"id":33047,"href":"https:\/\/vrscb.lt\/pl\/wp-json\/wp\/v2\/posts\/33027\/revisions\/33047"}],"wp:featuredmedia":[{"embeddable":true,"href":"https:\/\/vrscb.lt\/pl\/wp-json\/wp\/v2\/media\/32994"}],"wp:attachment":[{"href":"https:\/\/vrscb.lt\/pl\/wp-json\/wp\/v2\/media?parent=33027"}],"wp:term":[{"taxonomy":"category","embeddable":true,"href":"https:\/\/vrscb.lt\/pl\/wp-json\/wp\/v2\/categories?post=33027"},{"taxonomy":"post_tag","embeddable":true,"href":"https:\/\/vrscb.lt\/pl\/wp-json\/wp\/v2\/tags?post=33027"}],"curies":[{"name":"wp","href":"https:\/\/api.w.org\/{rel}","templated":true}]}}