
{"id":33711,"date":"2024-12-18T09:40:33","date_gmt":"2024-12-18T07:40:33","guid":{"rendered":"https:\/\/vrscb.lt\/?p=33711"},"modified":"2025-01-09T12:44:17","modified_gmt":"2025-01-09T10:44:17","slug":"prezentacja-projektu-ocalic-od-zapomnienia-rod-jelenskich-w-glinciszkach","status":"publish","type":"post","link":"https:\/\/vrscb.lt\/pl\/prezentacja-projektu-ocalic-od-zapomnienia-rod-jelenskich-w-glinciszkach\/","title":{"rendered":"Prezentacja projektu \u201eOcali\u0107 od zapomnienia \u2013 r\u00f3d Jele\u0144skich w Glinciszkach\u201d"},"content":{"rendered":"\t\t<div data-elementor-type=\"wp-post\" data-elementor-id=\"33711\" class=\"elementor elementor-33711\" data-elementor-post-type=\"post\">\n\t\t\t\t\t\t<section class=\"elementor-section elementor-top-section elementor-element elementor-element-15b738dd elementor-section-boxed elementor-section-height-default elementor-section-height-default\" data-id=\"15b738dd\" data-element_type=\"section\" data-e-type=\"section\">\n\t\t\t\t\t\t<div class=\"elementor-container elementor-column-gap-default\">\n\t\t\t\t\t<div class=\"elementor-column elementor-col-100 elementor-top-column elementor-element elementor-element-3674f061\" data-id=\"3674f061\" data-element_type=\"column\" data-e-type=\"column\">\n\t\t\t<div class=\"elementor-widget-wrap elementor-element-populated\">\n\t\t\t\t\t\t<div class=\"elementor-element elementor-element-789738be elementor-widget elementor-widget-text-editor\" data-id=\"789738be\" data-element_type=\"widget\" data-e-type=\"widget\" data-widget_type=\"text-editor.default\">\n\t\t\t\t<div class=\"elementor-widget-container\">\n\t\t\t\t\t\t\t\t\t\n<p>12 grudnia w dworku w Glinciszkach podczas uroczystej prezentacji projektu \u201eOcali\u0107 od zapomnienia \u2013 r\u00f3d Jele\u0144skich w Glinciszkach\u201dodby\u0142 si\u0119 wernisa\u017c wystawy, w kt\u00f3rym udzia\u0142 wzi\u0119li mieszka\u0144cy Glinciszek, nauczyciele, bibliotekarze oraz przedstawiciele Litewskiej Biblioteki Akademii Nauk i Powiatowej Biblioteki Publicznej im. Adama Mickiewicza w Wilnie. Wydarzenie mia\u0142o na celu przybli\u017cy\u0107 histori\u0119 rodu Jele\u0144skich \u2013 znanej i zas\u0142u\u017conej szlacheckiej rodziny, zwi\u0105zanej z histori\u0105 Polski i Litwy, kt\u00f3ra zarz\u0105dza\u0142a maj\u0105tkiem w Glinciszkach od po\u0142owy XVIII wieku do pocz\u0105tku XX wieku. Rodzina Jele\u0144skich s\u0142ynie nie tylko swoim znacz\u0105cym wk\u0142adem w rozw\u00f3j gospodarczy i kulturalny regionu, ale tak\u017ce z wybitnych postaci, takich jak genera\u0142 J\u00f3zef Jele\u0144ski czy marsza\u0142ek mozyrski Kazimierz Jele\u0144ski. Jele\u0144scy dbali o maj\u0105tek, rozwijali rolnictwo, a tak\u017ce gromadzili cenn\u0105 bibliotek\u0119 i archiwum. Ostatnim w\u0142a\u015bcicielem dworu by\u0142 Kazimierz Jele\u0144ski, kt\u00f3ry tragicznie zgin\u0105\u0142 w obozie koncentracyjnym w Auschwitz w 1943 roku, jednak\u017ce ich dziedzictwo pozosta\u0142o wa\u017cn\u0105 cz\u0119\u015bci\u0105 historii Wile\u0144szczyzny do dzisiaj.<\/p>\n\n\n\n<p>Podczas prezentacji projektu J\u00f3zef Szostakowski, historyk literatury, dziennikarz i doktor nauk humanistycznych, opowiedzia\u0142 o historii rodu Jele\u0144skich oraz ich \u017cyciu na Wile\u0144szczy\u017anie, w Glinciszkach. Prezentacja projektu by\u0142a po\u0142\u0105czona z wernisa\u017cem wystawy, z\u0142o\u017conej z dokument\u00f3w i artefakt\u00f3w o rodzinie. W dalszej cz\u0119\u015bci uczestnicy zwiedzili dworek i bibliotek\u0119, a nast\u0119pnie zosta\u0142y wr\u0119czone podzi\u0119kowania i upominki partnerom projektu. Wydarzenie zako\u0144czy\u0142o si\u0119 pocz\u0119stunkiem, sprzyjaj\u0105cym dalszym dyskusjom i integracji go\u015bci.<\/p>\n\n\n\n<p><a><\/a>13 grudnia w ramach projektu zorganizowano wycieczk\u0119 dla m\u0142odzie\u017cy z Wile\u0144szczyzny do miejsc zwi\u0105zanych z rodem Jele\u0144skich, w kt\u00f3rej udzia\u0142 wzi\u0119\u0142o oko\u0142o 50 os\u00f3b. Uczestnicy odwiedzili kaplic\u0119 rodziny Jele\u0144skich na cmentarzu na Starej Rossie w Wilnie oraz parafialny ko\u015bci\u00f3\u0142 pod wezwaniem Naj\u015bwi\u0119tszego Serca Pana Jezusa w Podbrzeziu, gdzie znajduje si\u0119 tablica upami\u0119tniaj\u0105ca J\u00f3zefa Jele\u0144skiego. Zwiedzono r\u00f3wnie\u017c miejsce poch\u00f3wku Polak\u00f3w zamordowanych w 1944 roku w Glinciszkach, a tak\u017ce dworek w Glinciszkach, gdzie m\u0142odzie\u017c mia\u0142a okazj\u0119 obejrze\u0107 wystaw\u0119 po\u015bwi\u0119con\u0105 historii rodu Jele\u0144skich. Na zako\u0144czenie wycieczki na uczestnik\u00f3w czeka\u0142 pocz\u0119stunek.&nbsp;<\/p>\n\n\n\n<p>Projekt \u201eOcali\u0107 od zapomnienia \u2013 r\u00f3d Jele\u0144skich w Glinciszkach\u201d mia\u0142 na celu nie tylko przypomnienie o szlacheckim rodzie, ale tak\u017ce zachowanie dla przysz\u0142ych pokole\u0144 warto\u015bci kulturalnych, maj\u0105cych znacz\u0105cy wp\u0142yw dla spo\u0142eczno\u015bci lokalnej. Wydarzenia zwi\u0105zane z projektem umo\u017cliwi\u0142y wszystkim uczestnikom lepsze zrozumienie roli Jele\u0144skich oraz ich niezatartego \u015bladu w historii Wile\u0144szczyzny.<\/p>\n\n\n\n<p>Dzi\u0119kujemy partnerom projektu: Powiatowej Bibliotece Publicznej im. Adama Mickiewicza w Wilnie, Litewskiej Bibliotece Akademii Nauk, Centrum Kultury w Niemenczynie Odzia\u0142owi w Glinciszkach.<\/p>\n\n\n\n<p>Projekt dofinansowano przez Instytut Rozwoju J\u0119zyka Polskiego ze \u015brodk\u00f3w Ministra Edukacji Narodowej.<\/p>\n\t\t\t\t\t\t\t\t<\/div>\n\t\t\t\t<\/div>\n\t\t\t\t\t<\/div>\n\t\t<\/div>\n\t\t\t\t\t<\/div>\n\t\t<\/section>\n\t\t\t\t<section class=\"elementor-section elementor-top-section elementor-element elementor-element-1db4e85 elementor-section-boxed elementor-section-height-default elementor-section-height-default\" data-id=\"1db4e85\" data-element_type=\"section\" data-e-type=\"section\">\n\t\t\t\t\t\t<div class=\"elementor-container elementor-column-gap-default\">\n\t\t\t\t\t<div class=\"elementor-column elementor-col-100 elementor-top-column elementor-element elementor-element-0a69028\" data-id=\"0a69028\" data-element_type=\"column\" data-e-type=\"column\">\n\t\t\t<div class=\"elementor-widget-wrap elementor-element-populated\">\n\t\t\t\t\t\t<div class=\"elementor-element elementor-element-1802d81 gallery-spacing-custom elementor-widget elementor-widget-image-gallery\" data-id=\"1802d81\" data-element_type=\"widget\" data-e-type=\"widget\" data-widget_type=\"image-gallery.default\">\n\t\t\t\t<div class=\"elementor-widget-container\">\n\t\t\t\t\t\t\t<div class=\"elementor-image-gallery\">\n\t\t\t<div id='gallery-1' class='gallery galleryid-33711 gallery-columns-4 gallery-size-thumbnail'><figure class='gallery-item'>\n\t\t\t<div class='gallery-icon portrait'>\n\t\t\t\t<a data-elementor-open-lightbox=\"yes\" data-elementor-lightbox-slideshow=\"1802d81\" data-elementor-lightbox-title=\"I\u0161saugoti nuo u\u017emar\u0161ties (28)\" data-e-action-hash=\"#elementor-action%3Aaction%3Dlightbox%26settings%3DeyJpZCI6MzM3ODgsInVybCI6Imh0dHBzOlwvXC92cnNjYi5sdFwvd3AtY29udGVudFwvdXBsb2Fkc1wvMjAyNVwvMDFcL0lzc2F1Z290aS1udW8tdXptYXJzdGllcy0yOC5qcGciLCJzbGlkZXNob3ciOiIxODAyZDgxIn0%3D\" href='https:\/\/vrscb.lt\/wp-content\/uploads\/2025\/01\/Issaugoti-nuo-uzmarsties-28.jpg'><img fetchpriority=\"high\" decoding=\"async\" width=\"480\" height=\"270\" src=\"https:\/\/vrscb.lt\/wp-content\/uploads\/2025\/01\/Issaugoti-nuo-uzmarsties-28-480x270.jpg\" class=\"attachment-thumbnail size-thumbnail\" alt=\"\" \/><\/a>\n\t\t\t<\/div><\/figure><figure class='gallery-item'>\n\t\t\t<div class='gallery-icon portrait'>\n\t\t\t\t<a data-elementor-open-lightbox=\"yes\" data-elementor-lightbox-slideshow=\"1802d81\" data-elementor-lightbox-title=\"I\u0161saugoti nuo u\u017emar\u0161ties (21)\" data-e-action-hash=\"#elementor-action%3Aaction%3Dlightbox%26settings%3DeyJpZCI6MzM3OTAsInVybCI6Imh0dHBzOlwvXC92cnNjYi5sdFwvd3AtY29udGVudFwvdXBsb2Fkc1wvMjAyNVwvMDFcL0lzc2F1Z290aS1udW8tdXptYXJzdGllcy0yMS5qcGciLCJzbGlkZXNob3ciOiIxODAyZDgxIn0%3D\" href='https:\/\/vrscb.lt\/wp-content\/uploads\/2025\/01\/Issaugoti-nuo-uzmarsties-21.jpg'><img decoding=\"async\" width=\"480\" height=\"270\" src=\"https:\/\/vrscb.lt\/wp-content\/uploads\/2025\/01\/Issaugoti-nuo-uzmarsties-21-480x270.jpg\" class=\"attachment-thumbnail size-thumbnail\" alt=\"\" \/><\/a>\n\t\t\t<\/div><\/figure><figure class='gallery-item'>\n\t\t\t<div class='gallery-icon landscape'>\n\t\t\t\t<a data-elementor-open-lightbox=\"yes\" data-elementor-lightbox-slideshow=\"1802d81\" data-elementor-lightbox-title=\"I\u0161saugoti nuo u\u017emar\u0161ties (20)\" data-e-action-hash=\"#elementor-action%3Aaction%3Dlightbox%26settings%3DeyJpZCI6MzM3OTIsInVybCI6Imh0dHBzOlwvXC92cnNjYi5sdFwvd3AtY29udGVudFwvdXBsb2Fkc1wvMjAyNVwvMDFcL0lzc2F1Z290aS1udW8tdXptYXJzdGllcy0yMC5qcGciLCJzbGlkZXNob3ciOiIxODAyZDgxIn0%3D\" href='https:\/\/vrscb.lt\/wp-content\/uploads\/2025\/01\/Issaugoti-nuo-uzmarsties-20.jpg'><img decoding=\"async\" width=\"480\" height=\"270\" src=\"https:\/\/vrscb.lt\/wp-content\/uploads\/2025\/01\/Issaugoti-nuo-uzmarsties-20-480x270.jpg\" class=\"attachment-thumbnail size-thumbnail\" alt=\"\" \/><\/a>\n\t\t\t<\/div><\/figure><figure class='gallery-item'>\n\t\t\t<div class='gallery-icon landscape'>\n\t\t\t\t<a data-elementor-open-lightbox=\"yes\" data-elementor-lightbox-slideshow=\"1802d81\" data-elementor-lightbox-title=\"I\u0161saugoti nuo u\u017emar\u0161ties (22)\" data-e-action-hash=\"#elementor-action%3Aaction%3Dlightbox%26settings%3DeyJpZCI6MzM3OTQsInVybCI6Imh0dHBzOlwvXC92cnNjYi5sdFwvd3AtY29udGVudFwvdXBsb2Fkc1wvMjAyNVwvMDFcL0lzc2F1Z290aS1udW8tdXptYXJzdGllcy0yMi5qcGciLCJzbGlkZXNob3ciOiIxODAyZDgxIn0%3D\" href='https:\/\/vrscb.lt\/wp-content\/uploads\/2025\/01\/Issaugoti-nuo-uzmarsties-22.jpg'><img loading=\"lazy\" decoding=\"async\" width=\"480\" height=\"270\" src=\"https:\/\/vrscb.lt\/wp-content\/uploads\/2025\/01\/Issaugoti-nuo-uzmarsties-22-480x270.jpg\" class=\"attachment-thumbnail size-thumbnail\" alt=\"\" \/><\/a>\n\t\t\t<\/div><\/figure><figure class='gallery-item'>\n\t\t\t<div class='gallery-icon landscape'>\n\t\t\t\t<a data-elementor-open-lightbox=\"yes\" data-elementor-lightbox-slideshow=\"1802d81\" data-elementor-lightbox-title=\"I\u0161saugoti nuo u\u017emar\u0161ties (23)\" data-e-action-hash=\"#elementor-action%3Aaction%3Dlightbox%26settings%3DeyJpZCI6MzM3OTYsInVybCI6Imh0dHBzOlwvXC92cnNjYi5sdFwvd3AtY29udGVudFwvdXBsb2Fkc1wvMjAyNVwvMDFcL0lzc2F1Z290aS1udW8tdXptYXJzdGllcy0yMy5qcGciLCJzbGlkZXNob3ciOiIxODAyZDgxIn0%3D\" href='https:\/\/vrscb.lt\/wp-content\/uploads\/2025\/01\/Issaugoti-nuo-uzmarsties-23.jpg'><img loading=\"lazy\" decoding=\"async\" width=\"480\" height=\"270\" src=\"https:\/\/vrscb.lt\/wp-content\/uploads\/2025\/01\/Issaugoti-nuo-uzmarsties-23-480x270.jpg\" class=\"attachment-thumbnail size-thumbnail\" alt=\"\" \/><\/a>\n\t\t\t<\/div><\/figure><figure class='gallery-item'>\n\t\t\t<div class='gallery-icon landscape'>\n\t\t\t\t<a data-elementor-open-lightbox=\"yes\" data-elementor-lightbox-slideshow=\"1802d81\" data-elementor-lightbox-title=\"I\u0161saugoti nuo u\u017emar\u0161ties (27)\" data-e-action-hash=\"#elementor-action%3Aaction%3Dlightbox%26settings%3DeyJpZCI6MzM3OTgsInVybCI6Imh0dHBzOlwvXC92cnNjYi5sdFwvd3AtY29udGVudFwvdXBsb2Fkc1wvMjAyNVwvMDFcL0lzc2F1Z290aS1udW8tdXptYXJzdGllcy0yNy5qcGciLCJzbGlkZXNob3ciOiIxODAyZDgxIn0%3D\" href='https:\/\/vrscb.lt\/wp-content\/uploads\/2025\/01\/Issaugoti-nuo-uzmarsties-27.jpg'><img loading=\"lazy\" decoding=\"async\" width=\"480\" height=\"270\" src=\"https:\/\/vrscb.lt\/wp-content\/uploads\/2025\/01\/Issaugoti-nuo-uzmarsties-27-480x270.jpg\" class=\"attachment-thumbnail size-thumbnail\" alt=\"\" \/><\/a>\n\t\t\t<\/div><\/figure><figure class='gallery-item'>\n\t\t\t<div class='gallery-icon landscape'>\n\t\t\t\t<a data-elementor-open-lightbox=\"yes\" data-elementor-lightbox-slideshow=\"1802d81\" data-elementor-lightbox-title=\"I\u0161saugoti nuo u\u017emar\u0161ties (31)\" data-e-action-hash=\"#elementor-action%3Aaction%3Dlightbox%26settings%3DeyJpZCI6MzM4MDAsInVybCI6Imh0dHBzOlwvXC92cnNjYi5sdFwvd3AtY29udGVudFwvdXBsb2Fkc1wvMjAyNVwvMDFcL0lzc2F1Z290aS1udW8tdXptYXJzdGllcy0zMS5qcGciLCJzbGlkZXNob3ciOiIxODAyZDgxIn0%3D\" href='https:\/\/vrscb.lt\/wp-content\/uploads\/2025\/01\/Issaugoti-nuo-uzmarsties-31.jpg'><img loading=\"lazy\" decoding=\"async\" width=\"480\" height=\"270\" src=\"https:\/\/vrscb.lt\/wp-content\/uploads\/2025\/01\/Issaugoti-nuo-uzmarsties-31-480x270.jpg\" class=\"attachment-thumbnail size-thumbnail\" alt=\"\" \/><\/a>\n\t\t\t<\/div><\/figure><figure class='gallery-item'>\n\t\t\t<div class='gallery-icon landscape'>\n\t\t\t\t<a data-elementor-open-lightbox=\"yes\" data-elementor-lightbox-slideshow=\"1802d81\" data-elementor-lightbox-title=\"I\u0161saugoti nuo u\u017emar\u0161ties (32)\" data-e-action-hash=\"#elementor-action%3Aaction%3Dlightbox%26settings%3DeyJpZCI6MzM4MDIsInVybCI6Imh0dHBzOlwvXC92cnNjYi5sdFwvd3AtY29udGVudFwvdXBsb2Fkc1wvMjAyNVwvMDFcL0lzc2F1Z290aS1udW8tdXptYXJzdGllcy0zMi5qcGciLCJzbGlkZXNob3ciOiIxODAyZDgxIn0%3D\" href='https:\/\/vrscb.lt\/wp-content\/uploads\/2025\/01\/Issaugoti-nuo-uzmarsties-32.jpg'><img loading=\"lazy\" decoding=\"async\" width=\"480\" height=\"270\" src=\"https:\/\/vrscb.lt\/wp-content\/uploads\/2025\/01\/Issaugoti-nuo-uzmarsties-32-480x270.jpg\" class=\"attachment-thumbnail size-thumbnail\" alt=\"\" \/><\/a>\n\t\t\t<\/div><\/figure><figure class='gallery-item'>\n\t\t\t<div class='gallery-icon landscape'>\n\t\t\t\t<a data-elementor-open-lightbox=\"yes\" data-elementor-lightbox-slideshow=\"1802d81\" data-elementor-lightbox-title=\"I\u0161saugoti nuo u\u017emar\u0161ties (44)\" data-e-action-hash=\"#elementor-action%3Aaction%3Dlightbox%26settings%3DeyJpZCI6MzM4MDQsInVybCI6Imh0dHBzOlwvXC92cnNjYi5sdFwvd3AtY29udGVudFwvdXBsb2Fkc1wvMjAyNVwvMDFcL0lzc2F1Z290aS1udW8tdXptYXJzdGllcy00NC5qcGciLCJzbGlkZXNob3ciOiIxODAyZDgxIn0%3D\" href='https:\/\/vrscb.lt\/wp-content\/uploads\/2025\/01\/Issaugoti-nuo-uzmarsties-44.jpg'><img loading=\"lazy\" decoding=\"async\" width=\"480\" height=\"270\" src=\"https:\/\/vrscb.lt\/wp-content\/uploads\/2025\/01\/Issaugoti-nuo-uzmarsties-44-480x270.jpg\" class=\"attachment-thumbnail size-thumbnail\" alt=\"\" \/><\/a>\n\t\t\t<\/div><\/figure><figure class='gallery-item'>\n\t\t\t<div class='gallery-icon landscape'>\n\t\t\t\t<a data-elementor-open-lightbox=\"yes\" data-elementor-lightbox-slideshow=\"1802d81\" data-elementor-lightbox-title=\"I\u0161saugoti nuo u\u017emar\u0161ties (47)\" data-e-action-hash=\"#elementor-action%3Aaction%3Dlightbox%26settings%3DeyJpZCI6MzM4MDYsInVybCI6Imh0dHBzOlwvXC92cnNjYi5sdFwvd3AtY29udGVudFwvdXBsb2Fkc1wvMjAyNVwvMDFcL0lzc2F1Z290aS1udW8tdXptYXJzdGllcy00Ny5qcGciLCJzbGlkZXNob3ciOiIxODAyZDgxIn0%3D\" href='https:\/\/vrscb.lt\/wp-content\/uploads\/2025\/01\/Issaugoti-nuo-uzmarsties-47.jpg'><img loading=\"lazy\" decoding=\"async\" width=\"480\" height=\"270\" src=\"https:\/\/vrscb.lt\/wp-content\/uploads\/2025\/01\/Issaugoti-nuo-uzmarsties-47-480x270.jpg\" class=\"attachment-thumbnail size-thumbnail\" alt=\"\" \/><\/a>\n\t\t\t<\/div><\/figure><figure class='gallery-item'>\n\t\t\t<div class='gallery-icon landscape'>\n\t\t\t\t<a data-elementor-open-lightbox=\"yes\" data-elementor-lightbox-slideshow=\"1802d81\" data-elementor-lightbox-title=\"I\u0161saugoti nuo u\u017emar\u0161ties (50)\" data-e-action-hash=\"#elementor-action%3Aaction%3Dlightbox%26settings%3DeyJpZCI6MzM4MDgsInVybCI6Imh0dHBzOlwvXC92cnNjYi5sdFwvd3AtY29udGVudFwvdXBsb2Fkc1wvMjAyNVwvMDFcL0lzc2F1Z290aS1udW8tdXptYXJzdGllcy01MC5qcGciLCJzbGlkZXNob3ciOiIxODAyZDgxIn0%3D\" href='https:\/\/vrscb.lt\/wp-content\/uploads\/2025\/01\/Issaugoti-nuo-uzmarsties-50.jpg'><img loading=\"lazy\" decoding=\"async\" width=\"480\" height=\"270\" src=\"https:\/\/vrscb.lt\/wp-content\/uploads\/2025\/01\/Issaugoti-nuo-uzmarsties-50-480x270.jpg\" class=\"attachment-thumbnail size-thumbnail\" alt=\"\" \/><\/a>\n\t\t\t<\/div><\/figure><figure class='gallery-item'>\n\t\t\t<div class='gallery-icon landscape'>\n\t\t\t\t<a data-elementor-open-lightbox=\"yes\" data-elementor-lightbox-slideshow=\"1802d81\" data-elementor-lightbox-title=\"I\u0161saugoti nuo u\u017emar\u0161ties (19)\" data-e-action-hash=\"#elementor-action%3Aaction%3Dlightbox%26settings%3DeyJpZCI6MzM4MTAsInVybCI6Imh0dHBzOlwvXC92cnNjYi5sdFwvd3AtY29udGVudFwvdXBsb2Fkc1wvMjAyNVwvMDFcL0lzc2F1Z290aS1udW8tdXptYXJzdGllcy0xOS5qcGciLCJzbGlkZXNob3ciOiIxODAyZDgxIn0%3D\" href='https:\/\/vrscb.lt\/wp-content\/uploads\/2025\/01\/Issaugoti-nuo-uzmarsties-19.jpg'><img loading=\"lazy\" decoding=\"async\" width=\"480\" height=\"270\" src=\"https:\/\/vrscb.lt\/wp-content\/uploads\/2025\/01\/Issaugoti-nuo-uzmarsties-19-480x270.jpg\" class=\"attachment-thumbnail size-thumbnail\" alt=\"\" \/><\/a>\n\t\t\t<\/div><\/figure><figure class='gallery-item'>\n\t\t\t<div class='gallery-icon landscape'>\n\t\t\t\t<a data-elementor-open-lightbox=\"yes\" data-elementor-lightbox-slideshow=\"1802d81\" data-elementor-lightbox-title=\"I\u0161saugoti nuo u\u017emar\u0161ties (24)\" data-e-action-hash=\"#elementor-action%3Aaction%3Dlightbox%26settings%3DeyJpZCI6MzM4MTIsInVybCI6Imh0dHBzOlwvXC92cnNjYi5sdFwvd3AtY29udGVudFwvdXBsb2Fkc1wvMjAyNVwvMDFcL0lzc2F1Z290aS1udW8tdXptYXJzdGllcy0yNC5qcGciLCJzbGlkZXNob3ciOiIxODAyZDgxIn0%3D\" href='https:\/\/vrscb.lt\/wp-content\/uploads\/2025\/01\/Issaugoti-nuo-uzmarsties-24.jpg'><img loading=\"lazy\" decoding=\"async\" width=\"480\" height=\"270\" src=\"https:\/\/vrscb.lt\/wp-content\/uploads\/2025\/01\/Issaugoti-nuo-uzmarsties-24-480x270.jpg\" class=\"attachment-thumbnail size-thumbnail\" alt=\"\" \/><\/a>\n\t\t\t<\/div><\/figure><figure class='gallery-item'>\n\t\t\t<div class='gallery-icon landscape'>\n\t\t\t\t<a data-elementor-open-lightbox=\"yes\" data-elementor-lightbox-slideshow=\"1802d81\" data-elementor-lightbox-title=\"I\u0161saugoti nuo u\u017emar\u0161ties (42)\" data-e-action-hash=\"#elementor-action%3Aaction%3Dlightbox%26settings%3DeyJpZCI6MzM4MTUsInVybCI6Imh0dHBzOlwvXC92cnNjYi5sdFwvd3AtY29udGVudFwvdXBsb2Fkc1wvMjAyNVwvMDFcL0lzc2F1Z290aS1udW8tdXptYXJzdGllcy00Mi5qcGciLCJzbGlkZXNob3ciOiIxODAyZDgxIn0%3D\" href='https:\/\/vrscb.lt\/wp-content\/uploads\/2025\/01\/Issaugoti-nuo-uzmarsties-42.jpg'><img loading=\"lazy\" decoding=\"async\" width=\"480\" height=\"270\" src=\"https:\/\/vrscb.lt\/wp-content\/uploads\/2025\/01\/Issaugoti-nuo-uzmarsties-42-480x270.jpg\" class=\"attachment-thumbnail size-thumbnail\" alt=\"\" \/><\/a>\n\t\t\t<\/div><\/figure><figure class='gallery-item'>\n\t\t\t<div class='gallery-icon landscape'>\n\t\t\t\t<a data-elementor-open-lightbox=\"yes\" data-elementor-lightbox-slideshow=\"1802d81\" data-elementor-lightbox-title=\"I\u0161saugoti nuo u\u017emar\u0161ties (45)\" data-e-action-hash=\"#elementor-action%3Aaction%3Dlightbox%26settings%3DeyJpZCI6MzM4MTcsInVybCI6Imh0dHBzOlwvXC92cnNjYi5sdFwvd3AtY29udGVudFwvdXBsb2Fkc1wvMjAyNVwvMDFcL0lzc2F1Z290aS1udW8tdXptYXJzdGllcy00NS5qcGciLCJzbGlkZXNob3ciOiIxODAyZDgxIn0%3D\" href='https:\/\/vrscb.lt\/wp-content\/uploads\/2025\/01\/Issaugoti-nuo-uzmarsties-45.jpg'><img loading=\"lazy\" decoding=\"async\" width=\"480\" height=\"270\" src=\"https:\/\/vrscb.lt\/wp-content\/uploads\/2025\/01\/Issaugoti-nuo-uzmarsties-45-480x270.jpg\" class=\"attachment-thumbnail size-thumbnail\" alt=\"\" \/><\/a>\n\t\t\t<\/div><\/figure><figure class='gallery-item'>\n\t\t\t<div class='gallery-icon landscape'>\n\t\t\t\t<a data-elementor-open-lightbox=\"yes\" data-elementor-lightbox-slideshow=\"1802d81\" data-elementor-lightbox-title=\"I\u0161saugoti nuo u\u017emar\u0161ties (46)\" data-e-action-hash=\"#elementor-action%3Aaction%3Dlightbox%26settings%3DeyJpZCI6MzM4MTksInVybCI6Imh0dHBzOlwvXC92cnNjYi5sdFwvd3AtY29udGVudFwvdXBsb2Fkc1wvMjAyNVwvMDFcL0lzc2F1Z290aS1udW8tdXptYXJzdGllcy00Ni5qcGciLCJzbGlkZXNob3ciOiIxODAyZDgxIn0%3D\" href='https:\/\/vrscb.lt\/wp-content\/uploads\/2025\/01\/Issaugoti-nuo-uzmarsties-46.jpg'><img loading=\"lazy\" decoding=\"async\" width=\"480\" height=\"270\" src=\"https:\/\/vrscb.lt\/wp-content\/uploads\/2025\/01\/Issaugoti-nuo-uzmarsties-46-480x270.jpg\" class=\"attachment-thumbnail size-thumbnail\" alt=\"\" \/><\/a>\n\t\t\t<\/div><\/figure><figure class='gallery-item'>\n\t\t\t<div class='gallery-icon portrait'>\n\t\t\t\t<a data-elementor-open-lightbox=\"yes\" data-elementor-lightbox-slideshow=\"1802d81\" data-elementor-lightbox-title=\"I\u0161saugoti nuo u\u017emar\u0161ties (16)\" data-e-action-hash=\"#elementor-action%3Aaction%3Dlightbox%26settings%3DeyJpZCI6MzM4MjQsInVybCI6Imh0dHBzOlwvXC92cnNjYi5sdFwvd3AtY29udGVudFwvdXBsb2Fkc1wvMjAyNVwvMDFcL0lzc2F1Z290aS1udW8tdXptYXJzdGllcy0xNi5qcGciLCJzbGlkZXNob3ciOiIxODAyZDgxIn0%3D\" href='https:\/\/vrscb.lt\/wp-content\/uploads\/2025\/01\/Issaugoti-nuo-uzmarsties-16.jpg'><img loading=\"lazy\" decoding=\"async\" width=\"480\" height=\"270\" src=\"https:\/\/vrscb.lt\/wp-content\/uploads\/2025\/01\/Issaugoti-nuo-uzmarsties-16-480x270.jpg\" class=\"attachment-thumbnail size-thumbnail\" alt=\"\" \/><\/a>\n\t\t\t<\/div><\/figure><figure class='gallery-item'>\n\t\t\t<div class='gallery-icon portrait'>\n\t\t\t\t<a data-elementor-open-lightbox=\"yes\" data-elementor-lightbox-slideshow=\"1802d81\" data-elementor-lightbox-title=\"I\u0161saugoti nuo u\u017emar\u0161ties (6)\" data-e-action-hash=\"#elementor-action%3Aaction%3Dlightbox%26settings%3DeyJpZCI6MzM4MjYsInVybCI6Imh0dHBzOlwvXC92cnNjYi5sdFwvd3AtY29udGVudFwvdXBsb2Fkc1wvMjAyNVwvMDFcL0lzc2F1Z290aS1udW8tdXptYXJzdGllcy02LmpwZyIsInNsaWRlc2hvdyI6IjE4MDJkODEifQ%3D%3D\" href='https:\/\/vrscb.lt\/wp-content\/uploads\/2025\/01\/Issaugoti-nuo-uzmarsties-6.jpg'><img loading=\"lazy\" decoding=\"async\" width=\"480\" height=\"270\" src=\"https:\/\/vrscb.lt\/wp-content\/uploads\/2025\/01\/Issaugoti-nuo-uzmarsties-6-480x270.jpg\" class=\"attachment-thumbnail size-thumbnail\" alt=\"\" \/><\/a>\n\t\t\t<\/div><\/figure><figure class='gallery-item'>\n\t\t\t<div class='gallery-icon landscape'>\n\t\t\t\t<a data-elementor-open-lightbox=\"yes\" data-elementor-lightbox-slideshow=\"1802d81\" data-elementor-lightbox-title=\"I\u0161saugoti nuo u\u017emar\u0161ties (34)\" data-e-action-hash=\"#elementor-action%3Aaction%3Dlightbox%26settings%3DeyJpZCI6MzM4MjgsInVybCI6Imh0dHBzOlwvXC92cnNjYi5sdFwvd3AtY29udGVudFwvdXBsb2Fkc1wvMjAyNVwvMDFcL0lzc2F1Z290aS1udW8tdXptYXJzdGllcy0zNC5qcGciLCJzbGlkZXNob3ciOiIxODAyZDgxIn0%3D\" href='https:\/\/vrscb.lt\/wp-content\/uploads\/2025\/01\/Issaugoti-nuo-uzmarsties-34.jpg'><img loading=\"lazy\" decoding=\"async\" width=\"480\" height=\"270\" src=\"https:\/\/vrscb.lt\/wp-content\/uploads\/2025\/01\/Issaugoti-nuo-uzmarsties-34-480x270.jpg\" class=\"attachment-thumbnail size-thumbnail\" alt=\"\" \/><\/a>\n\t\t\t<\/div><\/figure><figure class='gallery-item'>\n\t\t\t<div class='gallery-icon landscape'>\n\t\t\t\t<a data-elementor-open-lightbox=\"yes\" data-elementor-lightbox-slideshow=\"1802d81\" data-elementor-lightbox-title=\"I\u0161saugoti nuo u\u017emar\u0161ties (35)\" data-e-action-hash=\"#elementor-action%3Aaction%3Dlightbox%26settings%3DeyJpZCI6MzM4MzAsInVybCI6Imh0dHBzOlwvXC92cnNjYi5sdFwvd3AtY29udGVudFwvdXBsb2Fkc1wvMjAyNVwvMDFcL0lzc2F1Z290aS1udW8tdXptYXJzdGllcy0zNS5qcGciLCJzbGlkZXNob3ciOiIxODAyZDgxIn0%3D\" href='https:\/\/vrscb.lt\/wp-content\/uploads\/2025\/01\/Issaugoti-nuo-uzmarsties-35.jpg'><img loading=\"lazy\" decoding=\"async\" width=\"480\" height=\"270\" src=\"https:\/\/vrscb.lt\/wp-content\/uploads\/2025\/01\/Issaugoti-nuo-uzmarsties-35-480x270.jpg\" class=\"attachment-thumbnail size-thumbnail\" alt=\"\" \/><\/a>\n\t\t\t<\/div><\/figure><figure class='gallery-item'>\n\t\t\t<div class='gallery-icon landscape'>\n\t\t\t\t<a data-elementor-open-lightbox=\"yes\" data-elementor-lightbox-slideshow=\"1802d81\" data-elementor-lightbox-title=\"I\u0161saugoti nuo u\u017emar\u0161ties (36)\" data-e-action-hash=\"#elementor-action%3Aaction%3Dlightbox%26settings%3DeyJpZCI6MzM4MzIsInVybCI6Imh0dHBzOlwvXC92cnNjYi5sdFwvd3AtY29udGVudFwvdXBsb2Fkc1wvMjAyNVwvMDFcL0lzc2F1Z290aS1udW8tdXptYXJzdGllcy0zNi5qcGciLCJzbGlkZXNob3ciOiIxODAyZDgxIn0%3D\" href='https:\/\/vrscb.lt\/wp-content\/uploads\/2025\/01\/Issaugoti-nuo-uzmarsties-36.jpg'><img loading=\"lazy\" decoding=\"async\" width=\"480\" height=\"270\" src=\"https:\/\/vrscb.lt\/wp-content\/uploads\/2025\/01\/Issaugoti-nuo-uzmarsties-36-480x270.jpg\" class=\"attachment-thumbnail size-thumbnail\" alt=\"\" \/><\/a>\n\t\t\t<\/div><\/figure><figure class='gallery-item'>\n\t\t\t<div class='gallery-icon landscape'>\n\t\t\t\t<a data-elementor-open-lightbox=\"yes\" data-elementor-lightbox-slideshow=\"1802d81\" data-elementor-lightbox-title=\"I\u0161saugoti nuo u\u017emar\u0161ties (38)\" data-e-action-hash=\"#elementor-action%3Aaction%3Dlightbox%26settings%3DeyJpZCI6MzM4MzQsInVybCI6Imh0dHBzOlwvXC92cnNjYi5sdFwvd3AtY29udGVudFwvdXBsb2Fkc1wvMjAyNVwvMDFcL0lzc2F1Z290aS1udW8tdXptYXJzdGllcy0zOC5qcGciLCJzbGlkZXNob3ciOiIxODAyZDgxIn0%3D\" href='https:\/\/vrscb.lt\/wp-content\/uploads\/2025\/01\/Issaugoti-nuo-uzmarsties-38.jpg'><img loading=\"lazy\" decoding=\"async\" width=\"480\" height=\"270\" src=\"https:\/\/vrscb.lt\/wp-content\/uploads\/2025\/01\/Issaugoti-nuo-uzmarsties-38-480x270.jpg\" class=\"attachment-thumbnail size-thumbnail\" alt=\"\" \/><\/a>\n\t\t\t<\/div><\/figure><figure class='gallery-item'>\n\t\t\t<div class='gallery-icon landscape'>\n\t\t\t\t<a data-elementor-open-lightbox=\"yes\" data-elementor-lightbox-slideshow=\"1802d81\" data-elementor-lightbox-title=\"I\u0161saugoti nuo u\u017emar\u0161ties (1)\" data-e-action-hash=\"#elementor-action%3Aaction%3Dlightbox%26settings%3DeyJpZCI6MzM4MzYsInVybCI6Imh0dHBzOlwvXC92cnNjYi5sdFwvd3AtY29udGVudFwvdXBsb2Fkc1wvMjAyNVwvMDFcL0lzc2F1Z290aS1udW8tdXptYXJzdGllcy0xLmpwZyIsInNsaWRlc2hvdyI6IjE4MDJkODEifQ%3D%3D\" href='https:\/\/vrscb.lt\/wp-content\/uploads\/2025\/01\/Issaugoti-nuo-uzmarsties-1.jpg'><img loading=\"lazy\" decoding=\"async\" width=\"480\" height=\"270\" src=\"https:\/\/vrscb.lt\/wp-content\/uploads\/2025\/01\/Issaugoti-nuo-uzmarsties-1-480x270.jpg\" class=\"attachment-thumbnail size-thumbnail\" alt=\"\" \/><\/a>\n\t\t\t<\/div><\/figure><figure class='gallery-item'>\n\t\t\t<div class='gallery-icon landscape'>\n\t\t\t\t<a data-elementor-open-lightbox=\"yes\" data-elementor-lightbox-slideshow=\"1802d81\" data-elementor-lightbox-title=\"I\u0161saugoti nuo u\u017emar\u0161ties (2)\" data-e-action-hash=\"#elementor-action%3Aaction%3Dlightbox%26settings%3DeyJpZCI6MzM4MzgsInVybCI6Imh0dHBzOlwvXC92cnNjYi5sdFwvd3AtY29udGVudFwvdXBsb2Fkc1wvMjAyNVwvMDFcL0lzc2F1Z290aS1udW8tdXptYXJzdGllcy0yLmpwZyIsInNsaWRlc2hvdyI6IjE4MDJkODEifQ%3D%3D\" href='https:\/\/vrscb.lt\/wp-content\/uploads\/2025\/01\/Issaugoti-nuo-uzmarsties-2.jpg'><img loading=\"lazy\" decoding=\"async\" width=\"480\" height=\"270\" src=\"https:\/\/vrscb.lt\/wp-content\/uploads\/2025\/01\/Issaugoti-nuo-uzmarsties-2-480x270.jpg\" class=\"attachment-thumbnail size-thumbnail\" alt=\"\" \/><\/a>\n\t\t\t<\/div><\/figure><figure class='gallery-item'>\n\t\t\t<div class='gallery-icon landscape'>\n\t\t\t\t<a data-elementor-open-lightbox=\"yes\" data-elementor-lightbox-slideshow=\"1802d81\" data-elementor-lightbox-title=\"I\u0161saugoti nuo u\u017emar\u0161ties (3)\" data-e-action-hash=\"#elementor-action%3Aaction%3Dlightbox%26settings%3DeyJpZCI6MzM4NDAsInVybCI6Imh0dHBzOlwvXC92cnNjYi5sdFwvd3AtY29udGVudFwvdXBsb2Fkc1wvMjAyNVwvMDFcL0lzc2F1Z290aS1udW8tdXptYXJzdGllcy0zLmpwZyIsInNsaWRlc2hvdyI6IjE4MDJkODEifQ%3D%3D\" href='https:\/\/vrscb.lt\/wp-content\/uploads\/2025\/01\/Issaugoti-nuo-uzmarsties-3.jpg'><img loading=\"lazy\" decoding=\"async\" width=\"480\" height=\"270\" src=\"https:\/\/vrscb.lt\/wp-content\/uploads\/2025\/01\/Issaugoti-nuo-uzmarsties-3-480x270.jpg\" class=\"attachment-thumbnail size-thumbnail\" alt=\"\" \/><\/a>\n\t\t\t<\/div><\/figure><figure class='gallery-item'>\n\t\t\t<div class='gallery-icon landscape'>\n\t\t\t\t<a data-elementor-open-lightbox=\"yes\" data-elementor-lightbox-slideshow=\"1802d81\" data-elementor-lightbox-title=\"I\u0161saugoti nuo u\u017emar\u0161ties (4)\" data-e-action-hash=\"#elementor-action%3Aaction%3Dlightbox%26settings%3DeyJpZCI6MzM4NDIsInVybCI6Imh0dHBzOlwvXC92cnNjYi5sdFwvd3AtY29udGVudFwvdXBsb2Fkc1wvMjAyNVwvMDFcL0lzc2F1Z290aS1udW8tdXptYXJzdGllcy00LmpwZyIsInNsaWRlc2hvdyI6IjE4MDJkODEifQ%3D%3D\" href='https:\/\/vrscb.lt\/wp-content\/uploads\/2025\/01\/Issaugoti-nuo-uzmarsties-4.jpg'><img loading=\"lazy\" decoding=\"async\" width=\"480\" height=\"270\" src=\"https:\/\/vrscb.lt\/wp-content\/uploads\/2025\/01\/Issaugoti-nuo-uzmarsties-4-480x270.jpg\" class=\"attachment-thumbnail size-thumbnail\" alt=\"\" \/><\/a>\n\t\t\t<\/div><\/figure><figure class='gallery-item'>\n\t\t\t<div class='gallery-icon landscape'>\n\t\t\t\t<a data-elementor-open-lightbox=\"yes\" data-elementor-lightbox-slideshow=\"1802d81\" data-elementor-lightbox-title=\"I\u0161saugoti nuo u\u017emar\u0161ties (5)\" data-e-action-hash=\"#elementor-action%3Aaction%3Dlightbox%26settings%3DeyJpZCI6MzM4NDQsInVybCI6Imh0dHBzOlwvXC92cnNjYi5sdFwvd3AtY29udGVudFwvdXBsb2Fkc1wvMjAyNVwvMDFcL0lzc2F1Z290aS1udW8tdXptYXJzdGllcy01LmpwZyIsInNsaWRlc2hvdyI6IjE4MDJkODEifQ%3D%3D\" href='https:\/\/vrscb.lt\/wp-content\/uploads\/2025\/01\/Issaugoti-nuo-uzmarsties-5.jpg'><img loading=\"lazy\" decoding=\"async\" width=\"480\" height=\"270\" src=\"https:\/\/vrscb.lt\/wp-content\/uploads\/2025\/01\/Issaugoti-nuo-uzmarsties-5-480x270.jpg\" class=\"attachment-thumbnail size-thumbnail\" alt=\"\" \/><\/a>\n\t\t\t<\/div><\/figure><figure class='gallery-item'>\n\t\t\t<div class='gallery-icon landscape'>\n\t\t\t\t<a data-elementor-open-lightbox=\"yes\" data-elementor-lightbox-slideshow=\"1802d81\" data-elementor-lightbox-title=\"I\u0161saugoti nuo u\u017emar\u0161ties (7)\" data-e-action-hash=\"#elementor-action%3Aaction%3Dlightbox%26settings%3DeyJpZCI6MzM4NDYsInVybCI6Imh0dHBzOlwvXC92cnNjYi5sdFwvd3AtY29udGVudFwvdXBsb2Fkc1wvMjAyNVwvMDFcL0lzc2F1Z290aS1udW8tdXptYXJzdGllcy03LmpwZyIsInNsaWRlc2hvdyI6IjE4MDJkODEifQ%3D%3D\" href='https:\/\/vrscb.lt\/wp-content\/uploads\/2025\/01\/Issaugoti-nuo-uzmarsties-7.jpg'><img loading=\"lazy\" decoding=\"async\" width=\"480\" height=\"270\" src=\"https:\/\/vrscb.lt\/wp-content\/uploads\/2025\/01\/Issaugoti-nuo-uzmarsties-7-480x270.jpg\" class=\"attachment-thumbnail size-thumbnail\" alt=\"\" \/><\/a>\n\t\t\t<\/div><\/figure><figure class='gallery-item'>\n\t\t\t<div class='gallery-icon landscape'>\n\t\t\t\t<a data-elementor-open-lightbox=\"yes\" data-elementor-lightbox-slideshow=\"1802d81\" data-elementor-lightbox-title=\"I\u0161saugoti nuo u\u017emar\u0161ties (8)\" data-e-action-hash=\"#elementor-action%3Aaction%3Dlightbox%26settings%3DeyJpZCI6MzM4NDgsInVybCI6Imh0dHBzOlwvXC92cnNjYi5sdFwvd3AtY29udGVudFwvdXBsb2Fkc1wvMjAyNVwvMDFcL0lzc2F1Z290aS1udW8tdXptYXJzdGllcy04LmpwZyIsInNsaWRlc2hvdyI6IjE4MDJkODEifQ%3D%3D\" href='https:\/\/vrscb.lt\/wp-content\/uploads\/2025\/01\/Issaugoti-nuo-uzmarsties-8.jpg'><img loading=\"lazy\" decoding=\"async\" width=\"480\" height=\"270\" src=\"https:\/\/vrscb.lt\/wp-content\/uploads\/2025\/01\/Issaugoti-nuo-uzmarsties-8-480x270.jpg\" class=\"attachment-thumbnail size-thumbnail\" alt=\"\" \/><\/a>\n\t\t\t<\/div><\/figure><figure class='gallery-item'>\n\t\t\t<div class='gallery-icon landscape'>\n\t\t\t\t<a data-elementor-open-lightbox=\"yes\" data-elementor-lightbox-slideshow=\"1802d81\" data-elementor-lightbox-title=\"I\u0161saugoti nuo u\u017emar\u0161ties (11)\" data-e-action-hash=\"#elementor-action%3Aaction%3Dlightbox%26settings%3DeyJpZCI6MzM4NTAsInVybCI6Imh0dHBzOlwvXC92cnNjYi5sdFwvd3AtY29udGVudFwvdXBsb2Fkc1wvMjAyNVwvMDFcL0lzc2F1Z290aS1udW8tdXptYXJzdGllcy0xMS5qcGciLCJzbGlkZXNob3ciOiIxODAyZDgxIn0%3D\" href='https:\/\/vrscb.lt\/wp-content\/uploads\/2025\/01\/Issaugoti-nuo-uzmarsties-11.jpg'><img loading=\"lazy\" decoding=\"async\" width=\"480\" height=\"270\" src=\"https:\/\/vrscb.lt\/wp-content\/uploads\/2025\/01\/Issaugoti-nuo-uzmarsties-11-480x270.jpg\" class=\"attachment-thumbnail size-thumbnail\" alt=\"\" \/><\/a>\n\t\t\t<\/div><\/figure><figure class='gallery-item'>\n\t\t\t<div class='gallery-icon landscape'>\n\t\t\t\t<a data-elementor-open-lightbox=\"yes\" data-elementor-lightbox-slideshow=\"1802d81\" data-elementor-lightbox-title=\"I\u0161saugoti nuo u\u017emar\u0161ties (12)\" data-e-action-hash=\"#elementor-action%3Aaction%3Dlightbox%26settings%3DeyJpZCI6MzM4NTIsInVybCI6Imh0dHBzOlwvXC92cnNjYi5sdFwvd3AtY29udGVudFwvdXBsb2Fkc1wvMjAyNVwvMDFcL0lzc2F1Z290aS1udW8tdXptYXJzdGllcy0xMi5qcGciLCJzbGlkZXNob3ciOiIxODAyZDgxIn0%3D\" href='https:\/\/vrscb.lt\/wp-content\/uploads\/2025\/01\/Issaugoti-nuo-uzmarsties-12.jpg'><img loading=\"lazy\" decoding=\"async\" width=\"480\" height=\"270\" src=\"https:\/\/vrscb.lt\/wp-content\/uploads\/2025\/01\/Issaugoti-nuo-uzmarsties-12-480x270.jpg\" class=\"attachment-thumbnail size-thumbnail\" alt=\"\" \/><\/a>\n\t\t\t<\/div><\/figure><figure class='gallery-item'>\n\t\t\t<div class='gallery-icon landscape'>\n\t\t\t\t<a data-elementor-open-lightbox=\"yes\" data-elementor-lightbox-slideshow=\"1802d81\" data-elementor-lightbox-title=\"I\u0161saugoti nuo u\u017emar\u0161ties (13)\" data-e-action-hash=\"#elementor-action%3Aaction%3Dlightbox%26settings%3DeyJpZCI6MzM4NTQsInVybCI6Imh0dHBzOlwvXC92cnNjYi5sdFwvd3AtY29udGVudFwvdXBsb2Fkc1wvMjAyNVwvMDFcL0lzc2F1Z290aS1udW8tdXptYXJzdGllcy0xMy5qcGciLCJzbGlkZXNob3ciOiIxODAyZDgxIn0%3D\" href='https:\/\/vrscb.lt\/wp-content\/uploads\/2025\/01\/Issaugoti-nuo-uzmarsties-13.jpg'><img loading=\"lazy\" decoding=\"async\" width=\"480\" height=\"270\" src=\"https:\/\/vrscb.lt\/wp-content\/uploads\/2025\/01\/Issaugoti-nuo-uzmarsties-13-480x270.jpg\" class=\"attachment-thumbnail size-thumbnail\" alt=\"\" \/><\/a>\n\t\t\t<\/div><\/figure><figure class='gallery-item'>\n\t\t\t<div class='gallery-icon landscape'>\n\t\t\t\t<a data-elementor-open-lightbox=\"yes\" data-elementor-lightbox-slideshow=\"1802d81\" data-elementor-lightbox-title=\"I\u0161saugoti nuo u\u017emar\u0161ties (15)\" data-e-action-hash=\"#elementor-action%3Aaction%3Dlightbox%26settings%3DeyJpZCI6MzM4NTYsInVybCI6Imh0dHBzOlwvXC92cnNjYi5sdFwvd3AtY29udGVudFwvdXBsb2Fkc1wvMjAyNVwvMDFcL0lzc2F1Z290aS1udW8tdXptYXJzdGllcy0xNS5qcGciLCJzbGlkZXNob3ciOiIxODAyZDgxIn0%3D\" href='https:\/\/vrscb.lt\/wp-content\/uploads\/2025\/01\/Issaugoti-nuo-uzmarsties-15.jpg'><img loading=\"lazy\" decoding=\"async\" width=\"480\" height=\"270\" src=\"https:\/\/vrscb.lt\/wp-content\/uploads\/2025\/01\/Issaugoti-nuo-uzmarsties-15-480x270.jpg\" class=\"attachment-thumbnail size-thumbnail\" alt=\"\" \/><\/a>\n\t\t\t<\/div><\/figure>\n\t\t<\/div>\n\t\t<\/div>\n\t\t\t\t\t\t<\/div>\n\t\t\t\t<\/div>\n\t\t\t\t\t<\/div>\n\t\t<\/div>\n\t\t\t\t\t<\/div>\n\t\t<\/section>\n\t\t\t\t<\/div>\n\t\t","protected":false},"excerpt":{"rendered":"<div class=\"entry-summary\">\n12 grudnia w dworku w Glinciszkach podczas uroczystej prezentacji projektu \u201eOcali\u0107 od zapomnienia \u2013 r\u00f3d Jele\u0144skich w Glinciszkach\u201dodby\u0142 si\u0119 wernisa\u017c wystawy, w kt\u00f3rym udzia\u0142 wzi\u0119li mieszka\u0144cy Glinciszek, nauczyciele, bibliotekarze oraz przedstawiciele Litewskiej Biblioteki Akademii Nauk i Powiatowej Biblioteki Publicznej im.&hellip;\n<\/div>\n<div class=\"link-more\"><a href=\"https:\/\/vrscb.lt\/pl\/prezentacja-projektu-ocalic-od-zapomnienia-rod-jelenskich-w-glinciszkach\/\" class=\"more-link\">Czytaj wi\u0119cej<span class=\"screen-reader-text\"> &ldquo;Prezentacja projektu \u201eOcali\u0107 od zapomnienia \u2013 r\u00f3d Jele\u0144skich w Glinciszkach\u201d&rdquo;<\/span>\u2026<\/a><\/div>\n","protected":false},"author":3,"featured_media":33681,"comment_status":"closed","ping_status":"closed","sticky":false,"template":"","format":"standard","meta":{"_acf_changed":false,"footnotes":""},"categories":[96],"tags":[],"class_list":["post-33711","post","type-post","status-publish","format-standard","has-post-thumbnail","hentry","category-imprezy","entry"],"acf":[],"yoast_head":"<!-- This site is optimized with the Yoast SEO plugin v27.5 - https:\/\/yoast.com\/product\/yoast-seo-wordpress\/ -->\n<title>Prezentacja projektu \u201eOcali\u0107 od zapomnienia \u2013 r\u00f3d Jele\u0144skich w Glinciszkach\u201d - Vilniaus rajono savivaldyb\u0117s Centrin\u0117 biblioteka<\/title>\n<meta name=\"robots\" content=\"index, follow, max-snippet:-1, max-image-preview:large, max-video-preview:-1\" \/>\n<link rel=\"canonical\" href=\"https:\/\/vrscb.lt\/pl\/prezentacja-projektu-ocalic-od-zapomnienia-rod-jelenskich-w-glinciszkach\/\" \/>\n<meta property=\"og:locale\" content=\"pl_PL\" \/>\n<meta property=\"og:type\" content=\"article\" \/>\n<meta property=\"og:title\" content=\"Prezentacja projektu \u201eOcali\u0107 od zapomnienia \u2013 r\u00f3d Jele\u0144skich w Glinciszkach\u201d - Vilniaus rajono savivaldyb\u0117s Centrin\u0117 biblioteka\" \/>\n<meta property=\"og:description\" content=\"12 grudnia w dworku w Glinciszkach podczas uroczystej prezentacji projektu \u201eOcali\u0107 od zapomnienia \u2013 r\u00f3d Jele\u0144skich w Glinciszkach\u201dodby\u0142 si\u0119 wernisa\u017c wystawy, w kt\u00f3rym udzia\u0142 wzi\u0119li mieszka\u0144cy Glinciszek, nauczyciele, bibliotekarze oraz przedstawiciele Litewskiej Biblioteki Akademii Nauk i Powiatowej Biblioteki Publicznej im.&hellip; Czytaj wi\u0119cej &ldquo;Prezentacja projektu \u201eOcali\u0107 od zapomnienia \u2013 r\u00f3d Jele\u0144skich w Glinciszkach\u201d&rdquo;\u2026\" \/>\n<meta property=\"og:url\" content=\"https:\/\/vrscb.lt\/pl\/prezentacja-projektu-ocalic-od-zapomnienia-rod-jelenskich-w-glinciszkach\/\" \/>\n<meta property=\"og:site_name\" content=\"Vilniaus rajono savivaldyb\u0117s Centrin\u0117 biblioteka\" \/>\n<meta property=\"article:published_time\" content=\"2024-12-18T07:40:33+00:00\" \/>\n<meta property=\"article:modified_time\" content=\"2025-01-09T10:44:17+00:00\" \/>\n<meta property=\"og:image\" content=\"https:\/\/vrscb.lt\/wp-content\/uploads\/2024\/12\/Issaugoti-nuo-uzmarsties-44-1.jpg\" \/>\n\t<meta property=\"og:image:width\" content=\"1280\" \/>\n\t<meta property=\"og:image:height\" content=\"853\" \/>\n\t<meta property=\"og:image:type\" content=\"image\/jpeg\" \/>\n<meta name=\"author\" content=\"VRSCB\" \/>\n<meta name=\"twitter:card\" content=\"summary_large_image\" \/>\n<meta name=\"twitter:label1\" content=\"Napisane przez\" \/>\n\t<meta name=\"twitter:data1\" content=\"VRSCB\" \/>\n\t<meta name=\"twitter:label2\" content=\"Szacowany czas czytania\" \/>\n\t<meta name=\"twitter:data2\" content=\"9 minut\" \/>\n<script type=\"application\/ld+json\" class=\"yoast-schema-graph\">{\"@context\":\"https:\\\/\\\/schema.org\",\"@graph\":[{\"@type\":\"Article\",\"@id\":\"https:\\\/\\\/vrscb.lt\\\/pl\\\/prezentacja-projektu-ocalic-od-zapomnienia-rod-jelenskich-w-glinciszkach\\\/#article\",\"isPartOf\":{\"@id\":\"https:\\\/\\\/vrscb.lt\\\/pl\\\/prezentacja-projektu-ocalic-od-zapomnienia-rod-jelenskich-w-glinciszkach\\\/\"},\"author\":{\"name\":\"VRSCB\",\"@id\":\"https:\\\/\\\/vrscb.lt\\\/#\\\/schema\\\/person\\\/0b84365a98053f509501f91b5be6c097\"},\"headline\":\"Prezentacja projektu \u201eOcali\u0107 od zapomnienia \u2013 r\u00f3d Jele\u0144skich w Glinciszkach\u201d\",\"datePublished\":\"2024-12-18T07:40:33+00:00\",\"dateModified\":\"2025-01-09T10:44:17+00:00\",\"mainEntityOfPage\":{\"@id\":\"https:\\\/\\\/vrscb.lt\\\/pl\\\/prezentacja-projektu-ocalic-od-zapomnienia-rod-jelenskich-w-glinciszkach\\\/\"},\"wordCount\":495,\"publisher\":{\"@id\":\"https:\\\/\\\/vrscb.lt\\\/#organization\"},\"image\":{\"@id\":\"https:\\\/\\\/vrscb.lt\\\/pl\\\/prezentacja-projektu-ocalic-od-zapomnienia-rod-jelenskich-w-glinciszkach\\\/#primaryimage\"},\"thumbnailUrl\":\"https:\\\/\\\/vrscb.lt\\\/wp-content\\\/uploads\\\/2024\\\/12\\\/Issaugoti-nuo-uzmarsties-44-1.jpg\",\"articleSection\":[\"Imprezy\"],\"inLanguage\":\"pl-PL\"},{\"@type\":\"WebPage\",\"@id\":\"https:\\\/\\\/vrscb.lt\\\/pl\\\/prezentacja-projektu-ocalic-od-zapomnienia-rod-jelenskich-w-glinciszkach\\\/\",\"url\":\"https:\\\/\\\/vrscb.lt\\\/pl\\\/prezentacja-projektu-ocalic-od-zapomnienia-rod-jelenskich-w-glinciszkach\\\/\",\"name\":\"Prezentacja projektu \u201eOcali\u0107 od zapomnienia \u2013 r\u00f3d Jele\u0144skich w Glinciszkach\u201d - Vilniaus rajono savivaldyb\u0117s Centrin\u0117 biblioteka\",\"isPartOf\":{\"@id\":\"https:\\\/\\\/vrscb.lt\\\/#website\"},\"primaryImageOfPage\":{\"@id\":\"https:\\\/\\\/vrscb.lt\\\/pl\\\/prezentacja-projektu-ocalic-od-zapomnienia-rod-jelenskich-w-glinciszkach\\\/#primaryimage\"},\"image\":{\"@id\":\"https:\\\/\\\/vrscb.lt\\\/pl\\\/prezentacja-projektu-ocalic-od-zapomnienia-rod-jelenskich-w-glinciszkach\\\/#primaryimage\"},\"thumbnailUrl\":\"https:\\\/\\\/vrscb.lt\\\/wp-content\\\/uploads\\\/2024\\\/12\\\/Issaugoti-nuo-uzmarsties-44-1.jpg\",\"datePublished\":\"2024-12-18T07:40:33+00:00\",\"dateModified\":\"2025-01-09T10:44:17+00:00\",\"breadcrumb\":{\"@id\":\"https:\\\/\\\/vrscb.lt\\\/pl\\\/prezentacja-projektu-ocalic-od-zapomnienia-rod-jelenskich-w-glinciszkach\\\/#breadcrumb\"},\"inLanguage\":\"pl-PL\",\"potentialAction\":[{\"@type\":\"ReadAction\",\"target\":[\"https:\\\/\\\/vrscb.lt\\\/pl\\\/prezentacja-projektu-ocalic-od-zapomnienia-rod-jelenskich-w-glinciszkach\\\/\"]}]},{\"@type\":\"ImageObject\",\"inLanguage\":\"pl-PL\",\"@id\":\"https:\\\/\\\/vrscb.lt\\\/pl\\\/prezentacja-projektu-ocalic-od-zapomnienia-rod-jelenskich-w-glinciszkach\\\/#primaryimage\",\"url\":\"https:\\\/\\\/vrscb.lt\\\/wp-content\\\/uploads\\\/2024\\\/12\\\/Issaugoti-nuo-uzmarsties-44-1.jpg\",\"contentUrl\":\"https:\\\/\\\/vrscb.lt\\\/wp-content\\\/uploads\\\/2024\\\/12\\\/Issaugoti-nuo-uzmarsties-44-1.jpg\",\"width\":1280,\"height\":853},{\"@type\":\"BreadcrumbList\",\"@id\":\"https:\\\/\\\/vrscb.lt\\\/pl\\\/prezentacja-projektu-ocalic-od-zapomnienia-rod-jelenskich-w-glinciszkach\\\/#breadcrumb\",\"itemListElement\":[{\"@type\":\"ListItem\",\"position\":1,\"name\":\"Dom\",\"item\":\"https:\\\/\\\/vrscb.lt\\\/\"},{\"@type\":\"ListItem\",\"position\":2,\"name\":\"Prezentacja projektu \u201eOcali\u0107 od zapomnienia \u2013 r\u00f3d Jele\u0144skich w Glinciszkach\u201d\"}]},{\"@type\":\"WebSite\",\"@id\":\"https:\\\/\\\/vrscb.lt\\\/#website\",\"url\":\"https:\\\/\\\/vrscb.lt\\\/\",\"name\":\"Vilniaus rajono savivaldyb\u0117s Centrin\u0117 biblioteka\",\"description\":\"Vilniaus rajono savivaldyb\u0117s Centrin\u0117 biblioteka kvie\u010dia visus prisijungti prie visuotin\u0117s pilietin\u0117s iniciatyvos \u201eAtmintis gyva, nes liudija\u201c ir u\u017edegti atminimo.\",\"publisher\":{\"@id\":\"https:\\\/\\\/vrscb.lt\\\/#organization\"},\"potentialAction\":[{\"@type\":\"SearchAction\",\"target\":{\"@type\":\"EntryPoint\",\"urlTemplate\":\"https:\\\/\\\/vrscb.lt\\\/?s={search_term_string}\"},\"query-input\":{\"@type\":\"PropertyValueSpecification\",\"valueRequired\":true,\"valueName\":\"search_term_string\"}}],\"inLanguage\":\"pl-PL\"},{\"@type\":\"Organization\",\"@id\":\"https:\\\/\\\/vrscb.lt\\\/#organization\",\"name\":\"Vilniaus rajono savivaldyb\u0117s Centrin\u0117 biblioteka\",\"url\":\"https:\\\/\\\/vrscb.lt\\\/\",\"logo\":{\"@type\":\"ImageObject\",\"inLanguage\":\"pl-PL\",\"@id\":\"https:\\\/\\\/vrscb.lt\\\/#\\\/schema\\\/logo\\\/image\\\/\",\"url\":\"https:\\\/\\\/vrscb.lt\\\/wp-content\\\/uploads\\\/2021\\\/02\\\/LOGO_BIBLIOTEKA_RUDAMINA_2018_02_08-1.png\",\"contentUrl\":\"https:\\\/\\\/vrscb.lt\\\/wp-content\\\/uploads\\\/2021\\\/02\\\/LOGO_BIBLIOTEKA_RUDAMINA_2018_02_08-1.png\",\"width\":1084,\"height\":1084,\"caption\":\"Vilniaus rajono savivaldyb\u0117s Centrin\u0117 biblioteka\"},\"image\":{\"@id\":\"https:\\\/\\\/vrscb.lt\\\/#\\\/schema\\\/logo\\\/image\\\/\"}},{\"@type\":\"Person\",\"@id\":\"https:\\\/\\\/vrscb.lt\\\/#\\\/schema\\\/person\\\/0b84365a98053f509501f91b5be6c097\",\"name\":\"VRSCB\",\"image\":{\"@type\":\"ImageObject\",\"inLanguage\":\"pl-PL\",\"@id\":\"https:\\\/\\\/secure.gravatar.com\\\/avatar\\\/cb8817ba573049eab6d3f0458a0218e93a27995fe49a8323902e053d82443b77?s=96&d=mm&r=g\",\"url\":\"https:\\\/\\\/secure.gravatar.com\\\/avatar\\\/cb8817ba573049eab6d3f0458a0218e93a27995fe49a8323902e053d82443b77?s=96&d=mm&r=g\",\"contentUrl\":\"https:\\\/\\\/secure.gravatar.com\\\/avatar\\\/cb8817ba573049eab6d3f0458a0218e93a27995fe49a8323902e053d82443b77?s=96&d=mm&r=g\",\"caption\":\"VRSCB\"},\"url\":\"https:\\\/\\\/vrscb.lt\\\/pl\\\/author\\\/pavelas\\\/\"}]}<\/script>\n<!-- \/ Yoast SEO plugin. -->","yoast_head_json":{"title":"Prezentacja projektu \u201eOcali\u0107 od zapomnienia \u2013 r\u00f3d Jele\u0144skich w Glinciszkach\u201d - Vilniaus rajono savivaldyb\u0117s Centrin\u0117 biblioteka","robots":{"index":"index","follow":"follow","max-snippet":"max-snippet:-1","max-image-preview":"max-image-preview:large","max-video-preview":"max-video-preview:-1"},"canonical":"https:\/\/vrscb.lt\/pl\/prezentacja-projektu-ocalic-od-zapomnienia-rod-jelenskich-w-glinciszkach\/","og_locale":"pl_PL","og_type":"article","og_title":"Prezentacja projektu \u201eOcali\u0107 od zapomnienia \u2013 r\u00f3d Jele\u0144skich w Glinciszkach\u201d - Vilniaus rajono savivaldyb\u0117s Centrin\u0117 biblioteka","og_description":"12 grudnia w dworku w Glinciszkach podczas uroczystej prezentacji projektu \u201eOcali\u0107 od zapomnienia \u2013 r\u00f3d Jele\u0144skich w Glinciszkach\u201dodby\u0142 si\u0119 wernisa\u017c wystawy, w kt\u00f3rym udzia\u0142 wzi\u0119li mieszka\u0144cy Glinciszek, nauczyciele, bibliotekarze oraz przedstawiciele Litewskiej Biblioteki Akademii Nauk i Powiatowej Biblioteki Publicznej im.&hellip; Czytaj wi\u0119cej &ldquo;Prezentacja projektu \u201eOcali\u0107 od zapomnienia \u2013 r\u00f3d Jele\u0144skich w Glinciszkach\u201d&rdquo;\u2026","og_url":"https:\/\/vrscb.lt\/pl\/prezentacja-projektu-ocalic-od-zapomnienia-rod-jelenskich-w-glinciszkach\/","og_site_name":"Vilniaus rajono savivaldyb\u0117s Centrin\u0117 biblioteka","article_published_time":"2024-12-18T07:40:33+00:00","article_modified_time":"2025-01-09T10:44:17+00:00","og_image":[{"width":1280,"height":853,"url":"https:\/\/vrscb.lt\/wp-content\/uploads\/2024\/12\/Issaugoti-nuo-uzmarsties-44-1.jpg","type":"image\/jpeg"}],"author":"VRSCB","twitter_card":"summary_large_image","twitter_misc":{"Napisane przez":"VRSCB","Szacowany czas czytania":"9 minut"},"schema":{"@context":"https:\/\/schema.org","@graph":[{"@type":"Article","@id":"https:\/\/vrscb.lt\/pl\/prezentacja-projektu-ocalic-od-zapomnienia-rod-jelenskich-w-glinciszkach\/#article","isPartOf":{"@id":"https:\/\/vrscb.lt\/pl\/prezentacja-projektu-ocalic-od-zapomnienia-rod-jelenskich-w-glinciszkach\/"},"author":{"name":"VRSCB","@id":"https:\/\/vrscb.lt\/#\/schema\/person\/0b84365a98053f509501f91b5be6c097"},"headline":"Prezentacja projektu \u201eOcali\u0107 od zapomnienia \u2013 r\u00f3d Jele\u0144skich w Glinciszkach\u201d","datePublished":"2024-12-18T07:40:33+00:00","dateModified":"2025-01-09T10:44:17+00:00","mainEntityOfPage":{"@id":"https:\/\/vrscb.lt\/pl\/prezentacja-projektu-ocalic-od-zapomnienia-rod-jelenskich-w-glinciszkach\/"},"wordCount":495,"publisher":{"@id":"https:\/\/vrscb.lt\/#organization"},"image":{"@id":"https:\/\/vrscb.lt\/pl\/prezentacja-projektu-ocalic-od-zapomnienia-rod-jelenskich-w-glinciszkach\/#primaryimage"},"thumbnailUrl":"https:\/\/vrscb.lt\/wp-content\/uploads\/2024\/12\/Issaugoti-nuo-uzmarsties-44-1.jpg","articleSection":["Imprezy"],"inLanguage":"pl-PL"},{"@type":"WebPage","@id":"https:\/\/vrscb.lt\/pl\/prezentacja-projektu-ocalic-od-zapomnienia-rod-jelenskich-w-glinciszkach\/","url":"https:\/\/vrscb.lt\/pl\/prezentacja-projektu-ocalic-od-zapomnienia-rod-jelenskich-w-glinciszkach\/","name":"Prezentacja projektu \u201eOcali\u0107 od zapomnienia \u2013 r\u00f3d Jele\u0144skich w Glinciszkach\u201d - Vilniaus rajono savivaldyb\u0117s Centrin\u0117 biblioteka","isPartOf":{"@id":"https:\/\/vrscb.lt\/#website"},"primaryImageOfPage":{"@id":"https:\/\/vrscb.lt\/pl\/prezentacja-projektu-ocalic-od-zapomnienia-rod-jelenskich-w-glinciszkach\/#primaryimage"},"image":{"@id":"https:\/\/vrscb.lt\/pl\/prezentacja-projektu-ocalic-od-zapomnienia-rod-jelenskich-w-glinciszkach\/#primaryimage"},"thumbnailUrl":"https:\/\/vrscb.lt\/wp-content\/uploads\/2024\/12\/Issaugoti-nuo-uzmarsties-44-1.jpg","datePublished":"2024-12-18T07:40:33+00:00","dateModified":"2025-01-09T10:44:17+00:00","breadcrumb":{"@id":"https:\/\/vrscb.lt\/pl\/prezentacja-projektu-ocalic-od-zapomnienia-rod-jelenskich-w-glinciszkach\/#breadcrumb"},"inLanguage":"pl-PL","potentialAction":[{"@type":"ReadAction","target":["https:\/\/vrscb.lt\/pl\/prezentacja-projektu-ocalic-od-zapomnienia-rod-jelenskich-w-glinciszkach\/"]}]},{"@type":"ImageObject","inLanguage":"pl-PL","@id":"https:\/\/vrscb.lt\/pl\/prezentacja-projektu-ocalic-od-zapomnienia-rod-jelenskich-w-glinciszkach\/#primaryimage","url":"https:\/\/vrscb.lt\/wp-content\/uploads\/2024\/12\/Issaugoti-nuo-uzmarsties-44-1.jpg","contentUrl":"https:\/\/vrscb.lt\/wp-content\/uploads\/2024\/12\/Issaugoti-nuo-uzmarsties-44-1.jpg","width":1280,"height":853},{"@type":"BreadcrumbList","@id":"https:\/\/vrscb.lt\/pl\/prezentacja-projektu-ocalic-od-zapomnienia-rod-jelenskich-w-glinciszkach\/#breadcrumb","itemListElement":[{"@type":"ListItem","position":1,"name":"Dom","item":"https:\/\/vrscb.lt\/"},{"@type":"ListItem","position":2,"name":"Prezentacja projektu \u201eOcali\u0107 od zapomnienia \u2013 r\u00f3d Jele\u0144skich w Glinciszkach\u201d"}]},{"@type":"WebSite","@id":"https:\/\/vrscb.lt\/#website","url":"https:\/\/vrscb.lt\/","name":"Vilniaus rajono savivaldyb\u0117s Centrin\u0117 biblioteka","description":"Vilniaus rajono savivaldyb\u0117s Centrin\u0117 biblioteka kvie\u010dia visus prisijungti prie visuotin\u0117s pilietin\u0117s iniciatyvos \u201eAtmintis gyva, nes liudija\u201c ir u\u017edegti atminimo.","publisher":{"@id":"https:\/\/vrscb.lt\/#organization"},"potentialAction":[{"@type":"SearchAction","target":{"@type":"EntryPoint","urlTemplate":"https:\/\/vrscb.lt\/?s={search_term_string}"},"query-input":{"@type":"PropertyValueSpecification","valueRequired":true,"valueName":"search_term_string"}}],"inLanguage":"pl-PL"},{"@type":"Organization","@id":"https:\/\/vrscb.lt\/#organization","name":"Vilniaus rajono savivaldyb\u0117s Centrin\u0117 biblioteka","url":"https:\/\/vrscb.lt\/","logo":{"@type":"ImageObject","inLanguage":"pl-PL","@id":"https:\/\/vrscb.lt\/#\/schema\/logo\/image\/","url":"https:\/\/vrscb.lt\/wp-content\/uploads\/2021\/02\/LOGO_BIBLIOTEKA_RUDAMINA_2018_02_08-1.png","contentUrl":"https:\/\/vrscb.lt\/wp-content\/uploads\/2021\/02\/LOGO_BIBLIOTEKA_RUDAMINA_2018_02_08-1.png","width":1084,"height":1084,"caption":"Vilniaus rajono savivaldyb\u0117s Centrin\u0117 biblioteka"},"image":{"@id":"https:\/\/vrscb.lt\/#\/schema\/logo\/image\/"}},{"@type":"Person","@id":"https:\/\/vrscb.lt\/#\/schema\/person\/0b84365a98053f509501f91b5be6c097","name":"VRSCB","image":{"@type":"ImageObject","inLanguage":"pl-PL","@id":"https:\/\/secure.gravatar.com\/avatar\/cb8817ba573049eab6d3f0458a0218e93a27995fe49a8323902e053d82443b77?s=96&d=mm&r=g","url":"https:\/\/secure.gravatar.com\/avatar\/cb8817ba573049eab6d3f0458a0218e93a27995fe49a8323902e053d82443b77?s=96&d=mm&r=g","contentUrl":"https:\/\/secure.gravatar.com\/avatar\/cb8817ba573049eab6d3f0458a0218e93a27995fe49a8323902e053d82443b77?s=96&d=mm&r=g","caption":"VRSCB"},"url":"https:\/\/vrscb.lt\/pl\/author\/pavelas\/"}]}},"_links":{"self":[{"href":"https:\/\/vrscb.lt\/pl\/wp-json\/wp\/v2\/posts\/33711","targetHints":{"allow":["GET"]}}],"collection":[{"href":"https:\/\/vrscb.lt\/pl\/wp-json\/wp\/v2\/posts"}],"about":[{"href":"https:\/\/vrscb.lt\/pl\/wp-json\/wp\/v2\/types\/post"}],"author":[{"embeddable":true,"href":"https:\/\/vrscb.lt\/pl\/wp-json\/wp\/v2\/users\/3"}],"replies":[{"embeddable":true,"href":"https:\/\/vrscb.lt\/pl\/wp-json\/wp\/v2\/comments?post=33711"}],"version-history":[{"count":4,"href":"https:\/\/vrscb.lt\/pl\/wp-json\/wp\/v2\/posts\/33711\/revisions"}],"predecessor-version":[{"id":33870,"href":"https:\/\/vrscb.lt\/pl\/wp-json\/wp\/v2\/posts\/33711\/revisions\/33870"}],"wp:featuredmedia":[{"embeddable":true,"href":"https:\/\/vrscb.lt\/pl\/wp-json\/wp\/v2\/media\/33681"}],"wp:attachment":[{"href":"https:\/\/vrscb.lt\/pl\/wp-json\/wp\/v2\/media?parent=33711"}],"wp:term":[{"taxonomy":"category","embeddable":true,"href":"https:\/\/vrscb.lt\/pl\/wp-json\/wp\/v2\/categories?post=33711"},{"taxonomy":"post_tag","embeddable":true,"href":"https:\/\/vrscb.lt\/pl\/wp-json\/wp\/v2\/tags?post=33711"}],"curies":[{"name":"wp","href":"https:\/\/api.w.org\/{rel}","templated":true}]}}