
{"id":34476,"date":"2025-02-20T15:15:37","date_gmt":"2025-02-20T13:15:37","guid":{"rendered":"https:\/\/vrscb.lt\/?p=34476"},"modified":"2025-02-20T15:17:15","modified_gmt":"2025-02-20T13:17:15","slug":"pierwsze-urodziny-dyskusyjnego-klubu-polska-ksiazka","status":"publish","type":"post","link":"https:\/\/vrscb.lt\/pl\/pierwsze-urodziny-dyskusyjnego-klubu-polska-ksiazka\/","title":{"rendered":"Pierwsze urodziny Dyskusyjnego Klubu \u201ePolska ksi\u0105\u017cka\u201d"},"content":{"rendered":"\t\t<div data-elementor-type=\"wp-post\" data-elementor-id=\"34476\" class=\"elementor elementor-34476\" data-elementor-post-type=\"post\">\n\t\t\t\t\t\t<section class=\"elementor-section elementor-top-section elementor-element elementor-element-74a37e2c elementor-section-boxed elementor-section-height-default elementor-section-height-default\" data-id=\"74a37e2c\" data-element_type=\"section\" data-e-type=\"section\">\n\t\t\t\t\t\t<div class=\"elementor-container elementor-column-gap-default\">\n\t\t\t\t\t<div class=\"elementor-column elementor-col-100 elementor-top-column elementor-element elementor-element-5a34ea27\" data-id=\"5a34ea27\" data-element_type=\"column\" data-e-type=\"column\">\n\t\t\t<div class=\"elementor-widget-wrap elementor-element-populated\">\n\t\t\t\t\t\t<div class=\"elementor-element elementor-element-692f94b3 elementor-widget elementor-widget-text-editor\" data-id=\"692f94b3\" data-element_type=\"widget\" data-e-type=\"widget\" data-widget_type=\"text-editor.default\">\n\t\t\t\t<div class=\"elementor-widget-container\">\n\t\t\t\t\t\t\t\t\t\n<p>15 lutego w Centralnej Bibliotece Samorz\u0105du Rejonu Wile\u0144skiego odby\u0142o si\u0119 kolejne spotkanie Klubu Dyskusyjnego \u201ePolska Ksi\u0105\u017cka\u201d. To spotkanie by\u0142o niezwyk\u0142e, poniewa\u017c w\u0142a\u015bnie w lutym Klub obchodzi\u0142 swoje pierwsze urodziny.<\/p>\n\n\n\n<p>Uczestnicy spotkania si\u0119gn\u0119li po opowiadanie \u201eUrodziny\u201d. S\u0142owa przenios\u0142y nas do \u015bwiata wspomnie\u0144 i osobistych historii. Po lekturze ka\u017cdy mia\u0142 okazj\u0119 opowiedzie\u0107, jak obchodzi swoje urodziny, jakie torty lubi najbardziej i jakie tradycje rodzinne s\u0105 z nimi zwi\u0105zane. Rozmowy pe\u0142ne by\u0142y \u015bmiechu, nostalgii i ciep\u0142ych wspomnie\u0144.<\/p>\n\n\n\n<p>Po dyskusjach, jak to si\u0119 nale\u017cy na urodzinach, przyst\u0105pili\u015bmy do r\u00f3\u017cnorodnych zabaw. Uczestnicy malowali tort i balony, ale nie p\u0119dzlami, a w\u0142asnymi nosami! Zabawa wzbudzi\u0142a mn\u00f3stwo emocji i dostarczy\u0142a niezapomnianych wra\u017ce\u0144. Wsp\u00f3lne ta\u0144ce i zabawy rozgrza\u0142y atmosfer\u0119, ale prawdziw\u0105 atrakcj\u0105 okaza\u0142a si\u0119 urodzinowa piniata.<\/p>\n\n\n\n<p>Kulminacyjnym momentem spotkania by\u0142o wsp\u00f3lne zdmuchni\u0119cie pierwszej \u015bwieczki na torcie. By\u0142 to symboliczny gest, kt\u00f3ry przypomnia\u0142 nam, jak wiele wydarzy\u0142o si\u0119 przez ten rok. By\u0142 to czas pe\u0142en inspiracji, wzrusze\u0144 i nowych znajomo\u015bci.<\/p>\n\n\n\n<p>Mamy nadziej\u0119, \u017ce to dopiero pocz\u0105tek naszej literackiej przygody i przed nami jeszcze wiele pi\u0119knych spotka\u0144, kt\u00f3re b\u0119d\u0105 \u0142\u0105czy\u0107 mi\u0142o\u015b\u0107 do ksi\u0105\u017cek z rado\u015bci\u0105 wsp\u00f3lnego prze\u017cywania niezwyk\u0142ych chwil.<\/p>\n\n\n\n<p>Dzi\u0119kujemy wszystkim, kt\u00f3rzy byli z nami w tym szczeg\u00f3lnym dniu. Zapraszamy na kolejne spotkania Klubu Dyskusyjnego \u201ePolska Ksi\u0105\u017cka\u201d \u2013 razem stworzymy jeszcze wiele niezapomnianych historii!<\/p>\n\t\t\t\t\t\t\t\t<\/div>\n\t\t\t\t<\/div>\n\t\t\t\t\t<\/div>\n\t\t<\/div>\n\t\t\t\t\t<\/div>\n\t\t<\/section>\n\t\t\t\t<section class=\"elementor-section elementor-top-section elementor-element elementor-element-61d5692 elementor-section-boxed elementor-section-height-default elementor-section-height-default\" data-id=\"61d5692\" data-element_type=\"section\" data-e-type=\"section\">\n\t\t\t\t\t\t<div class=\"elementor-container elementor-column-gap-default\">\n\t\t\t\t\t<div class=\"elementor-column elementor-col-100 elementor-top-column elementor-element elementor-element-d0e6342\" data-id=\"d0e6342\" data-element_type=\"column\" data-e-type=\"column\">\n\t\t\t<div class=\"elementor-widget-wrap elementor-element-populated\">\n\t\t\t\t\t\t<div class=\"elementor-element elementor-element-c93ea3e elementor-widget elementor-widget-gallery\" data-id=\"c93ea3e\" data-element_type=\"widget\" data-e-type=\"widget\" data-settings=\"{&quot;gap&quot;:{&quot;unit&quot;:&quot;px&quot;,&quot;size&quot;:7,&quot;sizes&quot;:[]},&quot;lazyload&quot;:&quot;yes&quot;,&quot;gallery_layout&quot;:&quot;grid&quot;,&quot;columns&quot;:4,&quot;columns_tablet&quot;:2,&quot;columns_mobile&quot;:1,&quot;gap_tablet&quot;:{&quot;unit&quot;:&quot;px&quot;,&quot;size&quot;:10,&quot;sizes&quot;:[]},&quot;gap_mobile&quot;:{&quot;unit&quot;:&quot;px&quot;,&quot;size&quot;:10,&quot;sizes&quot;:[]},&quot;link_to&quot;:&quot;file&quot;,&quot;aspect_ratio&quot;:&quot;3:2&quot;,&quot;overlay_background&quot;:&quot;yes&quot;,&quot;content_hover_animation&quot;:&quot;fade-in&quot;}\" data-widget_type=\"gallery.default\">\n\t\t\t\t<div class=\"elementor-widget-container\">\n\t\t\t\t\t\t\t<div class=\"elementor-gallery__container\">\n\t\t\t\t\t\t\t<a class=\"e-gallery-item elementor-gallery-item elementor-animated-content\" href=\"https:\/\/vrscb.lt\/wp-content\/uploads\/2025\/02\/Lenkiska-knyga-1.jpg\" data-elementor-open-lightbox=\"yes\" data-elementor-lightbox-slideshow=\"c93ea3e\" data-elementor-lightbox-title=\"Lenki\u0161ka knyga (1)\" data-e-action-hash=\"#elementor-action%3Aaction%3Dlightbox%26settings%3DeyJpZCI6MzQ0NTcsInVybCI6Imh0dHBzOlwvXC92cnNjYi5sdFwvd3AtY29udGVudFwvdXBsb2Fkc1wvMjAyNVwvMDJcL0xlbmtpc2thLWtueWdhLTEuanBnIiwic2xpZGVzaG93IjoiYzkzZWEzZSJ9\">\n\t\t\t\t\t<div class=\"e-gallery-image elementor-gallery-item__image\" data-thumbnail=\"https:\/\/vrscb.lt\/wp-content\/uploads\/2025\/02\/Lenkiska-knyga-1-744x566.jpg\" data-width=\"744\" data-height=\"566\" aria-label=\"\" role=\"img\" ><\/div>\n\t\t\t\t\t\t\t\t\t\t\t<div class=\"elementor-gallery-item__overlay\"><\/div>\n\t\t\t\t\t\t\t\t\t\t\t\t\t\t<\/a>\n\t\t\t\t\t\t\t<a class=\"e-gallery-item elementor-gallery-item elementor-animated-content\" href=\"https:\/\/vrscb.lt\/wp-content\/uploads\/2025\/02\/Lenkiska-knyga-2.jpg\" data-elementor-open-lightbox=\"yes\" data-elementor-lightbox-slideshow=\"c93ea3e\" data-elementor-lightbox-title=\"Lenki\u0161ka knyga (2)\" data-e-action-hash=\"#elementor-action%3Aaction%3Dlightbox%26settings%3DeyJpZCI6MzQ0NjAsInVybCI6Imh0dHBzOlwvXC92cnNjYi5sdFwvd3AtY29udGVudFwvdXBsb2Fkc1wvMjAyNVwvMDJcL0xlbmtpc2thLWtueWdhLTIuanBnIiwic2xpZGVzaG93IjoiYzkzZWEzZSJ9\">\n\t\t\t\t\t<div class=\"e-gallery-image elementor-gallery-item__image\" data-thumbnail=\"https:\/\/vrscb.lt\/wp-content\/uploads\/2025\/02\/Lenkiska-knyga-2-744x901.jpg\" data-width=\"744\" data-height=\"901\" aria-label=\"\" role=\"img\" ><\/div>\n\t\t\t\t\t\t\t\t\t\t\t<div class=\"elementor-gallery-item__overlay\"><\/div>\n\t\t\t\t\t\t\t\t\t\t\t\t\t\t<\/a>\n\t\t\t\t\t\t\t<a class=\"e-gallery-item elementor-gallery-item elementor-animated-content\" href=\"https:\/\/vrscb.lt\/wp-content\/uploads\/2025\/02\/Lenkiska-knyga-3.jpg\" data-elementor-open-lightbox=\"yes\" data-elementor-lightbox-slideshow=\"c93ea3e\" data-elementor-lightbox-title=\"Lenki\u0161ka knyga (3)\" data-e-action-hash=\"#elementor-action%3Aaction%3Dlightbox%26settings%3DeyJpZCI6MzQ0NjIsInVybCI6Imh0dHBzOlwvXC92cnNjYi5sdFwvd3AtY29udGVudFwvdXBsb2Fkc1wvMjAyNVwvMDJcL0xlbmtpc2thLWtueWdhLTMuanBnIiwic2xpZGVzaG93IjoiYzkzZWEzZSJ9\">\n\t\t\t\t\t<div class=\"e-gallery-image elementor-gallery-item__image\" data-thumbnail=\"https:\/\/vrscb.lt\/wp-content\/uploads\/2025\/02\/Lenkiska-knyga-3-744x992.jpg\" data-width=\"744\" data-height=\"992\" aria-label=\"\" role=\"img\" ><\/div>\n\t\t\t\t\t\t\t\t\t\t\t<div class=\"elementor-gallery-item__overlay\"><\/div>\n\t\t\t\t\t\t\t\t\t\t\t\t\t\t<\/a>\n\t\t\t\t\t\t\t<a class=\"e-gallery-item elementor-gallery-item elementor-animated-content\" href=\"https:\/\/vrscb.lt\/wp-content\/uploads\/2025\/02\/Lenkiska-knyga-4.jpg\" data-elementor-open-lightbox=\"yes\" data-elementor-lightbox-slideshow=\"c93ea3e\" data-elementor-lightbox-title=\"Lenki\u0161ka knyga (4)\" data-e-action-hash=\"#elementor-action%3Aaction%3Dlightbox%26settings%3DeyJpZCI6MzQ0NjQsInVybCI6Imh0dHBzOlwvXC92cnNjYi5sdFwvd3AtY29udGVudFwvdXBsb2Fkc1wvMjAyNVwvMDJcL0xlbmtpc2thLWtueWdhLTQuanBnIiwic2xpZGVzaG93IjoiYzkzZWEzZSJ9\">\n\t\t\t\t\t<div class=\"e-gallery-image elementor-gallery-item__image\" data-thumbnail=\"https:\/\/vrscb.lt\/wp-content\/uploads\/2025\/02\/Lenkiska-knyga-4-744x992.jpg\" data-width=\"744\" data-height=\"992\" aria-label=\"\" role=\"img\" ><\/div>\n\t\t\t\t\t\t\t\t\t\t\t<div class=\"elementor-gallery-item__overlay\"><\/div>\n\t\t\t\t\t\t\t\t\t\t\t\t\t\t<\/a>\n\t\t\t\t\t\t\t<a class=\"e-gallery-item elementor-gallery-item elementor-animated-content\" href=\"https:\/\/vrscb.lt\/wp-content\/uploads\/2025\/02\/Lenkiska-knyga-5.jpg\" data-elementor-open-lightbox=\"yes\" data-elementor-lightbox-slideshow=\"c93ea3e\" data-elementor-lightbox-title=\"Lenki\u0161ka knyga (5)\" data-e-action-hash=\"#elementor-action%3Aaction%3Dlightbox%26settings%3DeyJpZCI6MzQ0NjYsInVybCI6Imh0dHBzOlwvXC92cnNjYi5sdFwvd3AtY29udGVudFwvdXBsb2Fkc1wvMjAyNVwvMDJcL0xlbmtpc2thLWtueWdhLTUuanBnIiwic2xpZGVzaG93IjoiYzkzZWEzZSJ9\">\n\t\t\t\t\t<div class=\"e-gallery-image elementor-gallery-item__image\" data-thumbnail=\"https:\/\/vrscb.lt\/wp-content\/uploads\/2025\/02\/Lenkiska-knyga-5-744x992.jpg\" data-width=\"744\" data-height=\"992\" aria-label=\"\" role=\"img\" ><\/div>\n\t\t\t\t\t\t\t\t\t\t\t<div class=\"elementor-gallery-item__overlay\"><\/div>\n\t\t\t\t\t\t\t\t\t\t\t\t\t\t<\/a>\n\t\t\t\t\t\t\t<a class=\"e-gallery-item elementor-gallery-item elementor-animated-content\" href=\"https:\/\/vrscb.lt\/wp-content\/uploads\/2025\/02\/Lenkiska-knyga-6.jpg\" data-elementor-open-lightbox=\"yes\" data-elementor-lightbox-slideshow=\"c93ea3e\" data-elementor-lightbox-title=\"Lenki\u0161ka knyga (6)\" data-e-action-hash=\"#elementor-action%3Aaction%3Dlightbox%26settings%3DeyJpZCI6MzQ0NjgsInVybCI6Imh0dHBzOlwvXC92cnNjYi5sdFwvd3AtY29udGVudFwvdXBsb2Fkc1wvMjAyNVwvMDJcL0xlbmtpc2thLWtueWdhLTYuanBnIiwic2xpZGVzaG93IjoiYzkzZWEzZSJ9\">\n\t\t\t\t\t<div class=\"e-gallery-image elementor-gallery-item__image\" data-thumbnail=\"https:\/\/vrscb.lt\/wp-content\/uploads\/2025\/02\/Lenkiska-knyga-6-744x992.jpg\" data-width=\"744\" data-height=\"992\" aria-label=\"\" role=\"img\" ><\/div>\n\t\t\t\t\t\t\t\t\t\t\t<div class=\"elementor-gallery-item__overlay\"><\/div>\n\t\t\t\t\t\t\t\t\t\t\t\t\t\t<\/a>\n\t\t\t\t\t\t\t<a class=\"e-gallery-item elementor-gallery-item elementor-animated-content\" href=\"https:\/\/vrscb.lt\/wp-content\/uploads\/2025\/02\/Lenkiska-knyga-7.jpg\" data-elementor-open-lightbox=\"yes\" data-elementor-lightbox-slideshow=\"c93ea3e\" data-elementor-lightbox-title=\"Lenki\u0161ka knyga (7)\" data-e-action-hash=\"#elementor-action%3Aaction%3Dlightbox%26settings%3DeyJpZCI6MzQ0NzAsInVybCI6Imh0dHBzOlwvXC92cnNjYi5sdFwvd3AtY29udGVudFwvdXBsb2Fkc1wvMjAyNVwvMDJcL0xlbmtpc2thLWtueWdhLTcuanBnIiwic2xpZGVzaG93IjoiYzkzZWEzZSJ9\">\n\t\t\t\t\t<div class=\"e-gallery-image elementor-gallery-item__image\" data-thumbnail=\"https:\/\/vrscb.lt\/wp-content\/uploads\/2025\/02\/Lenkiska-knyga-7-744x992.jpg\" data-width=\"744\" data-height=\"992\" aria-label=\"\" role=\"img\" ><\/div>\n\t\t\t\t\t\t\t\t\t\t\t<div class=\"elementor-gallery-item__overlay\"><\/div>\n\t\t\t\t\t\t\t\t\t\t\t\t\t\t<\/a>\n\t\t\t\t\t<\/div>\n\t\t\t\t\t<\/div>\n\t\t\t\t<\/div>\n\t\t\t\t\t<\/div>\n\t\t<\/div>\n\t\t\t\t\t<\/div>\n\t\t<\/section>\n\t\t\t\t<\/div>\n\t\t","protected":false},"excerpt":{"rendered":"<div class=\"entry-summary\">\n15 lutego w Centralnej Bibliotece Samorz\u0105du Rejonu Wile\u0144skiego odby\u0142o si\u0119 kolejne spotkanie Klubu Dyskusyjnego \u201ePolska Ksi\u0105\u017cka\u201d. To spotkanie by\u0142o niezwyk\u0142e, poniewa\u017c w\u0142a\u015bnie w lutym Klub obchodzi\u0142 swoje pierwsze urodziny. Uczestnicy spotkania si\u0119gn\u0119li po opowiadanie \u201eUrodziny\u201d. S\u0142owa przenios\u0142y nas do \u015bwiata&hellip;\n<\/div>\n<div class=\"link-more\"><a href=\"https:\/\/vrscb.lt\/pl\/pierwsze-urodziny-dyskusyjnego-klubu-polska-ksiazka\/\" class=\"more-link\">Czytaj wi\u0119cej<span class=\"screen-reader-text\"> &ldquo;Pierwsze urodziny Dyskusyjnego Klubu \u201ePolska ksi\u0105\u017cka\u201d&rdquo;<\/span>\u2026<\/a><\/div>\n","protected":false},"author":3,"featured_media":34457,"comment_status":"closed","ping_status":"closed","sticky":false,"template":"","format":"standard","meta":{"_acf_changed":false,"footnotes":""},"categories":[96],"tags":[],"class_list":["post-34476","post","type-post","status-publish","format-standard","has-post-thumbnail","hentry","category-imprezy","entry"],"acf":[],"yoast_head":"<!-- This site is optimized with the Yoast SEO plugin v27.5 - https:\/\/yoast.com\/product\/yoast-seo-wordpress\/ -->\n<title>Pierwsze urodziny Dyskusyjnego Klubu \u201ePolska ksi\u0105\u017cka\u201d - Vilniaus rajono savivaldyb\u0117s Centrin\u0117 biblioteka<\/title>\n<meta name=\"robots\" content=\"index, follow, max-snippet:-1, max-image-preview:large, max-video-preview:-1\" \/>\n<link rel=\"canonical\" href=\"https:\/\/vrscb.lt\/pl\/pierwsze-urodziny-dyskusyjnego-klubu-polska-ksiazka\/\" \/>\n<meta property=\"og:locale\" content=\"pl_PL\" \/>\n<meta property=\"og:type\" content=\"article\" \/>\n<meta property=\"og:title\" content=\"Pierwsze urodziny Dyskusyjnego Klubu \u201ePolska ksi\u0105\u017cka\u201d - Vilniaus rajono savivaldyb\u0117s Centrin\u0117 biblioteka\" \/>\n<meta property=\"og:description\" content=\"15 lutego w Centralnej Bibliotece Samorz\u0105du Rejonu Wile\u0144skiego odby\u0142o si\u0119 kolejne spotkanie Klubu Dyskusyjnego \u201ePolska Ksi\u0105\u017cka\u201d. To spotkanie by\u0142o niezwyk\u0142e, poniewa\u017c w\u0142a\u015bnie w lutym Klub obchodzi\u0142 swoje pierwsze urodziny. Uczestnicy spotkania si\u0119gn\u0119li po opowiadanie \u201eUrodziny\u201d. S\u0142owa przenios\u0142y nas do \u015bwiata&hellip; Czytaj wi\u0119cej &ldquo;Pierwsze urodziny Dyskusyjnego Klubu \u201ePolska ksi\u0105\u017cka\u201d&rdquo;\u2026\" \/>\n<meta property=\"og:url\" content=\"https:\/\/vrscb.lt\/pl\/pierwsze-urodziny-dyskusyjnego-klubu-polska-ksiazka\/\" \/>\n<meta property=\"og:site_name\" content=\"Vilniaus rajono savivaldyb\u0117s Centrin\u0117 biblioteka\" \/>\n<meta property=\"article:published_time\" content=\"2025-02-20T13:15:37+00:00\" \/>\n<meta property=\"article:modified_time\" content=\"2025-02-20T13:17:15+00:00\" \/>\n<meta property=\"og:image\" content=\"https:\/\/vrscb.lt\/wp-content\/uploads\/2025\/02\/Lenkiska-knyga-1.jpg\" \/>\n\t<meta property=\"og:image:width\" content=\"1280\" \/>\n\t<meta property=\"og:image:height\" content=\"974\" \/>\n\t<meta property=\"og:image:type\" content=\"image\/jpeg\" \/>\n<meta name=\"author\" content=\"VRSCB\" \/>\n<meta name=\"twitter:card\" content=\"summary_large_image\" \/>\n<meta name=\"twitter:label1\" content=\"Napisane przez\" \/>\n\t<meta name=\"twitter:data1\" content=\"VRSCB\" \/>\n\t<meta name=\"twitter:label2\" content=\"Szacowany czas czytania\" \/>\n\t<meta name=\"twitter:data2\" content=\"2 minuty\" \/>\n<script type=\"application\/ld+json\" class=\"yoast-schema-graph\">{\"@context\":\"https:\\\/\\\/schema.org\",\"@graph\":[{\"@type\":\"Article\",\"@id\":\"https:\\\/\\\/vrscb.lt\\\/pl\\\/pierwsze-urodziny-dyskusyjnego-klubu-polska-ksiazka\\\/#article\",\"isPartOf\":{\"@id\":\"https:\\\/\\\/vrscb.lt\\\/pl\\\/pierwsze-urodziny-dyskusyjnego-klubu-polska-ksiazka\\\/\"},\"author\":{\"name\":\"VRSCB\",\"@id\":\"https:\\\/\\\/vrscb.lt\\\/#\\\/schema\\\/person\\\/0b84365a98053f509501f91b5be6c097\"},\"headline\":\"Pierwsze urodziny Dyskusyjnego Klubu \u201ePolska ksi\u0105\u017cka\u201d\",\"datePublished\":\"2025-02-20T13:15:37+00:00\",\"dateModified\":\"2025-02-20T13:17:15+00:00\",\"mainEntityOfPage\":{\"@id\":\"https:\\\/\\\/vrscb.lt\\\/pl\\\/pierwsze-urodziny-dyskusyjnego-klubu-polska-ksiazka\\\/\"},\"wordCount\":261,\"publisher\":{\"@id\":\"https:\\\/\\\/vrscb.lt\\\/#organization\"},\"image\":{\"@id\":\"https:\\\/\\\/vrscb.lt\\\/pl\\\/pierwsze-urodziny-dyskusyjnego-klubu-polska-ksiazka\\\/#primaryimage\"},\"thumbnailUrl\":\"https:\\\/\\\/vrscb.lt\\\/wp-content\\\/uploads\\\/2025\\\/02\\\/Lenkiska-knyga-1.jpg\",\"articleSection\":[\"Imprezy\"],\"inLanguage\":\"pl-PL\"},{\"@type\":\"WebPage\",\"@id\":\"https:\\\/\\\/vrscb.lt\\\/pl\\\/pierwsze-urodziny-dyskusyjnego-klubu-polska-ksiazka\\\/\",\"url\":\"https:\\\/\\\/vrscb.lt\\\/pl\\\/pierwsze-urodziny-dyskusyjnego-klubu-polska-ksiazka\\\/\",\"name\":\"Pierwsze urodziny Dyskusyjnego Klubu \u201ePolska ksi\u0105\u017cka\u201d - Vilniaus rajono savivaldyb\u0117s Centrin\u0117 biblioteka\",\"isPartOf\":{\"@id\":\"https:\\\/\\\/vrscb.lt\\\/#website\"},\"primaryImageOfPage\":{\"@id\":\"https:\\\/\\\/vrscb.lt\\\/pl\\\/pierwsze-urodziny-dyskusyjnego-klubu-polska-ksiazka\\\/#primaryimage\"},\"image\":{\"@id\":\"https:\\\/\\\/vrscb.lt\\\/pl\\\/pierwsze-urodziny-dyskusyjnego-klubu-polska-ksiazka\\\/#primaryimage\"},\"thumbnailUrl\":\"https:\\\/\\\/vrscb.lt\\\/wp-content\\\/uploads\\\/2025\\\/02\\\/Lenkiska-knyga-1.jpg\",\"datePublished\":\"2025-02-20T13:15:37+00:00\",\"dateModified\":\"2025-02-20T13:17:15+00:00\",\"breadcrumb\":{\"@id\":\"https:\\\/\\\/vrscb.lt\\\/pl\\\/pierwsze-urodziny-dyskusyjnego-klubu-polska-ksiazka\\\/#breadcrumb\"},\"inLanguage\":\"pl-PL\",\"potentialAction\":[{\"@type\":\"ReadAction\",\"target\":[\"https:\\\/\\\/vrscb.lt\\\/pl\\\/pierwsze-urodziny-dyskusyjnego-klubu-polska-ksiazka\\\/\"]}]},{\"@type\":\"ImageObject\",\"inLanguage\":\"pl-PL\",\"@id\":\"https:\\\/\\\/vrscb.lt\\\/pl\\\/pierwsze-urodziny-dyskusyjnego-klubu-polska-ksiazka\\\/#primaryimage\",\"url\":\"https:\\\/\\\/vrscb.lt\\\/wp-content\\\/uploads\\\/2025\\\/02\\\/Lenkiska-knyga-1.jpg\",\"contentUrl\":\"https:\\\/\\\/vrscb.lt\\\/wp-content\\\/uploads\\\/2025\\\/02\\\/Lenkiska-knyga-1.jpg\",\"width\":1280,\"height\":974},{\"@type\":\"BreadcrumbList\",\"@id\":\"https:\\\/\\\/vrscb.lt\\\/pl\\\/pierwsze-urodziny-dyskusyjnego-klubu-polska-ksiazka\\\/#breadcrumb\",\"itemListElement\":[{\"@type\":\"ListItem\",\"position\":1,\"name\":\"Dom\",\"item\":\"https:\\\/\\\/vrscb.lt\\\/\"},{\"@type\":\"ListItem\",\"position\":2,\"name\":\"Pierwsze urodziny Dyskusyjnego Klubu \u201ePolska ksi\u0105\u017cka\u201d\"}]},{\"@type\":\"WebSite\",\"@id\":\"https:\\\/\\\/vrscb.lt\\\/#website\",\"url\":\"https:\\\/\\\/vrscb.lt\\\/\",\"name\":\"Vilniaus rajono savivaldyb\u0117s Centrin\u0117 biblioteka\",\"description\":\"Vilniaus rajono savivaldyb\u0117s Centrin\u0117 biblioteka kvie\u010dia visus prisijungti prie visuotin\u0117s pilietin\u0117s iniciatyvos \u201eAtmintis gyva, nes liudija\u201c ir u\u017edegti atminimo.\",\"publisher\":{\"@id\":\"https:\\\/\\\/vrscb.lt\\\/#organization\"},\"potentialAction\":[{\"@type\":\"SearchAction\",\"target\":{\"@type\":\"EntryPoint\",\"urlTemplate\":\"https:\\\/\\\/vrscb.lt\\\/?s={search_term_string}\"},\"query-input\":{\"@type\":\"PropertyValueSpecification\",\"valueRequired\":true,\"valueName\":\"search_term_string\"}}],\"inLanguage\":\"pl-PL\"},{\"@type\":\"Organization\",\"@id\":\"https:\\\/\\\/vrscb.lt\\\/#organization\",\"name\":\"Vilniaus rajono savivaldyb\u0117s Centrin\u0117 biblioteka\",\"url\":\"https:\\\/\\\/vrscb.lt\\\/\",\"logo\":{\"@type\":\"ImageObject\",\"inLanguage\":\"pl-PL\",\"@id\":\"https:\\\/\\\/vrscb.lt\\\/#\\\/schema\\\/logo\\\/image\\\/\",\"url\":\"https:\\\/\\\/vrscb.lt\\\/wp-content\\\/uploads\\\/2021\\\/02\\\/LOGO_BIBLIOTEKA_RUDAMINA_2018_02_08-1.png\",\"contentUrl\":\"https:\\\/\\\/vrscb.lt\\\/wp-content\\\/uploads\\\/2021\\\/02\\\/LOGO_BIBLIOTEKA_RUDAMINA_2018_02_08-1.png\",\"width\":1084,\"height\":1084,\"caption\":\"Vilniaus rajono savivaldyb\u0117s Centrin\u0117 biblioteka\"},\"image\":{\"@id\":\"https:\\\/\\\/vrscb.lt\\\/#\\\/schema\\\/logo\\\/image\\\/\"}},{\"@type\":\"Person\",\"@id\":\"https:\\\/\\\/vrscb.lt\\\/#\\\/schema\\\/person\\\/0b84365a98053f509501f91b5be6c097\",\"name\":\"VRSCB\",\"image\":{\"@type\":\"ImageObject\",\"inLanguage\":\"pl-PL\",\"@id\":\"https:\\\/\\\/secure.gravatar.com\\\/avatar\\\/cb8817ba573049eab6d3f0458a0218e93a27995fe49a8323902e053d82443b77?s=96&d=mm&r=g\",\"url\":\"https:\\\/\\\/secure.gravatar.com\\\/avatar\\\/cb8817ba573049eab6d3f0458a0218e93a27995fe49a8323902e053d82443b77?s=96&d=mm&r=g\",\"contentUrl\":\"https:\\\/\\\/secure.gravatar.com\\\/avatar\\\/cb8817ba573049eab6d3f0458a0218e93a27995fe49a8323902e053d82443b77?s=96&d=mm&r=g\",\"caption\":\"VRSCB\"},\"url\":\"https:\\\/\\\/vrscb.lt\\\/pl\\\/author\\\/pavelas\\\/\"}]}<\/script>\n<!-- \/ Yoast SEO plugin. -->","yoast_head_json":{"title":"Pierwsze urodziny Dyskusyjnego Klubu \u201ePolska ksi\u0105\u017cka\u201d - Vilniaus rajono savivaldyb\u0117s Centrin\u0117 biblioteka","robots":{"index":"index","follow":"follow","max-snippet":"max-snippet:-1","max-image-preview":"max-image-preview:large","max-video-preview":"max-video-preview:-1"},"canonical":"https:\/\/vrscb.lt\/pl\/pierwsze-urodziny-dyskusyjnego-klubu-polska-ksiazka\/","og_locale":"pl_PL","og_type":"article","og_title":"Pierwsze urodziny Dyskusyjnego Klubu \u201ePolska ksi\u0105\u017cka\u201d - Vilniaus rajono savivaldyb\u0117s Centrin\u0117 biblioteka","og_description":"15 lutego w Centralnej Bibliotece Samorz\u0105du Rejonu Wile\u0144skiego odby\u0142o si\u0119 kolejne spotkanie Klubu Dyskusyjnego \u201ePolska Ksi\u0105\u017cka\u201d. To spotkanie by\u0142o niezwyk\u0142e, poniewa\u017c w\u0142a\u015bnie w lutym Klub obchodzi\u0142 swoje pierwsze urodziny. Uczestnicy spotkania si\u0119gn\u0119li po opowiadanie \u201eUrodziny\u201d. S\u0142owa przenios\u0142y nas do \u015bwiata&hellip; Czytaj wi\u0119cej &ldquo;Pierwsze urodziny Dyskusyjnego Klubu \u201ePolska ksi\u0105\u017cka\u201d&rdquo;\u2026","og_url":"https:\/\/vrscb.lt\/pl\/pierwsze-urodziny-dyskusyjnego-klubu-polska-ksiazka\/","og_site_name":"Vilniaus rajono savivaldyb\u0117s Centrin\u0117 biblioteka","article_published_time":"2025-02-20T13:15:37+00:00","article_modified_time":"2025-02-20T13:17:15+00:00","og_image":[{"width":1280,"height":974,"url":"https:\/\/vrscb.lt\/wp-content\/uploads\/2025\/02\/Lenkiska-knyga-1.jpg","type":"image\/jpeg"}],"author":"VRSCB","twitter_card":"summary_large_image","twitter_misc":{"Napisane przez":"VRSCB","Szacowany czas czytania":"2 minuty"},"schema":{"@context":"https:\/\/schema.org","@graph":[{"@type":"Article","@id":"https:\/\/vrscb.lt\/pl\/pierwsze-urodziny-dyskusyjnego-klubu-polska-ksiazka\/#article","isPartOf":{"@id":"https:\/\/vrscb.lt\/pl\/pierwsze-urodziny-dyskusyjnego-klubu-polska-ksiazka\/"},"author":{"name":"VRSCB","@id":"https:\/\/vrscb.lt\/#\/schema\/person\/0b84365a98053f509501f91b5be6c097"},"headline":"Pierwsze urodziny Dyskusyjnego Klubu \u201ePolska ksi\u0105\u017cka\u201d","datePublished":"2025-02-20T13:15:37+00:00","dateModified":"2025-02-20T13:17:15+00:00","mainEntityOfPage":{"@id":"https:\/\/vrscb.lt\/pl\/pierwsze-urodziny-dyskusyjnego-klubu-polska-ksiazka\/"},"wordCount":261,"publisher":{"@id":"https:\/\/vrscb.lt\/#organization"},"image":{"@id":"https:\/\/vrscb.lt\/pl\/pierwsze-urodziny-dyskusyjnego-klubu-polska-ksiazka\/#primaryimage"},"thumbnailUrl":"https:\/\/vrscb.lt\/wp-content\/uploads\/2025\/02\/Lenkiska-knyga-1.jpg","articleSection":["Imprezy"],"inLanguage":"pl-PL"},{"@type":"WebPage","@id":"https:\/\/vrscb.lt\/pl\/pierwsze-urodziny-dyskusyjnego-klubu-polska-ksiazka\/","url":"https:\/\/vrscb.lt\/pl\/pierwsze-urodziny-dyskusyjnego-klubu-polska-ksiazka\/","name":"Pierwsze urodziny Dyskusyjnego Klubu \u201ePolska ksi\u0105\u017cka\u201d - Vilniaus rajono savivaldyb\u0117s Centrin\u0117 biblioteka","isPartOf":{"@id":"https:\/\/vrscb.lt\/#website"},"primaryImageOfPage":{"@id":"https:\/\/vrscb.lt\/pl\/pierwsze-urodziny-dyskusyjnego-klubu-polska-ksiazka\/#primaryimage"},"image":{"@id":"https:\/\/vrscb.lt\/pl\/pierwsze-urodziny-dyskusyjnego-klubu-polska-ksiazka\/#primaryimage"},"thumbnailUrl":"https:\/\/vrscb.lt\/wp-content\/uploads\/2025\/02\/Lenkiska-knyga-1.jpg","datePublished":"2025-02-20T13:15:37+00:00","dateModified":"2025-02-20T13:17:15+00:00","breadcrumb":{"@id":"https:\/\/vrscb.lt\/pl\/pierwsze-urodziny-dyskusyjnego-klubu-polska-ksiazka\/#breadcrumb"},"inLanguage":"pl-PL","potentialAction":[{"@type":"ReadAction","target":["https:\/\/vrscb.lt\/pl\/pierwsze-urodziny-dyskusyjnego-klubu-polska-ksiazka\/"]}]},{"@type":"ImageObject","inLanguage":"pl-PL","@id":"https:\/\/vrscb.lt\/pl\/pierwsze-urodziny-dyskusyjnego-klubu-polska-ksiazka\/#primaryimage","url":"https:\/\/vrscb.lt\/wp-content\/uploads\/2025\/02\/Lenkiska-knyga-1.jpg","contentUrl":"https:\/\/vrscb.lt\/wp-content\/uploads\/2025\/02\/Lenkiska-knyga-1.jpg","width":1280,"height":974},{"@type":"BreadcrumbList","@id":"https:\/\/vrscb.lt\/pl\/pierwsze-urodziny-dyskusyjnego-klubu-polska-ksiazka\/#breadcrumb","itemListElement":[{"@type":"ListItem","position":1,"name":"Dom","item":"https:\/\/vrscb.lt\/"},{"@type":"ListItem","position":2,"name":"Pierwsze urodziny Dyskusyjnego Klubu \u201ePolska ksi\u0105\u017cka\u201d"}]},{"@type":"WebSite","@id":"https:\/\/vrscb.lt\/#website","url":"https:\/\/vrscb.lt\/","name":"Vilniaus rajono savivaldyb\u0117s Centrin\u0117 biblioteka","description":"Vilniaus rajono savivaldyb\u0117s Centrin\u0117 biblioteka kvie\u010dia visus prisijungti prie visuotin\u0117s pilietin\u0117s iniciatyvos \u201eAtmintis gyva, nes liudija\u201c ir u\u017edegti atminimo.","publisher":{"@id":"https:\/\/vrscb.lt\/#organization"},"potentialAction":[{"@type":"SearchAction","target":{"@type":"EntryPoint","urlTemplate":"https:\/\/vrscb.lt\/?s={search_term_string}"},"query-input":{"@type":"PropertyValueSpecification","valueRequired":true,"valueName":"search_term_string"}}],"inLanguage":"pl-PL"},{"@type":"Organization","@id":"https:\/\/vrscb.lt\/#organization","name":"Vilniaus rajono savivaldyb\u0117s Centrin\u0117 biblioteka","url":"https:\/\/vrscb.lt\/","logo":{"@type":"ImageObject","inLanguage":"pl-PL","@id":"https:\/\/vrscb.lt\/#\/schema\/logo\/image\/","url":"https:\/\/vrscb.lt\/wp-content\/uploads\/2021\/02\/LOGO_BIBLIOTEKA_RUDAMINA_2018_02_08-1.png","contentUrl":"https:\/\/vrscb.lt\/wp-content\/uploads\/2021\/02\/LOGO_BIBLIOTEKA_RUDAMINA_2018_02_08-1.png","width":1084,"height":1084,"caption":"Vilniaus rajono savivaldyb\u0117s Centrin\u0117 biblioteka"},"image":{"@id":"https:\/\/vrscb.lt\/#\/schema\/logo\/image\/"}},{"@type":"Person","@id":"https:\/\/vrscb.lt\/#\/schema\/person\/0b84365a98053f509501f91b5be6c097","name":"VRSCB","image":{"@type":"ImageObject","inLanguage":"pl-PL","@id":"https:\/\/secure.gravatar.com\/avatar\/cb8817ba573049eab6d3f0458a0218e93a27995fe49a8323902e053d82443b77?s=96&d=mm&r=g","url":"https:\/\/secure.gravatar.com\/avatar\/cb8817ba573049eab6d3f0458a0218e93a27995fe49a8323902e053d82443b77?s=96&d=mm&r=g","contentUrl":"https:\/\/secure.gravatar.com\/avatar\/cb8817ba573049eab6d3f0458a0218e93a27995fe49a8323902e053d82443b77?s=96&d=mm&r=g","caption":"VRSCB"},"url":"https:\/\/vrscb.lt\/pl\/author\/pavelas\/"}]}},"_links":{"self":[{"href":"https:\/\/vrscb.lt\/pl\/wp-json\/wp\/v2\/posts\/34476","targetHints":{"allow":["GET"]}}],"collection":[{"href":"https:\/\/vrscb.lt\/pl\/wp-json\/wp\/v2\/posts"}],"about":[{"href":"https:\/\/vrscb.lt\/pl\/wp-json\/wp\/v2\/types\/post"}],"author":[{"embeddable":true,"href":"https:\/\/vrscb.lt\/pl\/wp-json\/wp\/v2\/users\/3"}],"replies":[{"embeddable":true,"href":"https:\/\/vrscb.lt\/pl\/wp-json\/wp\/v2\/comments?post=34476"}],"version-history":[{"count":4,"href":"https:\/\/vrscb.lt\/pl\/wp-json\/wp\/v2\/posts\/34476\/revisions"}],"predecessor-version":[{"id":34481,"href":"https:\/\/vrscb.lt\/pl\/wp-json\/wp\/v2\/posts\/34476\/revisions\/34481"}],"wp:featuredmedia":[{"embeddable":true,"href":"https:\/\/vrscb.lt\/pl\/wp-json\/wp\/v2\/media\/34457"}],"wp:attachment":[{"href":"https:\/\/vrscb.lt\/pl\/wp-json\/wp\/v2\/media?parent=34476"}],"wp:term":[{"taxonomy":"category","embeddable":true,"href":"https:\/\/vrscb.lt\/pl\/wp-json\/wp\/v2\/categories?post=34476"},{"taxonomy":"post_tag","embeddable":true,"href":"https:\/\/vrscb.lt\/pl\/wp-json\/wp\/v2\/tags?post=34476"}],"curies":[{"name":"wp","href":"https:\/\/api.w.org\/{rel}","templated":true}]}}