
{"id":34701,"date":"2025-03-06T16:12:41","date_gmt":"2025-03-06T14:12:41","guid":{"rendered":"https:\/\/vrscb.lt\/?p=34701"},"modified":"2025-03-06T16:15:55","modified_gmt":"2025-03-06T14:15:55","slug":"miedzynarodowy-konkurs-recytatorski","status":"publish","type":"post","link":"https:\/\/vrscb.lt\/pl\/miedzynarodowy-konkurs-recytatorski\/","title":{"rendered":"Mi\u0119dzynarodowy Konkurs Recytatorski"},"content":{"rendered":"\n<p><strong>REGULAMIN MI\u0118DZYNARODOWEGO KONKURSU RECYTATORSKIEGO<\/strong><\/p>\n\n\n\n<p>1. Organizatorem Mi\u0119dzynarodowego Konkursu Recytatorskiego jest W\u00f3jt Gminy Szczecinek oraz Dyrektor Centralnej Biblioteki Samorz\u0105du Rejonu Wile\u0144skiego.<br>2. Wszelkimi sprawami organizacyjnymi zajmuj\u0105 si\u0119:<\/p>\n\n\n\n<ol style=\"list-style-type:lower-alpha\" class=\"wp-block-list\">\n<li>po stronie polskiej: Referat Promocji, Kultury i Wsp\u00f3\u0142pracy Urz\u0119du Gminy Szczecinek<br>z siedzib\u0105 przy ul. Pilskiej 3, 78-400 Szczecinek, telefon kontaktowy: 94 37 264 49,<\/li>\n\n\n\n<li>po stronie litewskiej: Centralna Biblioteka Samorz\u0105du Rejonu Wile\u0144skiego przy<br>ul. Gamyklos 20A, Rudomino, rejon wile\u0144ski.<\/li>\n<\/ol>\n\n\n\n<p><strong>I CELE KONKURSU<\/strong><\/p>\n\n\n\n<p>1. Cele konkursu:<\/p>\n\n\n\n<ol style=\"list-style-type:lower-alpha\" class=\"wp-block-list\">\n<li>rozwijanie kompetencji czytelniczych dzieci i m\u0142odzie\u017cy,<\/li>\n\n\n\n<li>uwra\u017cliwienie na pi\u0119kno literatury polskiej,<\/li>\n\n\n\n<li>popularyzacj\u0119 poezji i prozy w\u015br\u00f3d m\u0142odzie\u017cy,<\/li>\n\n\n\n<li>rozwijanie uzdolnie\u0144 tw\u00f3rczych i doskonalenie umiej\u0119tno\u015bci recytatorskich,<\/li>\n\n\n\n<li>rozwijanie uzdolnie\u0144 teatralnych m\u0142odzie\u017cy.<\/li>\n<\/ol>\n\n\n\n<p>2. Dodatkowym celem konkursu jest rozw\u00f3j i promocja wsp\u00f3\u0142pracy gmin partnerskich \u2013 Gminy Szczecinek i Rudomino, a w szczeg\u00f3lno\u015bci:<\/p>\n\n\n\n<ol style=\"list-style-type:lower-alpha\" class=\"wp-block-list\">\n<li>wzajemne poznawanie partnerskich spo\u0142eczno\u015bci, rozwijanie zainteresowa\u0144 i poszerzanie wiedzy o gminach partnerskich,<\/li>\n\n\n\n<li>integracja m\u0142odych mieszka\u0144c\u00f3w gmin partnerskich,<\/li>\n\n\n\n<li>doskonalenie form tw\u00f3rczego sp\u0119dzania czasu w\u015br\u00f3d dzieci i m\u0142odzie\u017cy.<\/li>\n<\/ol>\n\n\n\n<p><strong>II POSTANOWIENIA OG\u00d3LNE<\/strong><\/p>\n\n\n\n<p>1. Konkurs skierowany jest do uczni\u00f3w szk\u00f3\u0142 gmin partnerskich &#8211; Gminy Szczecinek i Gminy Rudomino w wieku 8-10 lat.<br>2. Konkurs b\u0119dzie mia\u0142 form\u0119 prezentacji dowolnego utworu poetyckiego.<br>3. Komisja dokona oceny wg nast\u0119puj\u0105cych kryteri\u00f3w:<\/p>\n\n\n\n<ol style=\"list-style-type:lower-alpha\" class=\"wp-block-list\">\n<li>dob\u00f3r tekstu i jego pami\u0119ciowe opanowanie,<\/li>\n\n\n\n<li>interpretacja tekstu,<\/li>\n\n\n\n<li>kultura s\u0142owa,<\/li>\n\n\n\n<li>og\u00f3lny wyraz artystyczny (uzasadniony gest sceniczny, element ruchu, str\u00f3j).<\/li>\n<\/ol>\n\n\n\n<p>4. Konkurs przebiega\u0107 b\u0119dzie r\u00f3wnolegle w gminach partnerskich w formie on-line.<br>5. Rozstrzygni\u0119cie konkursu i og\u0142oszenie wynik\u00f3w w dniu konkursu, tj. 20.03.2025 r. na stronie www.gminaszczecinek.pl oraz na Facebook\u2019u Gminy Szczecinek, a tak\u017ce na stronie internetowej Centralnej Biblioteki Samorz\u0105du Rejonu Wile\u0144skiego oraz na Facebook\u2019u biblioteki.<\/p>\n\n\n\n<p><strong>IV NAGRODY<\/strong><\/p>\n\n\n\n<p>1. Do oceny prac zostanie powo\u0142ana specjalna Komisja Konkursowa, kt\u00f3rej cz\u0142onkiem b\u0119dzie Organizator. Decyzja Komisji Konkursowej jest ostateczna i nieodwo\u0142alna.<br>2. W ocenie prac szczeg\u00f3lna uwaga zostanie zwr\u00f3cona na samodzielno\u015b\u0107, pomys\u0142owo\u015b\u0107, wk\u0142ad pracy, estetyk\u0119 i zgodno\u015b\u0107 z tematem.<br>3. Laureaci Konkursu otrzymaj\u0105 nagrody za zaj\u0119cie I, II i III miejsca po obu stronach. Ponadto Organizator zastrzega sobie prawo przekazania wyr\u00f3\u017cnie\u0144 w dowolnej konfiguracji.<br>4. Pozosta\u0142ym uczestnikom konkursu zostan\u0105 wr\u0119czone dyplomy- podzi\u0119kowania.<br>5. Nagrody zostan\u0105 wr\u0119czone w dniu konkursu, tj. 20.03.2025 r.<\/p>\n\n\n\n<p><strong>V POSTANOWIENIA KO\u0143COWE<\/strong><\/p>\n\n\n\n<p>1. Zgoda na udzia\u0142 w konkursie jest r\u00f3wnoznaczna z akceptacj\u0105 Regulaminu.<br>2. Wszelkie w\u0105tpliwo\u015bci zwi\u0105zane z konkursem rozstrzyga Organizator.<\/p>\n\n\n\n<figure class=\"wp-block-image size-full\"><img fetchpriority=\"high\" decoding=\"async\" width=\"904\" height=\"1280\" src=\"https:\/\/vrscb.lt\/wp-content\/uploads\/2025\/03\/PL.jpg\" alt=\"Mi\u0119dzynarodowy Konkurs Recytatorski\" class=\"wp-image-34703\" srcset=\"https:\/\/vrscb.lt\/wp-content\/uploads\/2025\/03\/PL.jpg 904w, https:\/\/vrscb.lt\/wp-content\/uploads\/2025\/03\/PL-744x1053.jpg 744w\" sizes=\"(max-width: 904px) 100vw, 904px\" \/><\/figure>\n","protected":false},"excerpt":{"rendered":"<div class=\"entry-summary\">\nREGULAMIN MI\u0118DZYNARODOWEGO KONKURSU RECYTATORSKIEGO 1. Organizatorem Mi\u0119dzynarodowego Konkursu Recytatorskiego jest W\u00f3jt Gminy Szczecinek oraz Dyrektor Centralnej Biblioteki Samorz\u0105du Rejonu Wile\u0144skiego.2. Wszelkimi sprawami organizacyjnymi zajmuj\u0105 si\u0119: I CELE KONKURSU 1. Cele konkursu: 2. Dodatkowym celem konkursu jest rozw\u00f3j i promocja wsp\u00f3\u0142pracy&hellip;\n<\/div>\n<div class=\"link-more\"><a href=\"https:\/\/vrscb.lt\/pl\/miedzynarodowy-konkurs-recytatorski\/\" class=\"more-link\">Czytaj wi\u0119cej<span class=\"screen-reader-text\"> &ldquo;Mi\u0119dzynarodowy Konkurs Recytatorski&rdquo;<\/span>\u2026<\/a><\/div>\n","protected":false},"author":3,"featured_media":34703,"comment_status":"closed","ping_status":"closed","sticky":false,"template":"","format":"standard","meta":{"_acf_changed":false,"footnotes":""},"categories":[95],"tags":[],"class_list":["post-34701","post","type-post","status-publish","format-standard","has-post-thumbnail","hentry","category-aktualnosci","entry"],"acf":[],"yoast_head":"<!-- This site is optimized with the Yoast SEO plugin v27.5 - https:\/\/yoast.com\/product\/yoast-seo-wordpress\/ -->\n<title>Mi\u0119dzynarodowy Konkurs Recytatorski - Vilniaus rajono savivaldyb\u0117s Centrin\u0117 biblioteka<\/title>\n<meta name=\"robots\" content=\"index, follow, max-snippet:-1, max-image-preview:large, max-video-preview:-1\" \/>\n<link rel=\"canonical\" href=\"https:\/\/vrscb.lt\/pl\/miedzynarodowy-konkurs-recytatorski\/\" \/>\n<meta property=\"og:locale\" content=\"pl_PL\" \/>\n<meta property=\"og:type\" content=\"article\" \/>\n<meta property=\"og:title\" content=\"Mi\u0119dzynarodowy Konkurs Recytatorski - Vilniaus rajono savivaldyb\u0117s Centrin\u0117 biblioteka\" \/>\n<meta property=\"og:description\" content=\"REGULAMIN MI\u0118DZYNARODOWEGO KONKURSU RECYTATORSKIEGO 1. Organizatorem Mi\u0119dzynarodowego Konkursu Recytatorskiego jest W\u00f3jt Gminy Szczecinek oraz Dyrektor Centralnej Biblioteki Samorz\u0105du Rejonu Wile\u0144skiego.2. Wszelkimi sprawami organizacyjnymi zajmuj\u0105 si\u0119: I CELE KONKURSU 1. Cele konkursu: 2. Dodatkowym celem konkursu jest rozw\u00f3j i promocja wsp\u00f3\u0142pracy&hellip; Czytaj wi\u0119cej &ldquo;Mi\u0119dzynarodowy Konkurs Recytatorski&rdquo;\u2026\" \/>\n<meta property=\"og:url\" content=\"https:\/\/vrscb.lt\/pl\/miedzynarodowy-konkurs-recytatorski\/\" \/>\n<meta property=\"og:site_name\" content=\"Vilniaus rajono savivaldyb\u0117s Centrin\u0117 biblioteka\" \/>\n<meta property=\"article:published_time\" content=\"2025-03-06T14:12:41+00:00\" \/>\n<meta property=\"article:modified_time\" content=\"2025-03-06T14:15:55+00:00\" \/>\n<meta property=\"og:image\" content=\"https:\/\/vrscb.lt\/wp-content\/uploads\/2025\/03\/PL.jpg\" \/>\n\t<meta property=\"og:image:width\" content=\"904\" \/>\n\t<meta property=\"og:image:height\" content=\"1280\" \/>\n\t<meta property=\"og:image:type\" content=\"image\/jpeg\" \/>\n<meta name=\"author\" content=\"VRSCB\" \/>\n<meta name=\"twitter:card\" content=\"summary_large_image\" \/>\n<meta name=\"twitter:label1\" content=\"Napisane przez\" \/>\n\t<meta name=\"twitter:data1\" content=\"VRSCB\" \/>\n\t<meta name=\"twitter:label2\" content=\"Szacowany czas czytania\" \/>\n\t<meta name=\"twitter:data2\" content=\"3 minuty\" \/>\n<script type=\"application\/ld+json\" class=\"yoast-schema-graph\">{\"@context\":\"https:\\\/\\\/schema.org\",\"@graph\":[{\"@type\":\"Article\",\"@id\":\"https:\\\/\\\/vrscb.lt\\\/pl\\\/miedzynarodowy-konkurs-recytatorski\\\/#article\",\"isPartOf\":{\"@id\":\"https:\\\/\\\/vrscb.lt\\\/pl\\\/miedzynarodowy-konkurs-recytatorski\\\/\"},\"author\":{\"name\":\"VRSCB\",\"@id\":\"https:\\\/\\\/vrscb.lt\\\/#\\\/schema\\\/person\\\/0b84365a98053f509501f91b5be6c097\"},\"headline\":\"Mi\u0119dzynarodowy Konkurs Recytatorski\",\"datePublished\":\"2025-03-06T14:12:41+00:00\",\"dateModified\":\"2025-03-06T14:15:55+00:00\",\"mainEntityOfPage\":{\"@id\":\"https:\\\/\\\/vrscb.lt\\\/pl\\\/miedzynarodowy-konkurs-recytatorski\\\/\"},\"wordCount\":411,\"publisher\":{\"@id\":\"https:\\\/\\\/vrscb.lt\\\/#organization\"},\"image\":{\"@id\":\"https:\\\/\\\/vrscb.lt\\\/pl\\\/miedzynarodowy-konkurs-recytatorski\\\/#primaryimage\"},\"thumbnailUrl\":\"https:\\\/\\\/vrscb.lt\\\/wp-content\\\/uploads\\\/2025\\\/03\\\/PL.jpg\",\"articleSection\":[\"Aktualno\u015bci\"],\"inLanguage\":\"pl-PL\"},{\"@type\":\"WebPage\",\"@id\":\"https:\\\/\\\/vrscb.lt\\\/pl\\\/miedzynarodowy-konkurs-recytatorski\\\/\",\"url\":\"https:\\\/\\\/vrscb.lt\\\/pl\\\/miedzynarodowy-konkurs-recytatorski\\\/\",\"name\":\"Mi\u0119dzynarodowy Konkurs Recytatorski - Vilniaus rajono savivaldyb\u0117s Centrin\u0117 biblioteka\",\"isPartOf\":{\"@id\":\"https:\\\/\\\/vrscb.lt\\\/#website\"},\"primaryImageOfPage\":{\"@id\":\"https:\\\/\\\/vrscb.lt\\\/pl\\\/miedzynarodowy-konkurs-recytatorski\\\/#primaryimage\"},\"image\":{\"@id\":\"https:\\\/\\\/vrscb.lt\\\/pl\\\/miedzynarodowy-konkurs-recytatorski\\\/#primaryimage\"},\"thumbnailUrl\":\"https:\\\/\\\/vrscb.lt\\\/wp-content\\\/uploads\\\/2025\\\/03\\\/PL.jpg\",\"datePublished\":\"2025-03-06T14:12:41+00:00\",\"dateModified\":\"2025-03-06T14:15:55+00:00\",\"breadcrumb\":{\"@id\":\"https:\\\/\\\/vrscb.lt\\\/pl\\\/miedzynarodowy-konkurs-recytatorski\\\/#breadcrumb\"},\"inLanguage\":\"pl-PL\",\"potentialAction\":[{\"@type\":\"ReadAction\",\"target\":[\"https:\\\/\\\/vrscb.lt\\\/pl\\\/miedzynarodowy-konkurs-recytatorski\\\/\"]}]},{\"@type\":\"ImageObject\",\"inLanguage\":\"pl-PL\",\"@id\":\"https:\\\/\\\/vrscb.lt\\\/pl\\\/miedzynarodowy-konkurs-recytatorski\\\/#primaryimage\",\"url\":\"https:\\\/\\\/vrscb.lt\\\/wp-content\\\/uploads\\\/2025\\\/03\\\/PL.jpg\",\"contentUrl\":\"https:\\\/\\\/vrscb.lt\\\/wp-content\\\/uploads\\\/2025\\\/03\\\/PL.jpg\",\"width\":904,\"height\":1280,\"caption\":\"Mi\u0119dzynarodowy Konkurs Recytatorski\"},{\"@type\":\"BreadcrumbList\",\"@id\":\"https:\\\/\\\/vrscb.lt\\\/pl\\\/miedzynarodowy-konkurs-recytatorski\\\/#breadcrumb\",\"itemListElement\":[{\"@type\":\"ListItem\",\"position\":1,\"name\":\"Dom\",\"item\":\"https:\\\/\\\/vrscb.lt\\\/\"},{\"@type\":\"ListItem\",\"position\":2,\"name\":\"Mi\u0119dzynarodowy Konkurs Recytatorski\"}]},{\"@type\":\"WebSite\",\"@id\":\"https:\\\/\\\/vrscb.lt\\\/#website\",\"url\":\"https:\\\/\\\/vrscb.lt\\\/\",\"name\":\"Vilniaus rajono savivaldyb\u0117s Centrin\u0117 biblioteka\",\"description\":\"Vilniaus rajono savivaldyb\u0117s Centrin\u0117 biblioteka kvie\u010dia visus prisijungti prie visuotin\u0117s pilietin\u0117s iniciatyvos \u201eAtmintis gyva, nes liudija\u201c ir u\u017edegti atminimo.\",\"publisher\":{\"@id\":\"https:\\\/\\\/vrscb.lt\\\/#organization\"},\"potentialAction\":[{\"@type\":\"SearchAction\",\"target\":{\"@type\":\"EntryPoint\",\"urlTemplate\":\"https:\\\/\\\/vrscb.lt\\\/?s={search_term_string}\"},\"query-input\":{\"@type\":\"PropertyValueSpecification\",\"valueRequired\":true,\"valueName\":\"search_term_string\"}}],\"inLanguage\":\"pl-PL\"},{\"@type\":\"Organization\",\"@id\":\"https:\\\/\\\/vrscb.lt\\\/#organization\",\"name\":\"Vilniaus rajono savivaldyb\u0117s Centrin\u0117 biblioteka\",\"url\":\"https:\\\/\\\/vrscb.lt\\\/\",\"logo\":{\"@type\":\"ImageObject\",\"inLanguage\":\"pl-PL\",\"@id\":\"https:\\\/\\\/vrscb.lt\\\/#\\\/schema\\\/logo\\\/image\\\/\",\"url\":\"https:\\\/\\\/vrscb.lt\\\/wp-content\\\/uploads\\\/2021\\\/02\\\/LOGO_BIBLIOTEKA_RUDAMINA_2018_02_08-1.png\",\"contentUrl\":\"https:\\\/\\\/vrscb.lt\\\/wp-content\\\/uploads\\\/2021\\\/02\\\/LOGO_BIBLIOTEKA_RUDAMINA_2018_02_08-1.png\",\"width\":1084,\"height\":1084,\"caption\":\"Vilniaus rajono savivaldyb\u0117s Centrin\u0117 biblioteka\"},\"image\":{\"@id\":\"https:\\\/\\\/vrscb.lt\\\/#\\\/schema\\\/logo\\\/image\\\/\"}},{\"@type\":\"Person\",\"@id\":\"https:\\\/\\\/vrscb.lt\\\/#\\\/schema\\\/person\\\/0b84365a98053f509501f91b5be6c097\",\"name\":\"VRSCB\",\"image\":{\"@type\":\"ImageObject\",\"inLanguage\":\"pl-PL\",\"@id\":\"https:\\\/\\\/secure.gravatar.com\\\/avatar\\\/cb8817ba573049eab6d3f0458a0218e93a27995fe49a8323902e053d82443b77?s=96&d=mm&r=g\",\"url\":\"https:\\\/\\\/secure.gravatar.com\\\/avatar\\\/cb8817ba573049eab6d3f0458a0218e93a27995fe49a8323902e053d82443b77?s=96&d=mm&r=g\",\"contentUrl\":\"https:\\\/\\\/secure.gravatar.com\\\/avatar\\\/cb8817ba573049eab6d3f0458a0218e93a27995fe49a8323902e053d82443b77?s=96&d=mm&r=g\",\"caption\":\"VRSCB\"},\"url\":\"https:\\\/\\\/vrscb.lt\\\/pl\\\/author\\\/pavelas\\\/\"}]}<\/script>\n<!-- \/ Yoast SEO plugin. -->","yoast_head_json":{"title":"Mi\u0119dzynarodowy Konkurs Recytatorski - Vilniaus rajono savivaldyb\u0117s Centrin\u0117 biblioteka","robots":{"index":"index","follow":"follow","max-snippet":"max-snippet:-1","max-image-preview":"max-image-preview:large","max-video-preview":"max-video-preview:-1"},"canonical":"https:\/\/vrscb.lt\/pl\/miedzynarodowy-konkurs-recytatorski\/","og_locale":"pl_PL","og_type":"article","og_title":"Mi\u0119dzynarodowy Konkurs Recytatorski - Vilniaus rajono savivaldyb\u0117s Centrin\u0117 biblioteka","og_description":"REGULAMIN MI\u0118DZYNARODOWEGO KONKURSU RECYTATORSKIEGO 1. Organizatorem Mi\u0119dzynarodowego Konkursu Recytatorskiego jest W\u00f3jt Gminy Szczecinek oraz Dyrektor Centralnej Biblioteki Samorz\u0105du Rejonu Wile\u0144skiego.2. Wszelkimi sprawami organizacyjnymi zajmuj\u0105 si\u0119: I CELE KONKURSU 1. Cele konkursu: 2. Dodatkowym celem konkursu jest rozw\u00f3j i promocja wsp\u00f3\u0142pracy&hellip; Czytaj wi\u0119cej &ldquo;Mi\u0119dzynarodowy Konkurs Recytatorski&rdquo;\u2026","og_url":"https:\/\/vrscb.lt\/pl\/miedzynarodowy-konkurs-recytatorski\/","og_site_name":"Vilniaus rajono savivaldyb\u0117s Centrin\u0117 biblioteka","article_published_time":"2025-03-06T14:12:41+00:00","article_modified_time":"2025-03-06T14:15:55+00:00","og_image":[{"width":904,"height":1280,"url":"https:\/\/vrscb.lt\/wp-content\/uploads\/2025\/03\/PL.jpg","type":"image\/jpeg"}],"author":"VRSCB","twitter_card":"summary_large_image","twitter_misc":{"Napisane przez":"VRSCB","Szacowany czas czytania":"3 minuty"},"schema":{"@context":"https:\/\/schema.org","@graph":[{"@type":"Article","@id":"https:\/\/vrscb.lt\/pl\/miedzynarodowy-konkurs-recytatorski\/#article","isPartOf":{"@id":"https:\/\/vrscb.lt\/pl\/miedzynarodowy-konkurs-recytatorski\/"},"author":{"name":"VRSCB","@id":"https:\/\/vrscb.lt\/#\/schema\/person\/0b84365a98053f509501f91b5be6c097"},"headline":"Mi\u0119dzynarodowy Konkurs Recytatorski","datePublished":"2025-03-06T14:12:41+00:00","dateModified":"2025-03-06T14:15:55+00:00","mainEntityOfPage":{"@id":"https:\/\/vrscb.lt\/pl\/miedzynarodowy-konkurs-recytatorski\/"},"wordCount":411,"publisher":{"@id":"https:\/\/vrscb.lt\/#organization"},"image":{"@id":"https:\/\/vrscb.lt\/pl\/miedzynarodowy-konkurs-recytatorski\/#primaryimage"},"thumbnailUrl":"https:\/\/vrscb.lt\/wp-content\/uploads\/2025\/03\/PL.jpg","articleSection":["Aktualno\u015bci"],"inLanguage":"pl-PL"},{"@type":"WebPage","@id":"https:\/\/vrscb.lt\/pl\/miedzynarodowy-konkurs-recytatorski\/","url":"https:\/\/vrscb.lt\/pl\/miedzynarodowy-konkurs-recytatorski\/","name":"Mi\u0119dzynarodowy Konkurs Recytatorski - Vilniaus rajono savivaldyb\u0117s Centrin\u0117 biblioteka","isPartOf":{"@id":"https:\/\/vrscb.lt\/#website"},"primaryImageOfPage":{"@id":"https:\/\/vrscb.lt\/pl\/miedzynarodowy-konkurs-recytatorski\/#primaryimage"},"image":{"@id":"https:\/\/vrscb.lt\/pl\/miedzynarodowy-konkurs-recytatorski\/#primaryimage"},"thumbnailUrl":"https:\/\/vrscb.lt\/wp-content\/uploads\/2025\/03\/PL.jpg","datePublished":"2025-03-06T14:12:41+00:00","dateModified":"2025-03-06T14:15:55+00:00","breadcrumb":{"@id":"https:\/\/vrscb.lt\/pl\/miedzynarodowy-konkurs-recytatorski\/#breadcrumb"},"inLanguage":"pl-PL","potentialAction":[{"@type":"ReadAction","target":["https:\/\/vrscb.lt\/pl\/miedzynarodowy-konkurs-recytatorski\/"]}]},{"@type":"ImageObject","inLanguage":"pl-PL","@id":"https:\/\/vrscb.lt\/pl\/miedzynarodowy-konkurs-recytatorski\/#primaryimage","url":"https:\/\/vrscb.lt\/wp-content\/uploads\/2025\/03\/PL.jpg","contentUrl":"https:\/\/vrscb.lt\/wp-content\/uploads\/2025\/03\/PL.jpg","width":904,"height":1280,"caption":"Mi\u0119dzynarodowy Konkurs Recytatorski"},{"@type":"BreadcrumbList","@id":"https:\/\/vrscb.lt\/pl\/miedzynarodowy-konkurs-recytatorski\/#breadcrumb","itemListElement":[{"@type":"ListItem","position":1,"name":"Dom","item":"https:\/\/vrscb.lt\/"},{"@type":"ListItem","position":2,"name":"Mi\u0119dzynarodowy Konkurs Recytatorski"}]},{"@type":"WebSite","@id":"https:\/\/vrscb.lt\/#website","url":"https:\/\/vrscb.lt\/","name":"Vilniaus rajono savivaldyb\u0117s Centrin\u0117 biblioteka","description":"Vilniaus rajono savivaldyb\u0117s Centrin\u0117 biblioteka kvie\u010dia visus prisijungti prie visuotin\u0117s pilietin\u0117s iniciatyvos \u201eAtmintis gyva, nes liudija\u201c ir u\u017edegti atminimo.","publisher":{"@id":"https:\/\/vrscb.lt\/#organization"},"potentialAction":[{"@type":"SearchAction","target":{"@type":"EntryPoint","urlTemplate":"https:\/\/vrscb.lt\/?s={search_term_string}"},"query-input":{"@type":"PropertyValueSpecification","valueRequired":true,"valueName":"search_term_string"}}],"inLanguage":"pl-PL"},{"@type":"Organization","@id":"https:\/\/vrscb.lt\/#organization","name":"Vilniaus rajono savivaldyb\u0117s Centrin\u0117 biblioteka","url":"https:\/\/vrscb.lt\/","logo":{"@type":"ImageObject","inLanguage":"pl-PL","@id":"https:\/\/vrscb.lt\/#\/schema\/logo\/image\/","url":"https:\/\/vrscb.lt\/wp-content\/uploads\/2021\/02\/LOGO_BIBLIOTEKA_RUDAMINA_2018_02_08-1.png","contentUrl":"https:\/\/vrscb.lt\/wp-content\/uploads\/2021\/02\/LOGO_BIBLIOTEKA_RUDAMINA_2018_02_08-1.png","width":1084,"height":1084,"caption":"Vilniaus rajono savivaldyb\u0117s Centrin\u0117 biblioteka"},"image":{"@id":"https:\/\/vrscb.lt\/#\/schema\/logo\/image\/"}},{"@type":"Person","@id":"https:\/\/vrscb.lt\/#\/schema\/person\/0b84365a98053f509501f91b5be6c097","name":"VRSCB","image":{"@type":"ImageObject","inLanguage":"pl-PL","@id":"https:\/\/secure.gravatar.com\/avatar\/cb8817ba573049eab6d3f0458a0218e93a27995fe49a8323902e053d82443b77?s=96&d=mm&r=g","url":"https:\/\/secure.gravatar.com\/avatar\/cb8817ba573049eab6d3f0458a0218e93a27995fe49a8323902e053d82443b77?s=96&d=mm&r=g","contentUrl":"https:\/\/secure.gravatar.com\/avatar\/cb8817ba573049eab6d3f0458a0218e93a27995fe49a8323902e053d82443b77?s=96&d=mm&r=g","caption":"VRSCB"},"url":"https:\/\/vrscb.lt\/pl\/author\/pavelas\/"}]}},"_links":{"self":[{"href":"https:\/\/vrscb.lt\/pl\/wp-json\/wp\/v2\/posts\/34701","targetHints":{"allow":["GET"]}}],"collection":[{"href":"https:\/\/vrscb.lt\/pl\/wp-json\/wp\/v2\/posts"}],"about":[{"href":"https:\/\/vrscb.lt\/pl\/wp-json\/wp\/v2\/types\/post"}],"author":[{"embeddable":true,"href":"https:\/\/vrscb.lt\/pl\/wp-json\/wp\/v2\/users\/3"}],"replies":[{"embeddable":true,"href":"https:\/\/vrscb.lt\/pl\/wp-json\/wp\/v2\/comments?post=34701"}],"version-history":[{"count":2,"href":"https:\/\/vrscb.lt\/pl\/wp-json\/wp\/v2\/posts\/34701\/revisions"}],"predecessor-version":[{"id":34707,"href":"https:\/\/vrscb.lt\/pl\/wp-json\/wp\/v2\/posts\/34701\/revisions\/34707"}],"wp:featuredmedia":[{"embeddable":true,"href":"https:\/\/vrscb.lt\/pl\/wp-json\/wp\/v2\/media\/34703"}],"wp:attachment":[{"href":"https:\/\/vrscb.lt\/pl\/wp-json\/wp\/v2\/media?parent=34701"}],"wp:term":[{"taxonomy":"category","embeddable":true,"href":"https:\/\/vrscb.lt\/pl\/wp-json\/wp\/v2\/categories?post=34701"},{"taxonomy":"post_tag","embeddable":true,"href":"https:\/\/vrscb.lt\/pl\/wp-json\/wp\/v2\/tags?post=34701"}],"curies":[{"name":"wp","href":"https:\/\/api.w.org\/{rel}","templated":true}]}}