
{"id":34829,"date":"2025-03-14T09:46:04","date_gmt":"2025-03-14T07:46:04","guid":{"rendered":"https:\/\/vrscb.lt\/?p=34829"},"modified":"2025-03-14T09:47:32","modified_gmt":"2025-03-14T07:47:32","slug":"tylko-wolni-rosniemy-wielcy-kreatywny-projekt-z-okazji-35-lecia-odzyskania-niepodleglosci-litwy","status":"publish","type":"post","link":"https:\/\/vrscb.lt\/pl\/tylko-wolni-rosniemy-wielcy-kreatywny-projekt-z-okazji-35-lecia-odzyskania-niepodleglosci-litwy\/","title":{"rendered":"\u201eTylko wolni ro\u015bniemy wielcy\u201d: kreatywny projekt z okazji 35-lecia Odzyskania Niepodleg\u0142o\u015bci Litwy"},"content":{"rendered":"\t\t<div data-elementor-type=\"wp-post\" data-elementor-id=\"34829\" class=\"elementor elementor-34829\" data-elementor-post-type=\"post\">\n\t\t\t\t\t\t<section class=\"elementor-section elementor-top-section elementor-element elementor-element-d7728d elementor-section-boxed elementor-section-height-default elementor-section-height-default\" data-id=\"d7728d\" data-element_type=\"section\" data-e-type=\"section\">\n\t\t\t\t\t\t<div class=\"elementor-container elementor-column-gap-default\">\n\t\t\t\t\t<div class=\"elementor-column elementor-col-100 elementor-top-column elementor-element elementor-element-66378b30\" data-id=\"66378b30\" data-element_type=\"column\" data-e-type=\"column\">\n\t\t\t<div class=\"elementor-widget-wrap elementor-element-populated\">\n\t\t\t\t\t\t<div class=\"elementor-element elementor-element-3ab7046b elementor-widget elementor-widget-text-editor\" data-id=\"3ab7046b\" data-element_type=\"widget\" data-e-type=\"widget\" data-widget_type=\"text-editor.default\">\n\t\t\t\t<div class=\"elementor-widget-container\">\n\t\t\t\t\t\t\t\t\t\n<p>W przeddzie\u0144 11 marca, z okazji szczeg\u00f3lnej 35. rocznicy Odzyskania Niepodleg\u0142o\u015bci Litwy, Filia Centralnej Biblioteki Samorzdu Rejonu Wile\u0144skiego w Miednikach we wsp\u00f3\u0142pracy z wychowankami Gimnazjum w Rukojniach Filii w Miednikach zrealizowa\u0142a kreatywny projekt \u201eTylko wolni ro\u015bniemy wielcy\u201d.<\/p>\n\n\n\n<p>Podczas projektu najm\u0142odsze przedszkolaki wzi\u0119\u0142y udzia\u0142 w wyj\u0105tkowej sesji zdj\u0119ciowej, w kt\u00f3rej, wchodz\u0105c do symbolicznego pude\u0142ka i wychodz\u0105c z niego, wyrazi\u0142y swoje rozumienie wolno\u015bci. To pude\u0142ko sta\u0142o si\u0119 symbolem granic, a ka\u017cdy krok poza nie \u2013 odczuciem wolno\u015bci, tak wa\u017cnym zar\u00f3wno dla ka\u017cdego cz\u0142owieka, jak i dla ca\u0142ego naszego kraju.<\/p>\n\n\n\n<p>Dzieci dowiedzia\u0142y si\u0119, \u017ce wolno\u015b\u0107 to nie tylko mo\u017cliwo\u015b\u0107 zabawy, tworzenia i bycia sob\u0105, ale tak\u017ce wielka warto\u015b\u0107, kt\u00f3ra pozwala Litwie by\u0107 niezale\u017cn\u0105, samodzielnie podejmowa\u0107 decyzje i \u015bmia\u0142o marzy\u0107.<\/p>\n\n\n\n<p>Z uchwyconych podczas sesji zdj\u0119ciowej chwil powsta\u0142 kolorowy kola\u017c. To dzie\u0142o sztuki to nie tylko pi\u0119kny akcent artystyczny, ale r\u00f3wnie\u017c przypomnienie, \u017ce tylko b\u0119d\u0105c wolnymi mo\u017cemy rosn\u0105\u0107 wielkimi \u2013 zar\u00f3wno my\u015blami, jak i czynami. Wolno\u015b\u0107 to wielki dar, kt\u00f3ry nale\u017cy piel\u0119gnowa\u0107 i szanowa\u0107!<\/p>\n\n\n\n<p>Podczas projektu dzieci mia\u0142y r\u00f3wnie\u017c mo\u017cliwo\u015b\u0107 przegl\u0105dania albumu \u201eNereg\u0117ta Lietuva\u201d autorstwa Mariusa Jovai\u0161y. Wspania\u0142e zdj\u0119cia ukazuj\u0105ce pi\u0119kno naszego kraju z lotu ptaka \u2013 zielone \u0142\u0105ki, liczne jeziora i urokliwe zak\u0105tki natury \u2013 zrobi\u0142y na nich ogromne wra\u017cenie. Te zdj\u0119cia jeszcze raz przypomnia\u0142y, jak pi\u0119kna, zielona i bogata w przyrodnicze skarby jest nasza ojczyzna.<\/p>\n\n\n\n<p>Serdecznie dzi\u0119kujemy wszystkim uczestnikom projektu za udzia\u0142 i kreatywno\u015b\u0107. \u015awi\u0119tujmy wolno\u015b\u0107 razem i piel\u0119gnujmy wielkie marzenia z okazji tej wyj\u0105tkowej 35. rocznicy!<\/p>\n\t\t\t\t\t\t\t\t<\/div>\n\t\t\t\t<\/div>\n\t\t\t\t\t<\/div>\n\t\t<\/div>\n\t\t\t\t\t<\/div>\n\t\t<\/section>\n\t\t\t\t<section class=\"elementor-section elementor-top-section elementor-element elementor-element-33a34e4 elementor-section-boxed elementor-section-height-default elementor-section-height-default\" data-id=\"33a34e4\" data-element_type=\"section\" data-e-type=\"section\">\n\t\t\t\t\t\t<div class=\"elementor-container elementor-column-gap-default\">\n\t\t\t\t\t<div class=\"elementor-column elementor-col-100 elementor-top-column elementor-element elementor-element-3a4677e\" data-id=\"3a4677e\" data-element_type=\"column\" data-e-type=\"column\">\n\t\t\t<div class=\"elementor-widget-wrap elementor-element-populated\">\n\t\t\t\t\t\t<div class=\"elementor-element elementor-element-b13bd1c gallery-spacing-custom elementor-widget elementor-widget-image-gallery\" data-id=\"b13bd1c\" data-element_type=\"widget\" data-e-type=\"widget\" data-widget_type=\"image-gallery.default\">\n\t\t\t\t<div class=\"elementor-widget-container\">\n\t\t\t\t\t\t\t<div class=\"elementor-image-gallery\">\n\t\t\t<div id='gallery-1' class='gallery galleryid-34829 gallery-columns-5 gallery-size-thumbnail'><figure class='gallery-item'>\n\t\t\t<div class='gallery-icon landscape'>\n\t\t\t\t<a data-elementor-open-lightbox=\"yes\" data-elementor-lightbox-slideshow=\"b13bd1c\" data-elementor-lightbox-title=\"Kovo 11-osios (1)\" data-e-action-hash=\"#elementor-action%3Aaction%3Dlightbox%26settings%3DeyJpZCI6MzQ4MDQsInVybCI6Imh0dHBzOlwvXC92cnNjYi5sdFwvd3AtY29udGVudFwvdXBsb2Fkc1wvMjAyNVwvMDNcL0tvdm8tMTEtb3Npb3MtMS5qcGciLCJzbGlkZXNob3ciOiJiMTNiZDFjIn0%3D\" href='https:\/\/vrscb.lt\/wp-content\/uploads\/2025\/03\/Kovo-11-osios-1.jpg'><img fetchpriority=\"high\" decoding=\"async\" width=\"480\" height=\"270\" src=\"https:\/\/vrscb.lt\/wp-content\/uploads\/2025\/03\/Kovo-11-osios-1-480x270.jpg\" class=\"attachment-thumbnail size-thumbnail\" alt=\"\" \/><\/a>\n\t\t\t<\/div><\/figure><figure class='gallery-item'>\n\t\t\t<div class='gallery-icon landscape'>\n\t\t\t\t<a data-elementor-open-lightbox=\"yes\" data-elementor-lightbox-slideshow=\"b13bd1c\" data-elementor-lightbox-title=\"Kovo 11-osios (9)\" data-e-action-hash=\"#elementor-action%3Aaction%3Dlightbox%26settings%3DeyJpZCI6MzQ4MjMsInVybCI6Imh0dHBzOlwvXC92cnNjYi5sdFwvd3AtY29udGVudFwvdXBsb2Fkc1wvMjAyNVwvMDNcL0tvdm8tMTEtb3Npb3MtOS5qcGciLCJzbGlkZXNob3ciOiJiMTNiZDFjIn0%3D\" href='https:\/\/vrscb.lt\/wp-content\/uploads\/2025\/03\/Kovo-11-osios-9.jpg'><img decoding=\"async\" width=\"480\" height=\"270\" src=\"https:\/\/vrscb.lt\/wp-content\/uploads\/2025\/03\/Kovo-11-osios-9-480x270.jpg\" class=\"attachment-thumbnail size-thumbnail\" alt=\"\" \/><\/a>\n\t\t\t<\/div><\/figure><figure class='gallery-item'>\n\t\t\t<div class='gallery-icon portrait'>\n\t\t\t\t<a data-elementor-open-lightbox=\"yes\" data-elementor-lightbox-slideshow=\"b13bd1c\" data-elementor-lightbox-title=\"Kovo 11-osios (2)\" data-e-action-hash=\"#elementor-action%3Aaction%3Dlightbox%26settings%3DeyJpZCI6MzQ4MDcsInVybCI6Imh0dHBzOlwvXC92cnNjYi5sdFwvd3AtY29udGVudFwvdXBsb2Fkc1wvMjAyNVwvMDNcL0tvdm8tMTEtb3Npb3MtMi5qcGciLCJzbGlkZXNob3ciOiJiMTNiZDFjIn0%3D\" href='https:\/\/vrscb.lt\/wp-content\/uploads\/2025\/03\/Kovo-11-osios-2.jpg'><img decoding=\"async\" width=\"480\" height=\"270\" src=\"https:\/\/vrscb.lt\/wp-content\/uploads\/2025\/03\/Kovo-11-osios-2-480x270.jpg\" class=\"attachment-thumbnail size-thumbnail\" alt=\"\" \/><\/a>\n\t\t\t<\/div><\/figure><figure class='gallery-item'>\n\t\t\t<div class='gallery-icon portrait'>\n\t\t\t\t<a data-elementor-open-lightbox=\"yes\" data-elementor-lightbox-slideshow=\"b13bd1c\" data-elementor-lightbox-title=\"Kovo 11-osios (3)\" data-e-action-hash=\"#elementor-action%3Aaction%3Dlightbox%26settings%3DeyJpZCI6MzQ4MDksInVybCI6Imh0dHBzOlwvXC92cnNjYi5sdFwvd3AtY29udGVudFwvdXBsb2Fkc1wvMjAyNVwvMDNcL0tvdm8tMTEtb3Npb3MtMy5qcGciLCJzbGlkZXNob3ciOiJiMTNiZDFjIn0%3D\" href='https:\/\/vrscb.lt\/wp-content\/uploads\/2025\/03\/Kovo-11-osios-3.jpg'><img loading=\"lazy\" decoding=\"async\" width=\"480\" height=\"270\" src=\"https:\/\/vrscb.lt\/wp-content\/uploads\/2025\/03\/Kovo-11-osios-3-480x270.jpg\" class=\"attachment-thumbnail size-thumbnail\" alt=\"\" \/><\/a>\n\t\t\t<\/div><\/figure><figure class='gallery-item'>\n\t\t\t<div class='gallery-icon portrait'>\n\t\t\t\t<a data-elementor-open-lightbox=\"yes\" data-elementor-lightbox-slideshow=\"b13bd1c\" data-elementor-lightbox-title=\"Kovo 11-osios (5)\" data-e-action-hash=\"#elementor-action%3Aaction%3Dlightbox%26settings%3DeyJpZCI6MzQ4MTEsInVybCI6Imh0dHBzOlwvXC92cnNjYi5sdFwvd3AtY29udGVudFwvdXBsb2Fkc1wvMjAyNVwvMDNcL0tvdm8tMTEtb3Npb3MtNS5qcGciLCJzbGlkZXNob3ciOiJiMTNiZDFjIn0%3D\" href='https:\/\/vrscb.lt\/wp-content\/uploads\/2025\/03\/Kovo-11-osios-5.jpg'><img loading=\"lazy\" decoding=\"async\" width=\"480\" height=\"270\" src=\"https:\/\/vrscb.lt\/wp-content\/uploads\/2025\/03\/Kovo-11-osios-5-480x270.jpg\" class=\"attachment-thumbnail size-thumbnail\" alt=\"\" \/><\/a>\n\t\t\t<\/div><\/figure><figure class='gallery-item'>\n\t\t\t<div class='gallery-icon portrait'>\n\t\t\t\t<a data-elementor-open-lightbox=\"yes\" data-elementor-lightbox-slideshow=\"b13bd1c\" data-elementor-lightbox-title=\"Kovo 11-osios (6)\" data-e-action-hash=\"#elementor-action%3Aaction%3Dlightbox%26settings%3DeyJpZCI6MzQ4MTMsInVybCI6Imh0dHBzOlwvXC92cnNjYi5sdFwvd3AtY29udGVudFwvdXBsb2Fkc1wvMjAyNVwvMDNcL0tvdm8tMTEtb3Npb3MtNi5qcGciLCJzbGlkZXNob3ciOiJiMTNiZDFjIn0%3D\" href='https:\/\/vrscb.lt\/wp-content\/uploads\/2025\/03\/Kovo-11-osios-6.jpg'><img loading=\"lazy\" decoding=\"async\" width=\"480\" height=\"270\" src=\"https:\/\/vrscb.lt\/wp-content\/uploads\/2025\/03\/Kovo-11-osios-6-480x270.jpg\" class=\"attachment-thumbnail size-thumbnail\" alt=\"\" \/><\/a>\n\t\t\t<\/div><\/figure><figure class='gallery-item'>\n\t\t\t<div class='gallery-icon portrait'>\n\t\t\t\t<a data-elementor-open-lightbox=\"yes\" data-elementor-lightbox-slideshow=\"b13bd1c\" data-elementor-lightbox-title=\"Kovo 11-osios (7)\" data-e-action-hash=\"#elementor-action%3Aaction%3Dlightbox%26settings%3DeyJpZCI6MzQ4MTUsInVybCI6Imh0dHBzOlwvXC92cnNjYi5sdFwvd3AtY29udGVudFwvdXBsb2Fkc1wvMjAyNVwvMDNcL0tvdm8tMTEtb3Npb3MtNy5qcGciLCJzbGlkZXNob3ciOiJiMTNiZDFjIn0%3D\" href='https:\/\/vrscb.lt\/wp-content\/uploads\/2025\/03\/Kovo-11-osios-7.jpg'><img loading=\"lazy\" decoding=\"async\" width=\"480\" height=\"270\" src=\"https:\/\/vrscb.lt\/wp-content\/uploads\/2025\/03\/Kovo-11-osios-7-480x270.jpg\" class=\"attachment-thumbnail size-thumbnail\" alt=\"\" \/><\/a>\n\t\t\t<\/div><\/figure><figure class='gallery-item'>\n\t\t\t<div class='gallery-icon portrait'>\n\t\t\t\t<a data-elementor-open-lightbox=\"yes\" data-elementor-lightbox-slideshow=\"b13bd1c\" data-elementor-lightbox-title=\"Kovo 11-osios (8)\" data-e-action-hash=\"#elementor-action%3Aaction%3Dlightbox%26settings%3DeyJpZCI6MzQ4MTcsInVybCI6Imh0dHBzOlwvXC92cnNjYi5sdFwvd3AtY29udGVudFwvdXBsb2Fkc1wvMjAyNVwvMDNcL0tvdm8tMTEtb3Npb3MtOC5qcGciLCJzbGlkZXNob3ciOiJiMTNiZDFjIn0%3D\" href='https:\/\/vrscb.lt\/wp-content\/uploads\/2025\/03\/Kovo-11-osios-8.jpg'><img loading=\"lazy\" decoding=\"async\" width=\"480\" height=\"270\" src=\"https:\/\/vrscb.lt\/wp-content\/uploads\/2025\/03\/Kovo-11-osios-8-480x270.jpg\" class=\"attachment-thumbnail size-thumbnail\" alt=\"\" \/><\/a>\n\t\t\t<\/div><\/figure><figure class='gallery-item'>\n\t\t\t<div class='gallery-icon portrait'>\n\t\t\t\t<a data-elementor-open-lightbox=\"yes\" data-elementor-lightbox-slideshow=\"b13bd1c\" data-elementor-lightbox-title=\"Kovo 11-osios (10)\" data-e-action-hash=\"#elementor-action%3Aaction%3Dlightbox%26settings%3DeyJpZCI6MzQ4MTksInVybCI6Imh0dHBzOlwvXC92cnNjYi5sdFwvd3AtY29udGVudFwvdXBsb2Fkc1wvMjAyNVwvMDNcL0tvdm8tMTEtb3Npb3MtMTAuanBnIiwic2xpZGVzaG93IjoiYjEzYmQxYyJ9\" href='https:\/\/vrscb.lt\/wp-content\/uploads\/2025\/03\/Kovo-11-osios-10.jpg'><img loading=\"lazy\" decoding=\"async\" width=\"480\" height=\"270\" src=\"https:\/\/vrscb.lt\/wp-content\/uploads\/2025\/03\/Kovo-11-osios-10-480x270.jpg\" class=\"attachment-thumbnail size-thumbnail\" alt=\"\" \/><\/a>\n\t\t\t<\/div><\/figure><figure class='gallery-item'>\n\t\t\t<div class='gallery-icon landscape'>\n\t\t\t\t<a data-elementor-open-lightbox=\"yes\" data-elementor-lightbox-slideshow=\"b13bd1c\" data-elementor-lightbox-title=\"Kovo 11-osios (4)\" data-e-action-hash=\"#elementor-action%3Aaction%3Dlightbox%26settings%3DeyJpZCI6MzQ4MjEsInVybCI6Imh0dHBzOlwvXC92cnNjYi5sdFwvd3AtY29udGVudFwvdXBsb2Fkc1wvMjAyNVwvMDNcL0tvdm8tMTEtb3Npb3MtNC5qcGciLCJzbGlkZXNob3ciOiJiMTNiZDFjIn0%3D\" href='https:\/\/vrscb.lt\/wp-content\/uploads\/2025\/03\/Kovo-11-osios-4.jpg'><img loading=\"lazy\" decoding=\"async\" width=\"480\" height=\"270\" src=\"https:\/\/vrscb.lt\/wp-content\/uploads\/2025\/03\/Kovo-11-osios-4-480x270.jpg\" class=\"attachment-thumbnail size-thumbnail\" alt=\"\" \/><\/a>\n\t\t\t<\/div><\/figure>\n\t\t<\/div>\n\t\t<\/div>\n\t\t\t\t\t\t<\/div>\n\t\t\t\t<\/div>\n\t\t\t\t\t<\/div>\n\t\t<\/div>\n\t\t\t\t\t<\/div>\n\t\t<\/section>\n\t\t\t\t<\/div>\n\t\t","protected":false},"excerpt":{"rendered":"<div class=\"entry-summary\">\nW przeddzie\u0144 11 marca, z okazji szczeg\u00f3lnej 35. rocznicy Odzyskania Niepodleg\u0142o\u015bci Litwy, Filia Centralnej Biblioteki Samorzdu Rejonu Wile\u0144skiego w Miednikach we wsp\u00f3\u0142pracy z wychowankami Gimnazjum w Rukojniach Filii w Miednikach zrealizowa\u0142a kreatywny projekt \u201eTylko wolni ro\u015bniemy wielcy\u201d. Podczas projektu najm\u0142odsze&hellip;\n<\/div>\n<div class=\"link-more\"><a href=\"https:\/\/vrscb.lt\/pl\/tylko-wolni-rosniemy-wielcy-kreatywny-projekt-z-okazji-35-lecia-odzyskania-niepodleglosci-litwy\/\" class=\"more-link\">Czytaj wi\u0119cej<span class=\"screen-reader-text\"> &ldquo;\u201eTylko wolni ro\u015bniemy wielcy\u201d: kreatywny projekt z okazji 35-lecia Odzyskania Niepodleg\u0142o\u015bci Litwy&rdquo;<\/span>\u2026<\/a><\/div>\n","protected":false},"author":3,"featured_media":34804,"comment_status":"closed","ping_status":"closed","sticky":false,"template":"","format":"standard","meta":{"_acf_changed":false,"footnotes":""},"categories":[96],"tags":[],"class_list":["post-34829","post","type-post","status-publish","format-standard","has-post-thumbnail","hentry","category-imprezy","entry"],"acf":[],"yoast_head":"<!-- This site is optimized with the Yoast SEO plugin v27.5 - https:\/\/yoast.com\/product\/yoast-seo-wordpress\/ -->\n<title>\u201eTylko wolni ro\u015bniemy wielcy\u201d: kreatywny projekt z okazji 35-lecia Odzyskania Niepodleg\u0142o\u015bci Litwy - Vilniaus rajono savivaldyb\u0117s Centrin\u0117 biblioteka<\/title>\n<meta name=\"robots\" content=\"index, follow, max-snippet:-1, max-image-preview:large, max-video-preview:-1\" \/>\n<link rel=\"canonical\" href=\"https:\/\/vrscb.lt\/pl\/tylko-wolni-rosniemy-wielcy-kreatywny-projekt-z-okazji-35-lecia-odzyskania-niepodleglosci-litwy\/\" \/>\n<meta property=\"og:locale\" content=\"pl_PL\" \/>\n<meta property=\"og:type\" content=\"article\" \/>\n<meta property=\"og:title\" content=\"\u201eTylko wolni ro\u015bniemy wielcy\u201d: kreatywny projekt z okazji 35-lecia Odzyskania Niepodleg\u0142o\u015bci Litwy - Vilniaus rajono savivaldyb\u0117s Centrin\u0117 biblioteka\" \/>\n<meta property=\"og:description\" content=\"W przeddzie\u0144 11 marca, z okazji szczeg\u00f3lnej 35. rocznicy Odzyskania Niepodleg\u0142o\u015bci Litwy, Filia Centralnej Biblioteki Samorzdu Rejonu Wile\u0144skiego w Miednikach we wsp\u00f3\u0142pracy z wychowankami Gimnazjum w Rukojniach Filii w Miednikach zrealizowa\u0142a kreatywny projekt \u201eTylko wolni ro\u015bniemy wielcy\u201d. Podczas projektu najm\u0142odsze&hellip; Czytaj wi\u0119cej &ldquo;\u201eTylko wolni ro\u015bniemy wielcy\u201d: kreatywny projekt z okazji 35-lecia Odzyskania Niepodleg\u0142o\u015bci Litwy&rdquo;\u2026\" \/>\n<meta property=\"og:url\" content=\"https:\/\/vrscb.lt\/pl\/tylko-wolni-rosniemy-wielcy-kreatywny-projekt-z-okazji-35-lecia-odzyskania-niepodleglosci-litwy\/\" \/>\n<meta property=\"og:site_name\" content=\"Vilniaus rajono savivaldyb\u0117s Centrin\u0117 biblioteka\" \/>\n<meta property=\"article:published_time\" content=\"2025-03-14T07:46:04+00:00\" \/>\n<meta property=\"article:modified_time\" content=\"2025-03-14T07:47:32+00:00\" \/>\n<meta property=\"og:image\" content=\"https:\/\/vrscb.lt\/wp-content\/uploads\/2025\/03\/Kovo-11-osios-1.jpg\" \/>\n\t<meta property=\"og:image:width\" content=\"1280\" \/>\n\t<meta property=\"og:image:height\" content=\"670\" \/>\n\t<meta property=\"og:image:type\" content=\"image\/jpeg\" \/>\n<meta name=\"author\" content=\"VRSCB\" \/>\n<meta name=\"twitter:card\" content=\"summary_large_image\" \/>\n<meta name=\"twitter:label1\" content=\"Napisane przez\" \/>\n\t<meta name=\"twitter:data1\" content=\"VRSCB\" \/>\n\t<meta name=\"twitter:label2\" content=\"Szacowany czas czytania\" \/>\n\t<meta name=\"twitter:data2\" content=\"4 minuty\" \/>\n<script type=\"application\/ld+json\" class=\"yoast-schema-graph\">{\"@context\":\"https:\\\/\\\/schema.org\",\"@graph\":[{\"@type\":\"Article\",\"@id\":\"https:\\\/\\\/vrscb.lt\\\/pl\\\/tylko-wolni-rosniemy-wielcy-kreatywny-projekt-z-okazji-35-lecia-odzyskania-niepodleglosci-litwy\\\/#article\",\"isPartOf\":{\"@id\":\"https:\\\/\\\/vrscb.lt\\\/pl\\\/tylko-wolni-rosniemy-wielcy-kreatywny-projekt-z-okazji-35-lecia-odzyskania-niepodleglosci-litwy\\\/\"},\"author\":{\"name\":\"VRSCB\",\"@id\":\"https:\\\/\\\/vrscb.lt\\\/#\\\/schema\\\/person\\\/0b84365a98053f509501f91b5be6c097\"},\"headline\":\"\u201eTylko wolni ro\u015bniemy wielcy\u201d: kreatywny projekt z okazji 35-lecia Odzyskania Niepodleg\u0142o\u015bci Litwy\",\"datePublished\":\"2025-03-14T07:46:04+00:00\",\"dateModified\":\"2025-03-14T07:47:32+00:00\",\"mainEntityOfPage\":{\"@id\":\"https:\\\/\\\/vrscb.lt\\\/pl\\\/tylko-wolni-rosniemy-wielcy-kreatywny-projekt-z-okazji-35-lecia-odzyskania-niepodleglosci-litwy\\\/\"},\"wordCount\":306,\"publisher\":{\"@id\":\"https:\\\/\\\/vrscb.lt\\\/#organization\"},\"image\":{\"@id\":\"https:\\\/\\\/vrscb.lt\\\/pl\\\/tylko-wolni-rosniemy-wielcy-kreatywny-projekt-z-okazji-35-lecia-odzyskania-niepodleglosci-litwy\\\/#primaryimage\"},\"thumbnailUrl\":\"https:\\\/\\\/vrscb.lt\\\/wp-content\\\/uploads\\\/2025\\\/03\\\/Kovo-11-osios-1.jpg\",\"articleSection\":[\"Imprezy\"],\"inLanguage\":\"pl-PL\"},{\"@type\":\"WebPage\",\"@id\":\"https:\\\/\\\/vrscb.lt\\\/pl\\\/tylko-wolni-rosniemy-wielcy-kreatywny-projekt-z-okazji-35-lecia-odzyskania-niepodleglosci-litwy\\\/\",\"url\":\"https:\\\/\\\/vrscb.lt\\\/pl\\\/tylko-wolni-rosniemy-wielcy-kreatywny-projekt-z-okazji-35-lecia-odzyskania-niepodleglosci-litwy\\\/\",\"name\":\"\u201eTylko wolni ro\u015bniemy wielcy\u201d: kreatywny projekt z okazji 35-lecia Odzyskania Niepodleg\u0142o\u015bci Litwy - Vilniaus rajono savivaldyb\u0117s Centrin\u0117 biblioteka\",\"isPartOf\":{\"@id\":\"https:\\\/\\\/vrscb.lt\\\/#website\"},\"primaryImageOfPage\":{\"@id\":\"https:\\\/\\\/vrscb.lt\\\/pl\\\/tylko-wolni-rosniemy-wielcy-kreatywny-projekt-z-okazji-35-lecia-odzyskania-niepodleglosci-litwy\\\/#primaryimage\"},\"image\":{\"@id\":\"https:\\\/\\\/vrscb.lt\\\/pl\\\/tylko-wolni-rosniemy-wielcy-kreatywny-projekt-z-okazji-35-lecia-odzyskania-niepodleglosci-litwy\\\/#primaryimage\"},\"thumbnailUrl\":\"https:\\\/\\\/vrscb.lt\\\/wp-content\\\/uploads\\\/2025\\\/03\\\/Kovo-11-osios-1.jpg\",\"datePublished\":\"2025-03-14T07:46:04+00:00\",\"dateModified\":\"2025-03-14T07:47:32+00:00\",\"breadcrumb\":{\"@id\":\"https:\\\/\\\/vrscb.lt\\\/pl\\\/tylko-wolni-rosniemy-wielcy-kreatywny-projekt-z-okazji-35-lecia-odzyskania-niepodleglosci-litwy\\\/#breadcrumb\"},\"inLanguage\":\"pl-PL\",\"potentialAction\":[{\"@type\":\"ReadAction\",\"target\":[\"https:\\\/\\\/vrscb.lt\\\/pl\\\/tylko-wolni-rosniemy-wielcy-kreatywny-projekt-z-okazji-35-lecia-odzyskania-niepodleglosci-litwy\\\/\"]}]},{\"@type\":\"ImageObject\",\"inLanguage\":\"pl-PL\",\"@id\":\"https:\\\/\\\/vrscb.lt\\\/pl\\\/tylko-wolni-rosniemy-wielcy-kreatywny-projekt-z-okazji-35-lecia-odzyskania-niepodleglosci-litwy\\\/#primaryimage\",\"url\":\"https:\\\/\\\/vrscb.lt\\\/wp-content\\\/uploads\\\/2025\\\/03\\\/Kovo-11-osios-1.jpg\",\"contentUrl\":\"https:\\\/\\\/vrscb.lt\\\/wp-content\\\/uploads\\\/2025\\\/03\\\/Kovo-11-osios-1.jpg\",\"width\":1280,\"height\":670},{\"@type\":\"BreadcrumbList\",\"@id\":\"https:\\\/\\\/vrscb.lt\\\/pl\\\/tylko-wolni-rosniemy-wielcy-kreatywny-projekt-z-okazji-35-lecia-odzyskania-niepodleglosci-litwy\\\/#breadcrumb\",\"itemListElement\":[{\"@type\":\"ListItem\",\"position\":1,\"name\":\"Dom\",\"item\":\"https:\\\/\\\/vrscb.lt\\\/\"},{\"@type\":\"ListItem\",\"position\":2,\"name\":\"\u201eTylko wolni ro\u015bniemy wielcy\u201d: kreatywny projekt z okazji 35-lecia Odzyskania Niepodleg\u0142o\u015bci Litwy\"}]},{\"@type\":\"WebSite\",\"@id\":\"https:\\\/\\\/vrscb.lt\\\/#website\",\"url\":\"https:\\\/\\\/vrscb.lt\\\/\",\"name\":\"Vilniaus rajono savivaldyb\u0117s Centrin\u0117 biblioteka\",\"description\":\"Vilniaus rajono savivaldyb\u0117s Centrin\u0117 biblioteka kvie\u010dia visus prisijungti prie visuotin\u0117s pilietin\u0117s iniciatyvos \u201eAtmintis gyva, nes liudija\u201c ir u\u017edegti atminimo.\",\"publisher\":{\"@id\":\"https:\\\/\\\/vrscb.lt\\\/#organization\"},\"potentialAction\":[{\"@type\":\"SearchAction\",\"target\":{\"@type\":\"EntryPoint\",\"urlTemplate\":\"https:\\\/\\\/vrscb.lt\\\/?s={search_term_string}\"},\"query-input\":{\"@type\":\"PropertyValueSpecification\",\"valueRequired\":true,\"valueName\":\"search_term_string\"}}],\"inLanguage\":\"pl-PL\"},{\"@type\":\"Organization\",\"@id\":\"https:\\\/\\\/vrscb.lt\\\/#organization\",\"name\":\"Vilniaus rajono savivaldyb\u0117s Centrin\u0117 biblioteka\",\"url\":\"https:\\\/\\\/vrscb.lt\\\/\",\"logo\":{\"@type\":\"ImageObject\",\"inLanguage\":\"pl-PL\",\"@id\":\"https:\\\/\\\/vrscb.lt\\\/#\\\/schema\\\/logo\\\/image\\\/\",\"url\":\"https:\\\/\\\/vrscb.lt\\\/wp-content\\\/uploads\\\/2021\\\/02\\\/LOGO_BIBLIOTEKA_RUDAMINA_2018_02_08-1.png\",\"contentUrl\":\"https:\\\/\\\/vrscb.lt\\\/wp-content\\\/uploads\\\/2021\\\/02\\\/LOGO_BIBLIOTEKA_RUDAMINA_2018_02_08-1.png\",\"width\":1084,\"height\":1084,\"caption\":\"Vilniaus rajono savivaldyb\u0117s Centrin\u0117 biblioteka\"},\"image\":{\"@id\":\"https:\\\/\\\/vrscb.lt\\\/#\\\/schema\\\/logo\\\/image\\\/\"}},{\"@type\":\"Person\",\"@id\":\"https:\\\/\\\/vrscb.lt\\\/#\\\/schema\\\/person\\\/0b84365a98053f509501f91b5be6c097\",\"name\":\"VRSCB\",\"image\":{\"@type\":\"ImageObject\",\"inLanguage\":\"pl-PL\",\"@id\":\"https:\\\/\\\/secure.gravatar.com\\\/avatar\\\/cb8817ba573049eab6d3f0458a0218e93a27995fe49a8323902e053d82443b77?s=96&d=mm&r=g\",\"url\":\"https:\\\/\\\/secure.gravatar.com\\\/avatar\\\/cb8817ba573049eab6d3f0458a0218e93a27995fe49a8323902e053d82443b77?s=96&d=mm&r=g\",\"contentUrl\":\"https:\\\/\\\/secure.gravatar.com\\\/avatar\\\/cb8817ba573049eab6d3f0458a0218e93a27995fe49a8323902e053d82443b77?s=96&d=mm&r=g\",\"caption\":\"VRSCB\"},\"url\":\"https:\\\/\\\/vrscb.lt\\\/pl\\\/author\\\/pavelas\\\/\"}]}<\/script>\n<!-- \/ Yoast SEO plugin. -->","yoast_head_json":{"title":"\u201eTylko wolni ro\u015bniemy wielcy\u201d: kreatywny projekt z okazji 35-lecia Odzyskania Niepodleg\u0142o\u015bci Litwy - Vilniaus rajono savivaldyb\u0117s Centrin\u0117 biblioteka","robots":{"index":"index","follow":"follow","max-snippet":"max-snippet:-1","max-image-preview":"max-image-preview:large","max-video-preview":"max-video-preview:-1"},"canonical":"https:\/\/vrscb.lt\/pl\/tylko-wolni-rosniemy-wielcy-kreatywny-projekt-z-okazji-35-lecia-odzyskania-niepodleglosci-litwy\/","og_locale":"pl_PL","og_type":"article","og_title":"\u201eTylko wolni ro\u015bniemy wielcy\u201d: kreatywny projekt z okazji 35-lecia Odzyskania Niepodleg\u0142o\u015bci Litwy - Vilniaus rajono savivaldyb\u0117s Centrin\u0117 biblioteka","og_description":"W przeddzie\u0144 11 marca, z okazji szczeg\u00f3lnej 35. rocznicy Odzyskania Niepodleg\u0142o\u015bci Litwy, Filia Centralnej Biblioteki Samorzdu Rejonu Wile\u0144skiego w Miednikach we wsp\u00f3\u0142pracy z wychowankami Gimnazjum w Rukojniach Filii w Miednikach zrealizowa\u0142a kreatywny projekt \u201eTylko wolni ro\u015bniemy wielcy\u201d. Podczas projektu najm\u0142odsze&hellip; Czytaj wi\u0119cej &ldquo;\u201eTylko wolni ro\u015bniemy wielcy\u201d: kreatywny projekt z okazji 35-lecia Odzyskania Niepodleg\u0142o\u015bci Litwy&rdquo;\u2026","og_url":"https:\/\/vrscb.lt\/pl\/tylko-wolni-rosniemy-wielcy-kreatywny-projekt-z-okazji-35-lecia-odzyskania-niepodleglosci-litwy\/","og_site_name":"Vilniaus rajono savivaldyb\u0117s Centrin\u0117 biblioteka","article_published_time":"2025-03-14T07:46:04+00:00","article_modified_time":"2025-03-14T07:47:32+00:00","og_image":[{"width":1280,"height":670,"url":"https:\/\/vrscb.lt\/wp-content\/uploads\/2025\/03\/Kovo-11-osios-1.jpg","type":"image\/jpeg"}],"author":"VRSCB","twitter_card":"summary_large_image","twitter_misc":{"Napisane przez":"VRSCB","Szacowany czas czytania":"4 minuty"},"schema":{"@context":"https:\/\/schema.org","@graph":[{"@type":"Article","@id":"https:\/\/vrscb.lt\/pl\/tylko-wolni-rosniemy-wielcy-kreatywny-projekt-z-okazji-35-lecia-odzyskania-niepodleglosci-litwy\/#article","isPartOf":{"@id":"https:\/\/vrscb.lt\/pl\/tylko-wolni-rosniemy-wielcy-kreatywny-projekt-z-okazji-35-lecia-odzyskania-niepodleglosci-litwy\/"},"author":{"name":"VRSCB","@id":"https:\/\/vrscb.lt\/#\/schema\/person\/0b84365a98053f509501f91b5be6c097"},"headline":"\u201eTylko wolni ro\u015bniemy wielcy\u201d: kreatywny projekt z okazji 35-lecia Odzyskania Niepodleg\u0142o\u015bci Litwy","datePublished":"2025-03-14T07:46:04+00:00","dateModified":"2025-03-14T07:47:32+00:00","mainEntityOfPage":{"@id":"https:\/\/vrscb.lt\/pl\/tylko-wolni-rosniemy-wielcy-kreatywny-projekt-z-okazji-35-lecia-odzyskania-niepodleglosci-litwy\/"},"wordCount":306,"publisher":{"@id":"https:\/\/vrscb.lt\/#organization"},"image":{"@id":"https:\/\/vrscb.lt\/pl\/tylko-wolni-rosniemy-wielcy-kreatywny-projekt-z-okazji-35-lecia-odzyskania-niepodleglosci-litwy\/#primaryimage"},"thumbnailUrl":"https:\/\/vrscb.lt\/wp-content\/uploads\/2025\/03\/Kovo-11-osios-1.jpg","articleSection":["Imprezy"],"inLanguage":"pl-PL"},{"@type":"WebPage","@id":"https:\/\/vrscb.lt\/pl\/tylko-wolni-rosniemy-wielcy-kreatywny-projekt-z-okazji-35-lecia-odzyskania-niepodleglosci-litwy\/","url":"https:\/\/vrscb.lt\/pl\/tylko-wolni-rosniemy-wielcy-kreatywny-projekt-z-okazji-35-lecia-odzyskania-niepodleglosci-litwy\/","name":"\u201eTylko wolni ro\u015bniemy wielcy\u201d: kreatywny projekt z okazji 35-lecia Odzyskania Niepodleg\u0142o\u015bci Litwy - Vilniaus rajono savivaldyb\u0117s Centrin\u0117 biblioteka","isPartOf":{"@id":"https:\/\/vrscb.lt\/#website"},"primaryImageOfPage":{"@id":"https:\/\/vrscb.lt\/pl\/tylko-wolni-rosniemy-wielcy-kreatywny-projekt-z-okazji-35-lecia-odzyskania-niepodleglosci-litwy\/#primaryimage"},"image":{"@id":"https:\/\/vrscb.lt\/pl\/tylko-wolni-rosniemy-wielcy-kreatywny-projekt-z-okazji-35-lecia-odzyskania-niepodleglosci-litwy\/#primaryimage"},"thumbnailUrl":"https:\/\/vrscb.lt\/wp-content\/uploads\/2025\/03\/Kovo-11-osios-1.jpg","datePublished":"2025-03-14T07:46:04+00:00","dateModified":"2025-03-14T07:47:32+00:00","breadcrumb":{"@id":"https:\/\/vrscb.lt\/pl\/tylko-wolni-rosniemy-wielcy-kreatywny-projekt-z-okazji-35-lecia-odzyskania-niepodleglosci-litwy\/#breadcrumb"},"inLanguage":"pl-PL","potentialAction":[{"@type":"ReadAction","target":["https:\/\/vrscb.lt\/pl\/tylko-wolni-rosniemy-wielcy-kreatywny-projekt-z-okazji-35-lecia-odzyskania-niepodleglosci-litwy\/"]}]},{"@type":"ImageObject","inLanguage":"pl-PL","@id":"https:\/\/vrscb.lt\/pl\/tylko-wolni-rosniemy-wielcy-kreatywny-projekt-z-okazji-35-lecia-odzyskania-niepodleglosci-litwy\/#primaryimage","url":"https:\/\/vrscb.lt\/wp-content\/uploads\/2025\/03\/Kovo-11-osios-1.jpg","contentUrl":"https:\/\/vrscb.lt\/wp-content\/uploads\/2025\/03\/Kovo-11-osios-1.jpg","width":1280,"height":670},{"@type":"BreadcrumbList","@id":"https:\/\/vrscb.lt\/pl\/tylko-wolni-rosniemy-wielcy-kreatywny-projekt-z-okazji-35-lecia-odzyskania-niepodleglosci-litwy\/#breadcrumb","itemListElement":[{"@type":"ListItem","position":1,"name":"Dom","item":"https:\/\/vrscb.lt\/"},{"@type":"ListItem","position":2,"name":"\u201eTylko wolni ro\u015bniemy wielcy\u201d: kreatywny projekt z okazji 35-lecia Odzyskania Niepodleg\u0142o\u015bci Litwy"}]},{"@type":"WebSite","@id":"https:\/\/vrscb.lt\/#website","url":"https:\/\/vrscb.lt\/","name":"Vilniaus rajono savivaldyb\u0117s Centrin\u0117 biblioteka","description":"Vilniaus rajono savivaldyb\u0117s Centrin\u0117 biblioteka kvie\u010dia visus prisijungti prie visuotin\u0117s pilietin\u0117s iniciatyvos \u201eAtmintis gyva, nes liudija\u201c ir u\u017edegti atminimo.","publisher":{"@id":"https:\/\/vrscb.lt\/#organization"},"potentialAction":[{"@type":"SearchAction","target":{"@type":"EntryPoint","urlTemplate":"https:\/\/vrscb.lt\/?s={search_term_string}"},"query-input":{"@type":"PropertyValueSpecification","valueRequired":true,"valueName":"search_term_string"}}],"inLanguage":"pl-PL"},{"@type":"Organization","@id":"https:\/\/vrscb.lt\/#organization","name":"Vilniaus rajono savivaldyb\u0117s Centrin\u0117 biblioteka","url":"https:\/\/vrscb.lt\/","logo":{"@type":"ImageObject","inLanguage":"pl-PL","@id":"https:\/\/vrscb.lt\/#\/schema\/logo\/image\/","url":"https:\/\/vrscb.lt\/wp-content\/uploads\/2021\/02\/LOGO_BIBLIOTEKA_RUDAMINA_2018_02_08-1.png","contentUrl":"https:\/\/vrscb.lt\/wp-content\/uploads\/2021\/02\/LOGO_BIBLIOTEKA_RUDAMINA_2018_02_08-1.png","width":1084,"height":1084,"caption":"Vilniaus rajono savivaldyb\u0117s Centrin\u0117 biblioteka"},"image":{"@id":"https:\/\/vrscb.lt\/#\/schema\/logo\/image\/"}},{"@type":"Person","@id":"https:\/\/vrscb.lt\/#\/schema\/person\/0b84365a98053f509501f91b5be6c097","name":"VRSCB","image":{"@type":"ImageObject","inLanguage":"pl-PL","@id":"https:\/\/secure.gravatar.com\/avatar\/cb8817ba573049eab6d3f0458a0218e93a27995fe49a8323902e053d82443b77?s=96&d=mm&r=g","url":"https:\/\/secure.gravatar.com\/avatar\/cb8817ba573049eab6d3f0458a0218e93a27995fe49a8323902e053d82443b77?s=96&d=mm&r=g","contentUrl":"https:\/\/secure.gravatar.com\/avatar\/cb8817ba573049eab6d3f0458a0218e93a27995fe49a8323902e053d82443b77?s=96&d=mm&r=g","caption":"VRSCB"},"url":"https:\/\/vrscb.lt\/pl\/author\/pavelas\/"}]}},"_links":{"self":[{"href":"https:\/\/vrscb.lt\/pl\/wp-json\/wp\/v2\/posts\/34829","targetHints":{"allow":["GET"]}}],"collection":[{"href":"https:\/\/vrscb.lt\/pl\/wp-json\/wp\/v2\/posts"}],"about":[{"href":"https:\/\/vrscb.lt\/pl\/wp-json\/wp\/v2\/types\/post"}],"author":[{"embeddable":true,"href":"https:\/\/vrscb.lt\/pl\/wp-json\/wp\/v2\/users\/3"}],"replies":[{"embeddable":true,"href":"https:\/\/vrscb.lt\/pl\/wp-json\/wp\/v2\/comments?post=34829"}],"version-history":[{"count":4,"href":"https:\/\/vrscb.lt\/pl\/wp-json\/wp\/v2\/posts\/34829\/revisions"}],"predecessor-version":[{"id":34834,"href":"https:\/\/vrscb.lt\/pl\/wp-json\/wp\/v2\/posts\/34829\/revisions\/34834"}],"wp:featuredmedia":[{"embeddable":true,"href":"https:\/\/vrscb.lt\/pl\/wp-json\/wp\/v2\/media\/34804"}],"wp:attachment":[{"href":"https:\/\/vrscb.lt\/pl\/wp-json\/wp\/v2\/media?parent=34829"}],"wp:term":[{"taxonomy":"category","embeddable":true,"href":"https:\/\/vrscb.lt\/pl\/wp-json\/wp\/v2\/categories?post=34829"},{"taxonomy":"post_tag","embeddable":true,"href":"https:\/\/vrscb.lt\/pl\/wp-json\/wp\/v2\/tags?post=34829"}],"curies":[{"name":"wp","href":"https:\/\/api.w.org\/{rel}","templated":true}]}}