
{"id":34906,"date":"2025-03-17T16:28:59","date_gmt":"2025-03-17T14:28:59","guid":{"rendered":"https:\/\/vrscb.lt\/?p=34906"},"modified":"2025-03-17T16:30:22","modified_gmt":"2025-03-17T14:30:22","slug":"chronmy-naszych-malych-przyjaciol-wieszanie-budek-legowych-w-kowalczukach","status":"publish","type":"post","link":"https:\/\/vrscb.lt\/pl\/chronmy-naszych-malych-przyjaciol-wieszanie-budek-legowych-w-kowalczukach\/","title":{"rendered":"\u201eChro\u0144my naszych ma\u0142ych przyjaci\u00f3\u0142\u201d \u2013 wieszanie budek l\u0119gowych w Kowalczukach"},"content":{"rendered":"\t\t<div data-elementor-type=\"wp-post\" data-elementor-id=\"34906\" class=\"elementor elementor-34906\" data-elementor-post-type=\"post\">\n\t\t\t\t\t\t<section class=\"elementor-section elementor-top-section elementor-element elementor-element-43210972 elementor-section-boxed elementor-section-height-default elementor-section-height-default\" data-id=\"43210972\" data-element_type=\"section\" data-e-type=\"section\">\n\t\t\t\t\t\t<div class=\"elementor-container elementor-column-gap-default\">\n\t\t\t\t\t<div class=\"elementor-column elementor-col-100 elementor-top-column elementor-element elementor-element-59f97328\" data-id=\"59f97328\" data-element_type=\"column\" data-e-type=\"column\">\n\t\t\t<div class=\"elementor-widget-wrap elementor-element-populated\">\n\t\t\t\t\t\t<div class=\"elementor-element elementor-element-d8f700e elementor-widget elementor-widget-text-editor\" data-id=\"d8f700e\" data-element_type=\"widget\" data-e-type=\"widget\" data-widget_type=\"text-editor.default\">\n\t\t\t\t<div class=\"elementor-widget-container\">\n\t\t\t\t\t\t\t\t\t\n<p>W blasku marcowego s\u0142o\u0144ca, w otoczeniu budz\u0105cej si\u0119 do \u017cycia przyrody, odby\u0142a si\u0119 niezwyk\u0142a wyprawa do lasu, kt\u00f3rej celem by\u0142o nie tylko zawieszenie budek l\u0119gowych dla ptak\u00f3w, ale tak\u017ce szerzenie wra\u017cliwo\u015bci ekologicznej w\u015br\u00f3d najm\u0142odszych.<\/p>\n\n\n\n<p>14 marca pracownice Filii Centralnej Biblioteki Samorz\u0105du Rejonu Wile\u0144skiego w Kowalczukach, Natalia Wercho\u0142amowa i Teresa Pristawka, zorganizowa\u0142y edukacyjne spotkanie pod has\u0142em \u201eChro\u0144my naszych ma\u0142ych przyjaci\u00f3\u0142\u201d. W wydarzeniu wzi\u0119li udzia\u0142 uczniowie Gimnazjum \u201eAu\u0161ros\u201d w Kowalczukach wraz z nauczycielkami oraz przedstawiciele le\u015bnictwa w Kienie.<\/p>\n\n\n\n<p>Pierwszym etapem by\u0142a cz\u0119\u015b\u0107 teoretyczna, kt\u00f3ra pozwoli\u0142a uczestnikom lepiej zrozumie\u0107, dlaczego budki l\u0119gowe s\u0105 tak wa\u017cne dla ptak\u00f3w i jak nale\u017cy je prawid\u0142owo zamontowa\u0107. W wyniku intensywnej dzia\u0142alno\u015bci cz\u0142owieka i wycinki starych drzew naturalne dziuple staj\u0105 si\u0119 coraz rzadsze. Budki l\u0119gowe tworz\u0105 bezpieczn\u0105 przestrze\u0144, w kt\u00f3rej ptaki mog\u0105 zak\u0142ada\u0107 gniazda, wychowywa\u0107 piskl\u0119ta i chroni\u0107 si\u0119 przed drapie\u017cnikami.<\/p>\n\n\n\n<p>Po teorii przyszed\u0142 czas na dzia\u0142anie. Uczestnicy wyruszyli do lasu w Kienie, gdzie przywitali ich le\u015bnicy z przygotowanymi budkami l\u0119gowymi. Specjali\u015bci wyt\u0142umaczyli, \u017ce budki powinny by\u0107 umieszczane w spokojnych miejscach, z dala od \u015bcie\u017cek ucz\u0119szczanych przez ludzi. Wa\u017cne jest te\u017c ich odpowiednie zabezpieczenie przed wiatrem, deszczem i drapie\u017cnikami.<\/p>\n\n\n\n<p>Uczniowie z wielkim zaanga\u017cowaniem i entuzjazmem pomagali w montowaniu budek, poznaj\u0105c przy tym potrzeby r\u00f3\u017cnych gatunk\u00f3w ptak\u00f3w. Dowiedzieli si\u0119, \u017ce ka\u017cdy gatunek wymaga innego rozmiaru i kszta\u0142tu schronienia: ma\u0142e budki \u2013 dla sikorek, mucho\u0142\u00f3wek, kowalik\u00f3w; \u015brednie budki \u2013 dla szpak\u00f3w, pe\u0142zaczy; du\u017ce budki \u2013 dla s\u00f3w, g\u0105go\u0142\u00f3w.<\/p>\n\n\n\n<p>Zadowolenie maluj\u0105ce si\u0119 na twarzach uczestnik\u00f3w by\u0142o najlepszym dowodem na to, \u017ce wsp\u00f3lna praca na rzecz ochrony przyrody mo\u017ce by\u0107 prawdziw\u0105 przyjemno\u015bci\u0105. Dla uczni\u00f3w by\u0142a to nie tylko cenna lekcja ekologii, ale r\u00f3wnie\u017c okazja do bezpo\u015bredniego kontaktu z przyrod\u0105 i refleksji nad jej warto\u015bci\u0105.<\/p>\n\t\t\t\t\t\t\t\t<\/div>\n\t\t\t\t<\/div>\n\t\t\t\t\t<\/div>\n\t\t<\/div>\n\t\t\t\t\t<\/div>\n\t\t<\/section>\n\t\t\t\t<section class=\"elementor-section elementor-top-section elementor-element elementor-element-e285239 elementor-section-boxed elementor-section-height-default elementor-section-height-default\" data-id=\"e285239\" data-element_type=\"section\" data-e-type=\"section\">\n\t\t\t\t\t\t<div class=\"elementor-container elementor-column-gap-default\">\n\t\t\t\t\t<div class=\"elementor-column elementor-col-100 elementor-top-column elementor-element elementor-element-e3d3881\" data-id=\"e3d3881\" data-element_type=\"column\" data-e-type=\"column\">\n\t\t\t<div class=\"elementor-widget-wrap elementor-element-populated\">\n\t\t\t\t\t\t<div class=\"elementor-element elementor-element-ae602f7 gallery-spacing-custom elementor-widget elementor-widget-image-gallery\" data-id=\"ae602f7\" data-element_type=\"widget\" data-e-type=\"widget\" data-widget_type=\"image-gallery.default\">\n\t\t\t\t<div class=\"elementor-widget-container\">\n\t\t\t\t\t\t\t<div class=\"elementor-image-gallery\">\n\t\t\t<div id='gallery-1' class='gallery galleryid-34906 gallery-columns-5 gallery-size-thumbnail'><figure class='gallery-item'>\n\t\t\t<div class='gallery-icon landscape'>\n\t\t\t\t<a data-elementor-open-lightbox=\"yes\" data-elementor-lightbox-slideshow=\"ae602f7\" data-elementor-lightbox-title=\"Globokime ma\u017euosius draugus (2)\" data-e-action-hash=\"#elementor-action%3Aaction%3Dlightbox%26settings%3DeyJpZCI6MzQ4ODcsInVybCI6Imh0dHBzOlwvXC92cnNjYi5sdFwvd3AtY29udGVudFwvdXBsb2Fkc1wvMjAyNVwvMDNcL0dsb2Jva2ltZS1tYXp1b3NpdXMtZHJhdWd1cy0yLmpwZyIsInNsaWRlc2hvdyI6ImFlNjAyZjcifQ%3D%3D\" href='https:\/\/vrscb.lt\/wp-content\/uploads\/2025\/03\/Globokime-mazuosius-draugus-2.jpg'><img fetchpriority=\"high\" decoding=\"async\" width=\"480\" height=\"270\" src=\"https:\/\/vrscb.lt\/wp-content\/uploads\/2025\/03\/Globokime-mazuosius-draugus-2-480x270.jpg\" class=\"attachment-thumbnail size-thumbnail\" alt=\"\" \/><\/a>\n\t\t\t<\/div><\/figure><figure class='gallery-item'>\n\t\t\t<div class='gallery-icon portrait'>\n\t\t\t\t<a data-elementor-open-lightbox=\"yes\" data-elementor-lightbox-slideshow=\"ae602f7\" data-elementor-lightbox-title=\"Globokime ma\u017euosius draugus (1)\" data-e-action-hash=\"#elementor-action%3Aaction%3Dlightbox%26settings%3DeyJpZCI6MzQ4OTAsInVybCI6Imh0dHBzOlwvXC92cnNjYi5sdFwvd3AtY29udGVudFwvdXBsb2Fkc1wvMjAyNVwvMDNcL0dsb2Jva2ltZS1tYXp1b3NpdXMtZHJhdWd1cy0xLmpwZyIsInNsaWRlc2hvdyI6ImFlNjAyZjcifQ%3D%3D\" href='https:\/\/vrscb.lt\/wp-content\/uploads\/2025\/03\/Globokime-mazuosius-draugus-1.jpg'><img decoding=\"async\" width=\"480\" height=\"270\" src=\"https:\/\/vrscb.lt\/wp-content\/uploads\/2025\/03\/Globokime-mazuosius-draugus-1-480x270.jpg\" class=\"attachment-thumbnail size-thumbnail\" alt=\"\" \/><\/a>\n\t\t\t<\/div><\/figure><figure class='gallery-item'>\n\t\t\t<div class='gallery-icon portrait'>\n\t\t\t\t<a data-elementor-open-lightbox=\"yes\" data-elementor-lightbox-slideshow=\"ae602f7\" data-elementor-lightbox-title=\"Globokime ma\u017euosius draugus (3)\" data-e-action-hash=\"#elementor-action%3Aaction%3Dlightbox%26settings%3DeyJpZCI6MzQ4OTIsInVybCI6Imh0dHBzOlwvXC92cnNjYi5sdFwvd3AtY29udGVudFwvdXBsb2Fkc1wvMjAyNVwvMDNcL0dsb2Jva2ltZS1tYXp1b3NpdXMtZHJhdWd1cy0zLmpwZyIsInNsaWRlc2hvdyI6ImFlNjAyZjcifQ%3D%3D\" href='https:\/\/vrscb.lt\/wp-content\/uploads\/2025\/03\/Globokime-mazuosius-draugus-3.jpg'><img decoding=\"async\" width=\"480\" height=\"270\" src=\"https:\/\/vrscb.lt\/wp-content\/uploads\/2025\/03\/Globokime-mazuosius-draugus-3-480x270.jpg\" class=\"attachment-thumbnail size-thumbnail\" alt=\"\" \/><\/a>\n\t\t\t<\/div><\/figure><figure class='gallery-item'>\n\t\t\t<div class='gallery-icon portrait'>\n\t\t\t\t<a data-elementor-open-lightbox=\"yes\" data-elementor-lightbox-slideshow=\"ae602f7\" data-elementor-lightbox-title=\"Globokime ma\u017euosius draugus (4)\" data-e-action-hash=\"#elementor-action%3Aaction%3Dlightbox%26settings%3DeyJpZCI6MzQ4OTQsInVybCI6Imh0dHBzOlwvXC92cnNjYi5sdFwvd3AtY29udGVudFwvdXBsb2Fkc1wvMjAyNVwvMDNcL0dsb2Jva2ltZS1tYXp1b3NpdXMtZHJhdWd1cy00LmpwZyIsInNsaWRlc2hvdyI6ImFlNjAyZjcifQ%3D%3D\" href='https:\/\/vrscb.lt\/wp-content\/uploads\/2025\/03\/Globokime-mazuosius-draugus-4.jpg'><img loading=\"lazy\" decoding=\"async\" width=\"480\" height=\"270\" src=\"https:\/\/vrscb.lt\/wp-content\/uploads\/2025\/03\/Globokime-mazuosius-draugus-4-480x270.jpg\" class=\"attachment-thumbnail size-thumbnail\" alt=\"\" \/><\/a>\n\t\t\t<\/div><\/figure><figure class='gallery-item'>\n\t\t\t<div class='gallery-icon portrait'>\n\t\t\t\t<a data-elementor-open-lightbox=\"yes\" data-elementor-lightbox-slideshow=\"ae602f7\" data-elementor-lightbox-title=\"Globokime ma\u017euosius draugus (5)\" data-e-action-hash=\"#elementor-action%3Aaction%3Dlightbox%26settings%3DeyJpZCI6MzQ4OTYsInVybCI6Imh0dHBzOlwvXC92cnNjYi5sdFwvd3AtY29udGVudFwvdXBsb2Fkc1wvMjAyNVwvMDNcL0dsb2Jva2ltZS1tYXp1b3NpdXMtZHJhdWd1cy01LmpwZyIsInNsaWRlc2hvdyI6ImFlNjAyZjcifQ%3D%3D\" href='https:\/\/vrscb.lt\/wp-content\/uploads\/2025\/03\/Globokime-mazuosius-draugus-5.jpg'><img loading=\"lazy\" decoding=\"async\" width=\"480\" height=\"270\" src=\"https:\/\/vrscb.lt\/wp-content\/uploads\/2025\/03\/Globokime-mazuosius-draugus-5-480x270.jpg\" class=\"attachment-thumbnail size-thumbnail\" alt=\"\" \/><\/a>\n\t\t\t<\/div><\/figure>\n\t\t<\/div>\n\t\t<\/div>\n\t\t\t\t\t\t<\/div>\n\t\t\t\t<\/div>\n\t\t\t\t\t<\/div>\n\t\t<\/div>\n\t\t\t\t\t<\/div>\n\t\t<\/section>\n\t\t\t\t<\/div>\n\t\t","protected":false},"excerpt":{"rendered":"<div class=\"entry-summary\">\nW blasku marcowego s\u0142o\u0144ca, w otoczeniu budz\u0105cej si\u0119 do \u017cycia przyrody, odby\u0142a si\u0119 niezwyk\u0142a wyprawa do lasu, kt\u00f3rej celem by\u0142o nie tylko zawieszenie budek l\u0119gowych dla ptak\u00f3w, ale tak\u017ce szerzenie wra\u017cliwo\u015bci ekologicznej w\u015br\u00f3d najm\u0142odszych. 14 marca pracownice Filii Centralnej Biblioteki&hellip;\n<\/div>\n<div class=\"link-more\"><a href=\"https:\/\/vrscb.lt\/pl\/chronmy-naszych-malych-przyjaciol-wieszanie-budek-legowych-w-kowalczukach\/\" class=\"more-link\">Czytaj wi\u0119cej<span class=\"screen-reader-text\"> &ldquo;\u201eChro\u0144my naszych ma\u0142ych przyjaci\u00f3\u0142\u201d \u2013 wieszanie budek l\u0119gowych w Kowalczukach&rdquo;<\/span>\u2026<\/a><\/div>\n","protected":false},"author":3,"featured_media":34887,"comment_status":"closed","ping_status":"closed","sticky":false,"template":"","format":"standard","meta":{"_acf_changed":false,"footnotes":""},"categories":[96],"tags":[],"class_list":["post-34906","post","type-post","status-publish","format-standard","has-post-thumbnail","hentry","category-imprezy","entry"],"acf":[],"yoast_head":"<!-- This site is optimized with the Yoast SEO plugin v27.5 - https:\/\/yoast.com\/product\/yoast-seo-wordpress\/ -->\n<title>\u201eChro\u0144my naszych ma\u0142ych przyjaci\u00f3\u0142\u201d \u2013 wieszanie budek l\u0119gowych w Kowalczukach - Vilniaus rajono savivaldyb\u0117s Centrin\u0117 biblioteka<\/title>\n<meta name=\"robots\" content=\"index, follow, max-snippet:-1, max-image-preview:large, max-video-preview:-1\" \/>\n<link rel=\"canonical\" href=\"https:\/\/vrscb.lt\/pl\/chronmy-naszych-malych-przyjaciol-wieszanie-budek-legowych-w-kowalczukach\/\" \/>\n<meta property=\"og:locale\" content=\"pl_PL\" \/>\n<meta property=\"og:type\" content=\"article\" \/>\n<meta property=\"og:title\" content=\"\u201eChro\u0144my naszych ma\u0142ych przyjaci\u00f3\u0142\u201d \u2013 wieszanie budek l\u0119gowych w Kowalczukach - Vilniaus rajono savivaldyb\u0117s Centrin\u0117 biblioteka\" \/>\n<meta property=\"og:description\" content=\"W blasku marcowego s\u0142o\u0144ca, w otoczeniu budz\u0105cej si\u0119 do \u017cycia przyrody, odby\u0142a si\u0119 niezwyk\u0142a wyprawa do lasu, kt\u00f3rej celem by\u0142o nie tylko zawieszenie budek l\u0119gowych dla ptak\u00f3w, ale tak\u017ce szerzenie wra\u017cliwo\u015bci ekologicznej w\u015br\u00f3d najm\u0142odszych. 14 marca pracownice Filii Centralnej Biblioteki&hellip; Czytaj wi\u0119cej &ldquo;\u201eChro\u0144my naszych ma\u0142ych przyjaci\u00f3\u0142\u201d \u2013 wieszanie budek l\u0119gowych w Kowalczukach&rdquo;\u2026\" \/>\n<meta property=\"og:url\" content=\"https:\/\/vrscb.lt\/pl\/chronmy-naszych-malych-przyjaciol-wieszanie-budek-legowych-w-kowalczukach\/\" \/>\n<meta property=\"og:site_name\" content=\"Vilniaus rajono savivaldyb\u0117s Centrin\u0117 biblioteka\" \/>\n<meta property=\"article:published_time\" content=\"2025-03-17T14:28:59+00:00\" \/>\n<meta property=\"article:modified_time\" content=\"2025-03-17T14:30:22+00:00\" \/>\n<meta property=\"og:image\" content=\"https:\/\/vrscb.lt\/wp-content\/uploads\/2025\/03\/Globokime-mazuosius-draugus-2.jpg\" \/>\n\t<meta property=\"og:image:width\" content=\"1024\" \/>\n\t<meta property=\"og:image:height\" content=\"768\" \/>\n\t<meta property=\"og:image:type\" content=\"image\/jpeg\" \/>\n<meta name=\"author\" content=\"VRSCB\" \/>\n<meta name=\"twitter:card\" content=\"summary_large_image\" \/>\n<meta name=\"twitter:label1\" content=\"Napisane przez\" \/>\n\t<meta name=\"twitter:data1\" content=\"VRSCB\" \/>\n\t<meta name=\"twitter:label2\" content=\"Szacowany czas czytania\" \/>\n\t<meta name=\"twitter:data2\" content=\"3 minuty\" \/>\n<script type=\"application\/ld+json\" class=\"yoast-schema-graph\">{\"@context\":\"https:\\\/\\\/schema.org\",\"@graph\":[{\"@type\":\"Article\",\"@id\":\"https:\\\/\\\/vrscb.lt\\\/pl\\\/chronmy-naszych-malych-przyjaciol-wieszanie-budek-legowych-w-kowalczukach\\\/#article\",\"isPartOf\":{\"@id\":\"https:\\\/\\\/vrscb.lt\\\/pl\\\/chronmy-naszych-malych-przyjaciol-wieszanie-budek-legowych-w-kowalczukach\\\/\"},\"author\":{\"name\":\"VRSCB\",\"@id\":\"https:\\\/\\\/vrscb.lt\\\/#\\\/schema\\\/person\\\/0b84365a98053f509501f91b5be6c097\"},\"headline\":\"\u201eChro\u0144my naszych ma\u0142ych przyjaci\u00f3\u0142\u201d \u2013 wieszanie budek l\u0119gowych w Kowalczukach\",\"datePublished\":\"2025-03-17T14:28:59+00:00\",\"dateModified\":\"2025-03-17T14:30:22+00:00\",\"mainEntityOfPage\":{\"@id\":\"https:\\\/\\\/vrscb.lt\\\/pl\\\/chronmy-naszych-malych-przyjaciol-wieszanie-budek-legowych-w-kowalczukach\\\/\"},\"wordCount\":357,\"publisher\":{\"@id\":\"https:\\\/\\\/vrscb.lt\\\/#organization\"},\"image\":{\"@id\":\"https:\\\/\\\/vrscb.lt\\\/pl\\\/chronmy-naszych-malych-przyjaciol-wieszanie-budek-legowych-w-kowalczukach\\\/#primaryimage\"},\"thumbnailUrl\":\"https:\\\/\\\/vrscb.lt\\\/wp-content\\\/uploads\\\/2025\\\/03\\\/Globokime-mazuosius-draugus-2.jpg\",\"articleSection\":[\"Imprezy\"],\"inLanguage\":\"pl-PL\"},{\"@type\":\"WebPage\",\"@id\":\"https:\\\/\\\/vrscb.lt\\\/pl\\\/chronmy-naszych-malych-przyjaciol-wieszanie-budek-legowych-w-kowalczukach\\\/\",\"url\":\"https:\\\/\\\/vrscb.lt\\\/pl\\\/chronmy-naszych-malych-przyjaciol-wieszanie-budek-legowych-w-kowalczukach\\\/\",\"name\":\"\u201eChro\u0144my naszych ma\u0142ych przyjaci\u00f3\u0142\u201d \u2013 wieszanie budek l\u0119gowych w Kowalczukach - Vilniaus rajono savivaldyb\u0117s Centrin\u0117 biblioteka\",\"isPartOf\":{\"@id\":\"https:\\\/\\\/vrscb.lt\\\/#website\"},\"primaryImageOfPage\":{\"@id\":\"https:\\\/\\\/vrscb.lt\\\/pl\\\/chronmy-naszych-malych-przyjaciol-wieszanie-budek-legowych-w-kowalczukach\\\/#primaryimage\"},\"image\":{\"@id\":\"https:\\\/\\\/vrscb.lt\\\/pl\\\/chronmy-naszych-malych-przyjaciol-wieszanie-budek-legowych-w-kowalczukach\\\/#primaryimage\"},\"thumbnailUrl\":\"https:\\\/\\\/vrscb.lt\\\/wp-content\\\/uploads\\\/2025\\\/03\\\/Globokime-mazuosius-draugus-2.jpg\",\"datePublished\":\"2025-03-17T14:28:59+00:00\",\"dateModified\":\"2025-03-17T14:30:22+00:00\",\"breadcrumb\":{\"@id\":\"https:\\\/\\\/vrscb.lt\\\/pl\\\/chronmy-naszych-malych-przyjaciol-wieszanie-budek-legowych-w-kowalczukach\\\/#breadcrumb\"},\"inLanguage\":\"pl-PL\",\"potentialAction\":[{\"@type\":\"ReadAction\",\"target\":[\"https:\\\/\\\/vrscb.lt\\\/pl\\\/chronmy-naszych-malych-przyjaciol-wieszanie-budek-legowych-w-kowalczukach\\\/\"]}]},{\"@type\":\"ImageObject\",\"inLanguage\":\"pl-PL\",\"@id\":\"https:\\\/\\\/vrscb.lt\\\/pl\\\/chronmy-naszych-malych-przyjaciol-wieszanie-budek-legowych-w-kowalczukach\\\/#primaryimage\",\"url\":\"https:\\\/\\\/vrscb.lt\\\/wp-content\\\/uploads\\\/2025\\\/03\\\/Globokime-mazuosius-draugus-2.jpg\",\"contentUrl\":\"https:\\\/\\\/vrscb.lt\\\/wp-content\\\/uploads\\\/2025\\\/03\\\/Globokime-mazuosius-draugus-2.jpg\",\"width\":1024,\"height\":768},{\"@type\":\"BreadcrumbList\",\"@id\":\"https:\\\/\\\/vrscb.lt\\\/pl\\\/chronmy-naszych-malych-przyjaciol-wieszanie-budek-legowych-w-kowalczukach\\\/#breadcrumb\",\"itemListElement\":[{\"@type\":\"ListItem\",\"position\":1,\"name\":\"Dom\",\"item\":\"https:\\\/\\\/vrscb.lt\\\/\"},{\"@type\":\"ListItem\",\"position\":2,\"name\":\"\u201eChro\u0144my naszych ma\u0142ych przyjaci\u00f3\u0142\u201d \u2013 wieszanie budek l\u0119gowych w Kowalczukach\"}]},{\"@type\":\"WebSite\",\"@id\":\"https:\\\/\\\/vrscb.lt\\\/#website\",\"url\":\"https:\\\/\\\/vrscb.lt\\\/\",\"name\":\"Vilniaus rajono savivaldyb\u0117s Centrin\u0117 biblioteka\",\"description\":\"Vilniaus rajono savivaldyb\u0117s Centrin\u0117 biblioteka kvie\u010dia visus prisijungti prie visuotin\u0117s pilietin\u0117s iniciatyvos \u201eAtmintis gyva, nes liudija\u201c ir u\u017edegti atminimo.\",\"publisher\":{\"@id\":\"https:\\\/\\\/vrscb.lt\\\/#organization\"},\"potentialAction\":[{\"@type\":\"SearchAction\",\"target\":{\"@type\":\"EntryPoint\",\"urlTemplate\":\"https:\\\/\\\/vrscb.lt\\\/?s={search_term_string}\"},\"query-input\":{\"@type\":\"PropertyValueSpecification\",\"valueRequired\":true,\"valueName\":\"search_term_string\"}}],\"inLanguage\":\"pl-PL\"},{\"@type\":\"Organization\",\"@id\":\"https:\\\/\\\/vrscb.lt\\\/#organization\",\"name\":\"Vilniaus rajono savivaldyb\u0117s Centrin\u0117 biblioteka\",\"url\":\"https:\\\/\\\/vrscb.lt\\\/\",\"logo\":{\"@type\":\"ImageObject\",\"inLanguage\":\"pl-PL\",\"@id\":\"https:\\\/\\\/vrscb.lt\\\/#\\\/schema\\\/logo\\\/image\\\/\",\"url\":\"https:\\\/\\\/vrscb.lt\\\/wp-content\\\/uploads\\\/2021\\\/02\\\/LOGO_BIBLIOTEKA_RUDAMINA_2018_02_08-1.png\",\"contentUrl\":\"https:\\\/\\\/vrscb.lt\\\/wp-content\\\/uploads\\\/2021\\\/02\\\/LOGO_BIBLIOTEKA_RUDAMINA_2018_02_08-1.png\",\"width\":1084,\"height\":1084,\"caption\":\"Vilniaus rajono savivaldyb\u0117s Centrin\u0117 biblioteka\"},\"image\":{\"@id\":\"https:\\\/\\\/vrscb.lt\\\/#\\\/schema\\\/logo\\\/image\\\/\"}},{\"@type\":\"Person\",\"@id\":\"https:\\\/\\\/vrscb.lt\\\/#\\\/schema\\\/person\\\/0b84365a98053f509501f91b5be6c097\",\"name\":\"VRSCB\",\"image\":{\"@type\":\"ImageObject\",\"inLanguage\":\"pl-PL\",\"@id\":\"https:\\\/\\\/secure.gravatar.com\\\/avatar\\\/cb8817ba573049eab6d3f0458a0218e93a27995fe49a8323902e053d82443b77?s=96&d=mm&r=g\",\"url\":\"https:\\\/\\\/secure.gravatar.com\\\/avatar\\\/cb8817ba573049eab6d3f0458a0218e93a27995fe49a8323902e053d82443b77?s=96&d=mm&r=g\",\"contentUrl\":\"https:\\\/\\\/secure.gravatar.com\\\/avatar\\\/cb8817ba573049eab6d3f0458a0218e93a27995fe49a8323902e053d82443b77?s=96&d=mm&r=g\",\"caption\":\"VRSCB\"},\"url\":\"https:\\\/\\\/vrscb.lt\\\/pl\\\/author\\\/pavelas\\\/\"}]}<\/script>\n<!-- \/ Yoast SEO plugin. -->","yoast_head_json":{"title":"\u201eChro\u0144my naszych ma\u0142ych przyjaci\u00f3\u0142\u201d \u2013 wieszanie budek l\u0119gowych w Kowalczukach - Vilniaus rajono savivaldyb\u0117s Centrin\u0117 biblioteka","robots":{"index":"index","follow":"follow","max-snippet":"max-snippet:-1","max-image-preview":"max-image-preview:large","max-video-preview":"max-video-preview:-1"},"canonical":"https:\/\/vrscb.lt\/pl\/chronmy-naszych-malych-przyjaciol-wieszanie-budek-legowych-w-kowalczukach\/","og_locale":"pl_PL","og_type":"article","og_title":"\u201eChro\u0144my naszych ma\u0142ych przyjaci\u00f3\u0142\u201d \u2013 wieszanie budek l\u0119gowych w Kowalczukach - Vilniaus rajono savivaldyb\u0117s Centrin\u0117 biblioteka","og_description":"W blasku marcowego s\u0142o\u0144ca, w otoczeniu budz\u0105cej si\u0119 do \u017cycia przyrody, odby\u0142a si\u0119 niezwyk\u0142a wyprawa do lasu, kt\u00f3rej celem by\u0142o nie tylko zawieszenie budek l\u0119gowych dla ptak\u00f3w, ale tak\u017ce szerzenie wra\u017cliwo\u015bci ekologicznej w\u015br\u00f3d najm\u0142odszych. 14 marca pracownice Filii Centralnej Biblioteki&hellip; Czytaj wi\u0119cej &ldquo;\u201eChro\u0144my naszych ma\u0142ych przyjaci\u00f3\u0142\u201d \u2013 wieszanie budek l\u0119gowych w Kowalczukach&rdquo;\u2026","og_url":"https:\/\/vrscb.lt\/pl\/chronmy-naszych-malych-przyjaciol-wieszanie-budek-legowych-w-kowalczukach\/","og_site_name":"Vilniaus rajono savivaldyb\u0117s Centrin\u0117 biblioteka","article_published_time":"2025-03-17T14:28:59+00:00","article_modified_time":"2025-03-17T14:30:22+00:00","og_image":[{"width":1024,"height":768,"url":"https:\/\/vrscb.lt\/wp-content\/uploads\/2025\/03\/Globokime-mazuosius-draugus-2.jpg","type":"image\/jpeg"}],"author":"VRSCB","twitter_card":"summary_large_image","twitter_misc":{"Napisane przez":"VRSCB","Szacowany czas czytania":"3 minuty"},"schema":{"@context":"https:\/\/schema.org","@graph":[{"@type":"Article","@id":"https:\/\/vrscb.lt\/pl\/chronmy-naszych-malych-przyjaciol-wieszanie-budek-legowych-w-kowalczukach\/#article","isPartOf":{"@id":"https:\/\/vrscb.lt\/pl\/chronmy-naszych-malych-przyjaciol-wieszanie-budek-legowych-w-kowalczukach\/"},"author":{"name":"VRSCB","@id":"https:\/\/vrscb.lt\/#\/schema\/person\/0b84365a98053f509501f91b5be6c097"},"headline":"\u201eChro\u0144my naszych ma\u0142ych przyjaci\u00f3\u0142\u201d \u2013 wieszanie budek l\u0119gowych w Kowalczukach","datePublished":"2025-03-17T14:28:59+00:00","dateModified":"2025-03-17T14:30:22+00:00","mainEntityOfPage":{"@id":"https:\/\/vrscb.lt\/pl\/chronmy-naszych-malych-przyjaciol-wieszanie-budek-legowych-w-kowalczukach\/"},"wordCount":357,"publisher":{"@id":"https:\/\/vrscb.lt\/#organization"},"image":{"@id":"https:\/\/vrscb.lt\/pl\/chronmy-naszych-malych-przyjaciol-wieszanie-budek-legowych-w-kowalczukach\/#primaryimage"},"thumbnailUrl":"https:\/\/vrscb.lt\/wp-content\/uploads\/2025\/03\/Globokime-mazuosius-draugus-2.jpg","articleSection":["Imprezy"],"inLanguage":"pl-PL"},{"@type":"WebPage","@id":"https:\/\/vrscb.lt\/pl\/chronmy-naszych-malych-przyjaciol-wieszanie-budek-legowych-w-kowalczukach\/","url":"https:\/\/vrscb.lt\/pl\/chronmy-naszych-malych-przyjaciol-wieszanie-budek-legowych-w-kowalczukach\/","name":"\u201eChro\u0144my naszych ma\u0142ych przyjaci\u00f3\u0142\u201d \u2013 wieszanie budek l\u0119gowych w Kowalczukach - Vilniaus rajono savivaldyb\u0117s Centrin\u0117 biblioteka","isPartOf":{"@id":"https:\/\/vrscb.lt\/#website"},"primaryImageOfPage":{"@id":"https:\/\/vrscb.lt\/pl\/chronmy-naszych-malych-przyjaciol-wieszanie-budek-legowych-w-kowalczukach\/#primaryimage"},"image":{"@id":"https:\/\/vrscb.lt\/pl\/chronmy-naszych-malych-przyjaciol-wieszanie-budek-legowych-w-kowalczukach\/#primaryimage"},"thumbnailUrl":"https:\/\/vrscb.lt\/wp-content\/uploads\/2025\/03\/Globokime-mazuosius-draugus-2.jpg","datePublished":"2025-03-17T14:28:59+00:00","dateModified":"2025-03-17T14:30:22+00:00","breadcrumb":{"@id":"https:\/\/vrscb.lt\/pl\/chronmy-naszych-malych-przyjaciol-wieszanie-budek-legowych-w-kowalczukach\/#breadcrumb"},"inLanguage":"pl-PL","potentialAction":[{"@type":"ReadAction","target":["https:\/\/vrscb.lt\/pl\/chronmy-naszych-malych-przyjaciol-wieszanie-budek-legowych-w-kowalczukach\/"]}]},{"@type":"ImageObject","inLanguage":"pl-PL","@id":"https:\/\/vrscb.lt\/pl\/chronmy-naszych-malych-przyjaciol-wieszanie-budek-legowych-w-kowalczukach\/#primaryimage","url":"https:\/\/vrscb.lt\/wp-content\/uploads\/2025\/03\/Globokime-mazuosius-draugus-2.jpg","contentUrl":"https:\/\/vrscb.lt\/wp-content\/uploads\/2025\/03\/Globokime-mazuosius-draugus-2.jpg","width":1024,"height":768},{"@type":"BreadcrumbList","@id":"https:\/\/vrscb.lt\/pl\/chronmy-naszych-malych-przyjaciol-wieszanie-budek-legowych-w-kowalczukach\/#breadcrumb","itemListElement":[{"@type":"ListItem","position":1,"name":"Dom","item":"https:\/\/vrscb.lt\/"},{"@type":"ListItem","position":2,"name":"\u201eChro\u0144my naszych ma\u0142ych przyjaci\u00f3\u0142\u201d \u2013 wieszanie budek l\u0119gowych w Kowalczukach"}]},{"@type":"WebSite","@id":"https:\/\/vrscb.lt\/#website","url":"https:\/\/vrscb.lt\/","name":"Vilniaus rajono savivaldyb\u0117s Centrin\u0117 biblioteka","description":"Vilniaus rajono savivaldyb\u0117s Centrin\u0117 biblioteka kvie\u010dia visus prisijungti prie visuotin\u0117s pilietin\u0117s iniciatyvos \u201eAtmintis gyva, nes liudija\u201c ir u\u017edegti atminimo.","publisher":{"@id":"https:\/\/vrscb.lt\/#organization"},"potentialAction":[{"@type":"SearchAction","target":{"@type":"EntryPoint","urlTemplate":"https:\/\/vrscb.lt\/?s={search_term_string}"},"query-input":{"@type":"PropertyValueSpecification","valueRequired":true,"valueName":"search_term_string"}}],"inLanguage":"pl-PL"},{"@type":"Organization","@id":"https:\/\/vrscb.lt\/#organization","name":"Vilniaus rajono savivaldyb\u0117s Centrin\u0117 biblioteka","url":"https:\/\/vrscb.lt\/","logo":{"@type":"ImageObject","inLanguage":"pl-PL","@id":"https:\/\/vrscb.lt\/#\/schema\/logo\/image\/","url":"https:\/\/vrscb.lt\/wp-content\/uploads\/2021\/02\/LOGO_BIBLIOTEKA_RUDAMINA_2018_02_08-1.png","contentUrl":"https:\/\/vrscb.lt\/wp-content\/uploads\/2021\/02\/LOGO_BIBLIOTEKA_RUDAMINA_2018_02_08-1.png","width":1084,"height":1084,"caption":"Vilniaus rajono savivaldyb\u0117s Centrin\u0117 biblioteka"},"image":{"@id":"https:\/\/vrscb.lt\/#\/schema\/logo\/image\/"}},{"@type":"Person","@id":"https:\/\/vrscb.lt\/#\/schema\/person\/0b84365a98053f509501f91b5be6c097","name":"VRSCB","image":{"@type":"ImageObject","inLanguage":"pl-PL","@id":"https:\/\/secure.gravatar.com\/avatar\/cb8817ba573049eab6d3f0458a0218e93a27995fe49a8323902e053d82443b77?s=96&d=mm&r=g","url":"https:\/\/secure.gravatar.com\/avatar\/cb8817ba573049eab6d3f0458a0218e93a27995fe49a8323902e053d82443b77?s=96&d=mm&r=g","contentUrl":"https:\/\/secure.gravatar.com\/avatar\/cb8817ba573049eab6d3f0458a0218e93a27995fe49a8323902e053d82443b77?s=96&d=mm&r=g","caption":"VRSCB"},"url":"https:\/\/vrscb.lt\/pl\/author\/pavelas\/"}]}},"_links":{"self":[{"href":"https:\/\/vrscb.lt\/pl\/wp-json\/wp\/v2\/posts\/34906","targetHints":{"allow":["GET"]}}],"collection":[{"href":"https:\/\/vrscb.lt\/pl\/wp-json\/wp\/v2\/posts"}],"about":[{"href":"https:\/\/vrscb.lt\/pl\/wp-json\/wp\/v2\/types\/post"}],"author":[{"embeddable":true,"href":"https:\/\/vrscb.lt\/pl\/wp-json\/wp\/v2\/users\/3"}],"replies":[{"embeddable":true,"href":"https:\/\/vrscb.lt\/pl\/wp-json\/wp\/v2\/comments?post=34906"}],"version-history":[{"count":4,"href":"https:\/\/vrscb.lt\/pl\/wp-json\/wp\/v2\/posts\/34906\/revisions"}],"predecessor-version":[{"id":34911,"href":"https:\/\/vrscb.lt\/pl\/wp-json\/wp\/v2\/posts\/34906\/revisions\/34911"}],"wp:featuredmedia":[{"embeddable":true,"href":"https:\/\/vrscb.lt\/pl\/wp-json\/wp\/v2\/media\/34887"}],"wp:attachment":[{"href":"https:\/\/vrscb.lt\/pl\/wp-json\/wp\/v2\/media?parent=34906"}],"wp:term":[{"taxonomy":"category","embeddable":true,"href":"https:\/\/vrscb.lt\/pl\/wp-json\/wp\/v2\/categories?post=34906"},{"taxonomy":"post_tag","embeddable":true,"href":"https:\/\/vrscb.lt\/pl\/wp-json\/wp\/v2\/tags?post=34906"}],"curies":[{"name":"wp","href":"https:\/\/api.w.org\/{rel}","templated":true}]}}