
{"id":35047,"date":"2025-03-24T08:54:19","date_gmt":"2025-03-24T06:54:19","guid":{"rendered":"https:\/\/vrscb.lt\/?p=35047"},"modified":"2025-03-24T08:55:45","modified_gmt":"2025-03-24T06:55:45","slug":"wiosenne-inspiracje-w-bibliotece-zagadki-wiersze-i-bociany-w-akcji","status":"publish","type":"post","link":"https:\/\/vrscb.lt\/pl\/wiosenne-inspiracje-w-bibliotece-zagadki-wiersze-i-bociany-w-akcji\/","title":{"rendered":"Wiosenne inspiracje w bibliotece: zagadki, wiersze i bociany w akcji"},"content":{"rendered":"\t\t<div data-elementor-type=\"wp-post\" data-elementor-id=\"35047\" class=\"elementor elementor-35047\" data-elementor-post-type=\"post\">\n\t\t\t\t\t\t<section class=\"elementor-section elementor-top-section elementor-element elementor-element-22228b1e elementor-section-boxed elementor-section-height-default elementor-section-height-default\" data-id=\"22228b1e\" data-element_type=\"section\" data-e-type=\"section\">\n\t\t\t\t\t\t<div class=\"elementor-container elementor-column-gap-default\">\n\t\t\t\t\t<div class=\"elementor-column elementor-col-100 elementor-top-column elementor-element elementor-element-676c15f5\" data-id=\"676c15f5\" data-element_type=\"column\" data-e-type=\"column\">\n\t\t\t<div class=\"elementor-widget-wrap elementor-element-populated\">\n\t\t\t\t\t\t<div class=\"elementor-element elementor-element-7ea94a9 elementor-widget elementor-widget-text-editor\" data-id=\"7ea94a9\" data-element_type=\"widget\" data-e-type=\"widget\" data-widget_type=\"text-editor.default\">\n\t\t\t\t<div class=\"elementor-widget-container\">\n\t\t\t\t\t\t\t\t\t\n<p>22 marca w Centralnej Bibliotece Samorz\u0105du Rejonu Wile\u0144skiego odby\u0142o si\u0119 kolejne spotkanie Klubu Dyskusyjnego, kt\u00f3rego tematem by\u0142a wiosna. Dzieci na pocz\u0105tku mia\u0142y okazj\u0119 rozwi\u0105za\u0107 zagadki, kt\u00f3re prowadzi\u0142y je do odkrycia g\u0142\u00f3wnego tematu spotkania. Po wsp\u00f3lnym odgadni\u0119ciu has\u0142a otworzy\u0142y ksi\u0105\u017ck\u0119, rozpoczynaj\u0105c tym samym literack\u0105 podr\u00f3\u017c.<\/p>\n\n\n\n<p>Podczas spotkania uczestnicy czytali wiersz Jana Brzechwy \u201eWiosenne porz\u0105dki\u201d, kt\u00f3ry wprowadzi\u0142 ich w wiosenny nastr\u00f3j i zainspirowa\u0142 do rozmowy o zmianach zachodz\u0105cych w przyrodzie. Nast\u0119pnie dzieci wcieli\u0142y si\u0119 w bociany, bior\u0105c udzia\u0142 w dynamicznej grze \u201e\u017beruj\u0105ce bo\u0107ki\u201d, kt\u00f3ra dostarczy\u0142a im wielu emocji i rado\u015bci.<\/p>\n\n\n\n<p>Na zako\u0144czenie spotkania uczestnicy wykonali kwiaty z serwetek, rozwijaj\u0105c swoje zdolno\u015bci manualne i kreatywno\u015b\u0107. Powsta\u0142e prace by\u0142y pi\u0119kn\u0105 ozdob\u0105 biblioteki, wprowadzaj\u0105c do niej wiosenn\u0105 atmosfer\u0119. Spotkanie przebieg\u0142o w radosnej i tw\u00f3rczej atmosferze, dostarczaj\u0105c dzieciom wielu wra\u017ce\u0144 i inspiracji.<\/p>\n\t\t\t\t\t\t\t\t<\/div>\n\t\t\t\t<\/div>\n\t\t\t\t\t<\/div>\n\t\t<\/div>\n\t\t\t\t\t<\/div>\n\t\t<\/section>\n\t\t\t\t<section class=\"elementor-section elementor-top-section elementor-element elementor-element-34dc557 elementor-section-boxed elementor-section-height-default elementor-section-height-default\" data-id=\"34dc557\" data-element_type=\"section\" data-e-type=\"section\">\n\t\t\t\t\t\t<div class=\"elementor-container elementor-column-gap-default\">\n\t\t\t\t\t<div class=\"elementor-column elementor-col-100 elementor-top-column elementor-element elementor-element-77bf825\" data-id=\"77bf825\" data-element_type=\"column\" data-e-type=\"column\">\n\t\t\t<div class=\"elementor-widget-wrap elementor-element-populated\">\n\t\t\t\t\t\t<div class=\"elementor-element elementor-element-ff4aa02 gallery-spacing-custom elementor-widget elementor-widget-image-gallery\" data-id=\"ff4aa02\" data-element_type=\"widget\" data-e-type=\"widget\" data-widget_type=\"image-gallery.default\">\n\t\t\t\t<div class=\"elementor-widget-container\">\n\t\t\t\t\t\t\t<div class=\"elementor-image-gallery\">\n\t\t\t<div id='gallery-1' class='gallery galleryid-35047 gallery-columns-4 gallery-size-thumbnail'><figure class='gallery-item'>\n\t\t\t<div class='gallery-icon landscape'>\n\t\t\t\t<a data-elementor-open-lightbox=\"yes\" data-elementor-lightbox-slideshow=\"ff4aa02\" data-elementor-lightbox-title=\"Pavasario atgimimas (1)\" data-e-action-hash=\"#elementor-action%3Aaction%3Dlightbox%26settings%3DeyJpZCI6MzUwMTgsInVybCI6Imh0dHBzOlwvXC92cnNjYi5sdFwvd3AtY29udGVudFwvdXBsb2Fkc1wvMjAyNVwvMDNcL1BhdmFzYXJpby1hdGdpbWltYXMtMS5qcGciLCJzbGlkZXNob3ciOiJmZjRhYTAyIn0%3D\" href='https:\/\/vrscb.lt\/wp-content\/uploads\/2025\/03\/Pavasario-atgimimas-1.jpg'><img fetchpriority=\"high\" decoding=\"async\" width=\"480\" height=\"270\" src=\"https:\/\/vrscb.lt\/wp-content\/uploads\/2025\/03\/Pavasario-atgimimas-1-480x270.jpg\" class=\"attachment-thumbnail size-thumbnail\" alt=\"\" \/><\/a>\n\t\t\t<\/div><\/figure><figure class='gallery-item'>\n\t\t\t<div class='gallery-icon landscape'>\n\t\t\t\t<a data-elementor-open-lightbox=\"yes\" data-elementor-lightbox-slideshow=\"ff4aa02\" data-elementor-lightbox-title=\"Pavasario atgimimas (2)\" data-e-action-hash=\"#elementor-action%3Aaction%3Dlightbox%26settings%3DeyJpZCI6MzUwMjEsInVybCI6Imh0dHBzOlwvXC92cnNjYi5sdFwvd3AtY29udGVudFwvdXBsb2Fkc1wvMjAyNVwvMDNcL1BhdmFzYXJpby1hdGdpbWltYXMtMi5qcGciLCJzbGlkZXNob3ciOiJmZjRhYTAyIn0%3D\" href='https:\/\/vrscb.lt\/wp-content\/uploads\/2025\/03\/Pavasario-atgimimas-2.jpg'><img decoding=\"async\" width=\"480\" height=\"270\" src=\"https:\/\/vrscb.lt\/wp-content\/uploads\/2025\/03\/Pavasario-atgimimas-2-480x270.jpg\" class=\"attachment-thumbnail size-thumbnail\" alt=\"\" \/><\/a>\n\t\t\t<\/div><\/figure><figure class='gallery-item'>\n\t\t\t<div class='gallery-icon portrait'>\n\t\t\t\t<a data-elementor-open-lightbox=\"yes\" data-elementor-lightbox-slideshow=\"ff4aa02\" data-elementor-lightbox-title=\"Pavasario atgimimas (3)\" data-e-action-hash=\"#elementor-action%3Aaction%3Dlightbox%26settings%3DeyJpZCI6MzUwMjMsInVybCI6Imh0dHBzOlwvXC92cnNjYi5sdFwvd3AtY29udGVudFwvdXBsb2Fkc1wvMjAyNVwvMDNcL1BhdmFzYXJpby1hdGdpbWltYXMtMy5qcGciLCJzbGlkZXNob3ciOiJmZjRhYTAyIn0%3D\" href='https:\/\/vrscb.lt\/wp-content\/uploads\/2025\/03\/Pavasario-atgimimas-3.jpg'><img decoding=\"async\" width=\"480\" height=\"270\" src=\"https:\/\/vrscb.lt\/wp-content\/uploads\/2025\/03\/Pavasario-atgimimas-3-480x270.jpg\" class=\"attachment-thumbnail size-thumbnail\" alt=\"\" \/><\/a>\n\t\t\t<\/div><\/figure><figure class='gallery-item'>\n\t\t\t<div class='gallery-icon portrait'>\n\t\t\t\t<a data-elementor-open-lightbox=\"yes\" data-elementor-lightbox-slideshow=\"ff4aa02\" data-elementor-lightbox-title=\"Pavasario atgimimas (4)\" data-e-action-hash=\"#elementor-action%3Aaction%3Dlightbox%26settings%3DeyJpZCI6MzUwMjUsInVybCI6Imh0dHBzOlwvXC92cnNjYi5sdFwvd3AtY29udGVudFwvdXBsb2Fkc1wvMjAyNVwvMDNcL1BhdmFzYXJpby1hdGdpbWltYXMtNC5qcGciLCJzbGlkZXNob3ciOiJmZjRhYTAyIn0%3D\" href='https:\/\/vrscb.lt\/wp-content\/uploads\/2025\/03\/Pavasario-atgimimas-4.jpg'><img loading=\"lazy\" decoding=\"async\" width=\"480\" height=\"270\" src=\"https:\/\/vrscb.lt\/wp-content\/uploads\/2025\/03\/Pavasario-atgimimas-4-480x270.jpg\" class=\"attachment-thumbnail size-thumbnail\" alt=\"\" \/><\/a>\n\t\t\t<\/div><\/figure><figure class='gallery-item'>\n\t\t\t<div class='gallery-icon portrait'>\n\t\t\t\t<a data-elementor-open-lightbox=\"yes\" data-elementor-lightbox-slideshow=\"ff4aa02\" data-elementor-lightbox-title=\"Pavasario atgimimas (5)\" data-e-action-hash=\"#elementor-action%3Aaction%3Dlightbox%26settings%3DeyJpZCI6MzUwMjcsInVybCI6Imh0dHBzOlwvXC92cnNjYi5sdFwvd3AtY29udGVudFwvdXBsb2Fkc1wvMjAyNVwvMDNcL1BhdmFzYXJpby1hdGdpbWltYXMtNS5qcGciLCJzbGlkZXNob3ciOiJmZjRhYTAyIn0%3D\" href='https:\/\/vrscb.lt\/wp-content\/uploads\/2025\/03\/Pavasario-atgimimas-5.jpg'><img loading=\"lazy\" decoding=\"async\" width=\"480\" height=\"270\" src=\"https:\/\/vrscb.lt\/wp-content\/uploads\/2025\/03\/Pavasario-atgimimas-5-480x270.jpg\" class=\"attachment-thumbnail size-thumbnail\" alt=\"\" \/><\/a>\n\t\t\t<\/div><\/figure><figure class='gallery-item'>\n\t\t\t<div class='gallery-icon portrait'>\n\t\t\t\t<a data-elementor-open-lightbox=\"yes\" data-elementor-lightbox-slideshow=\"ff4aa02\" data-elementor-lightbox-title=\"Pavasario atgimimas (6)\" data-e-action-hash=\"#elementor-action%3Aaction%3Dlightbox%26settings%3DeyJpZCI6MzUwMjksInVybCI6Imh0dHBzOlwvXC92cnNjYi5sdFwvd3AtY29udGVudFwvdXBsb2Fkc1wvMjAyNVwvMDNcL1BhdmFzYXJpby1hdGdpbWltYXMtNi5qcGciLCJzbGlkZXNob3ciOiJmZjRhYTAyIn0%3D\" href='https:\/\/vrscb.lt\/wp-content\/uploads\/2025\/03\/Pavasario-atgimimas-6.jpg'><img loading=\"lazy\" decoding=\"async\" width=\"480\" height=\"270\" src=\"https:\/\/vrscb.lt\/wp-content\/uploads\/2025\/03\/Pavasario-atgimimas-6-480x270.jpg\" class=\"attachment-thumbnail size-thumbnail\" alt=\"\" \/><\/a>\n\t\t\t<\/div><\/figure><figure class='gallery-item'>\n\t\t\t<div class='gallery-icon landscape'>\n\t\t\t\t<a data-elementor-open-lightbox=\"yes\" data-elementor-lightbox-slideshow=\"ff4aa02\" data-elementor-lightbox-title=\"Pavasario atgimimas (7)\" data-e-action-hash=\"#elementor-action%3Aaction%3Dlightbox%26settings%3DeyJpZCI6MzUwMzEsInVybCI6Imh0dHBzOlwvXC92cnNjYi5sdFwvd3AtY29udGVudFwvdXBsb2Fkc1wvMjAyNVwvMDNcL1BhdmFzYXJpby1hdGdpbWltYXMtNy5qcGciLCJzbGlkZXNob3ciOiJmZjRhYTAyIn0%3D\" href='https:\/\/vrscb.lt\/wp-content\/uploads\/2025\/03\/Pavasario-atgimimas-7.jpg'><img loading=\"lazy\" decoding=\"async\" width=\"480\" height=\"270\" src=\"https:\/\/vrscb.lt\/wp-content\/uploads\/2025\/03\/Pavasario-atgimimas-7-480x270.jpg\" class=\"attachment-thumbnail size-thumbnail\" alt=\"\" \/><\/a>\n\t\t\t<\/div><\/figure><figure class='gallery-item'>\n\t\t\t<div class='gallery-icon landscape'>\n\t\t\t\t<a data-elementor-open-lightbox=\"yes\" data-elementor-lightbox-slideshow=\"ff4aa02\" data-elementor-lightbox-title=\"Pavasario atgimimas (8)\" data-e-action-hash=\"#elementor-action%3Aaction%3Dlightbox%26settings%3DeyJpZCI6MzUwMzMsInVybCI6Imh0dHBzOlwvXC92cnNjYi5sdFwvd3AtY29udGVudFwvdXBsb2Fkc1wvMjAyNVwvMDNcL1BhdmFzYXJpby1hdGdpbWltYXMtOC5qcGciLCJzbGlkZXNob3ciOiJmZjRhYTAyIn0%3D\" href='https:\/\/vrscb.lt\/wp-content\/uploads\/2025\/03\/Pavasario-atgimimas-8.jpg'><img loading=\"lazy\" decoding=\"async\" width=\"480\" height=\"270\" src=\"https:\/\/vrscb.lt\/wp-content\/uploads\/2025\/03\/Pavasario-atgimimas-8-480x270.jpg\" class=\"attachment-thumbnail size-thumbnail\" alt=\"\" \/><\/a>\n\t\t\t<\/div><\/figure><figure class='gallery-item'>\n\t\t\t<div class='gallery-icon portrait'>\n\t\t\t\t<a data-elementor-open-lightbox=\"yes\" data-elementor-lightbox-slideshow=\"ff4aa02\" data-elementor-lightbox-title=\"Pavasario atgimimas (9)\" data-e-action-hash=\"#elementor-action%3Aaction%3Dlightbox%26settings%3DeyJpZCI6MzUwMzUsInVybCI6Imh0dHBzOlwvXC92cnNjYi5sdFwvd3AtY29udGVudFwvdXBsb2Fkc1wvMjAyNVwvMDNcL1BhdmFzYXJpby1hdGdpbWltYXMtOS5qcGciLCJzbGlkZXNob3ciOiJmZjRhYTAyIn0%3D\" href='https:\/\/vrscb.lt\/wp-content\/uploads\/2025\/03\/Pavasario-atgimimas-9.jpg'><img loading=\"lazy\" decoding=\"async\" width=\"480\" height=\"270\" src=\"https:\/\/vrscb.lt\/wp-content\/uploads\/2025\/03\/Pavasario-atgimimas-9-480x270.jpg\" class=\"attachment-thumbnail size-thumbnail\" alt=\"\" \/><\/a>\n\t\t\t<\/div><\/figure><figure class='gallery-item'>\n\t\t\t<div class='gallery-icon landscape'>\n\t\t\t\t<a data-elementor-open-lightbox=\"yes\" data-elementor-lightbox-slideshow=\"ff4aa02\" data-elementor-lightbox-title=\"Pavasario atgimimas (10)\" data-e-action-hash=\"#elementor-action%3Aaction%3Dlightbox%26settings%3DeyJpZCI6MzUwMzcsInVybCI6Imh0dHBzOlwvXC92cnNjYi5sdFwvd3AtY29udGVudFwvdXBsb2Fkc1wvMjAyNVwvMDNcL1BhdmFzYXJpby1hdGdpbWltYXMtMTAuanBnIiwic2xpZGVzaG93IjoiZmY0YWEwMiJ9\" href='https:\/\/vrscb.lt\/wp-content\/uploads\/2025\/03\/Pavasario-atgimimas-10.jpg'><img loading=\"lazy\" decoding=\"async\" width=\"480\" height=\"270\" src=\"https:\/\/vrscb.lt\/wp-content\/uploads\/2025\/03\/Pavasario-atgimimas-10-480x270.jpg\" class=\"attachment-thumbnail size-thumbnail\" alt=\"\" \/><\/a>\n\t\t\t<\/div><\/figure><figure class='gallery-item'>\n\t\t\t<div class='gallery-icon portrait'>\n\t\t\t\t<a data-elementor-open-lightbox=\"yes\" data-elementor-lightbox-slideshow=\"ff4aa02\" data-elementor-lightbox-title=\"Pavasario atgimimas (11)\" data-e-action-hash=\"#elementor-action%3Aaction%3Dlightbox%26settings%3DeyJpZCI6MzUwMzksInVybCI6Imh0dHBzOlwvXC92cnNjYi5sdFwvd3AtY29udGVudFwvdXBsb2Fkc1wvMjAyNVwvMDNcL1BhdmFzYXJpby1hdGdpbWltYXMtMTEuanBnIiwic2xpZGVzaG93IjoiZmY0YWEwMiJ9\" href='https:\/\/vrscb.lt\/wp-content\/uploads\/2025\/03\/Pavasario-atgimimas-11.jpg'><img loading=\"lazy\" decoding=\"async\" width=\"480\" height=\"270\" src=\"https:\/\/vrscb.lt\/wp-content\/uploads\/2025\/03\/Pavasario-atgimimas-11-480x270.jpg\" class=\"attachment-thumbnail size-thumbnail\" alt=\"\" \/><\/a>\n\t\t\t<\/div><\/figure><figure class='gallery-item'>\n\t\t\t<div class='gallery-icon landscape'>\n\t\t\t\t<a data-elementor-open-lightbox=\"yes\" data-elementor-lightbox-slideshow=\"ff4aa02\" data-elementor-lightbox-title=\"Pavasario atgimimas (12)\" data-e-action-hash=\"#elementor-action%3Aaction%3Dlightbox%26settings%3DeyJpZCI6MzUwNDEsInVybCI6Imh0dHBzOlwvXC92cnNjYi5sdFwvd3AtY29udGVudFwvdXBsb2Fkc1wvMjAyNVwvMDNcL1BhdmFzYXJpby1hdGdpbWltYXMtMTIuanBnIiwic2xpZGVzaG93IjoiZmY0YWEwMiJ9\" href='https:\/\/vrscb.lt\/wp-content\/uploads\/2025\/03\/Pavasario-atgimimas-12.jpg'><img loading=\"lazy\" decoding=\"async\" width=\"480\" height=\"270\" src=\"https:\/\/vrscb.lt\/wp-content\/uploads\/2025\/03\/Pavasario-atgimimas-12-480x270.jpg\" class=\"attachment-thumbnail size-thumbnail\" alt=\"\" \/><\/a>\n\t\t\t<\/div><\/figure>\n\t\t<\/div>\n\t\t<\/div>\n\t\t\t\t\t\t<\/div>\n\t\t\t\t<\/div>\n\t\t\t\t\t<\/div>\n\t\t<\/div>\n\t\t\t\t\t<\/div>\n\t\t<\/section>\n\t\t\t\t<\/div>\n\t\t","protected":false},"excerpt":{"rendered":"<div class=\"entry-summary\">\n22 marca w Centralnej Bibliotece Samorz\u0105du Rejonu Wile\u0144skiego odby\u0142o si\u0119 kolejne spotkanie Klubu Dyskusyjnego, kt\u00f3rego tematem by\u0142a wiosna. Dzieci na pocz\u0105tku mia\u0142y okazj\u0119 rozwi\u0105za\u0107 zagadki, kt\u00f3re prowadzi\u0142y je do odkrycia g\u0142\u00f3wnego tematu spotkania. Po wsp\u00f3lnym odgadni\u0119ciu has\u0142a otworzy\u0142y ksi\u0105\u017ck\u0119, rozpoczynaj\u0105c&hellip;\n<\/div>\n<div class=\"link-more\"><a href=\"https:\/\/vrscb.lt\/pl\/wiosenne-inspiracje-w-bibliotece-zagadki-wiersze-i-bociany-w-akcji\/\" class=\"more-link\">Czytaj wi\u0119cej<span class=\"screen-reader-text\"> &ldquo;Wiosenne inspiracje w bibliotece: zagadki, wiersze i bociany w akcji&rdquo;<\/span>\u2026<\/a><\/div>\n","protected":false},"author":3,"featured_media":35018,"comment_status":"closed","ping_status":"closed","sticky":false,"template":"","format":"standard","meta":{"_acf_changed":false,"footnotes":""},"categories":[96],"tags":[],"class_list":["post-35047","post","type-post","status-publish","format-standard","has-post-thumbnail","hentry","category-imprezy","entry"],"acf":[],"yoast_head":"<!-- This site is optimized with the Yoast SEO plugin v27.5 - https:\/\/yoast.com\/product\/yoast-seo-wordpress\/ -->\n<title>Wiosenne inspiracje w bibliotece: zagadki, wiersze i bociany w akcji - Vilniaus rajono savivaldyb\u0117s Centrin\u0117 biblioteka<\/title>\n<meta name=\"robots\" content=\"index, follow, max-snippet:-1, max-image-preview:large, max-video-preview:-1\" \/>\n<link rel=\"canonical\" href=\"https:\/\/vrscb.lt\/pl\/wiosenne-inspiracje-w-bibliotece-zagadki-wiersze-i-bociany-w-akcji\/\" \/>\n<meta property=\"og:locale\" content=\"pl_PL\" \/>\n<meta property=\"og:type\" content=\"article\" \/>\n<meta property=\"og:title\" content=\"Wiosenne inspiracje w bibliotece: zagadki, wiersze i bociany w akcji - Vilniaus rajono savivaldyb\u0117s Centrin\u0117 biblioteka\" \/>\n<meta property=\"og:description\" content=\"22 marca w Centralnej Bibliotece Samorz\u0105du Rejonu Wile\u0144skiego odby\u0142o si\u0119 kolejne spotkanie Klubu Dyskusyjnego, kt\u00f3rego tematem by\u0142a wiosna. Dzieci na pocz\u0105tku mia\u0142y okazj\u0119 rozwi\u0105za\u0107 zagadki, kt\u00f3re prowadzi\u0142y je do odkrycia g\u0142\u00f3wnego tematu spotkania. Po wsp\u00f3lnym odgadni\u0119ciu has\u0142a otworzy\u0142y ksi\u0105\u017ck\u0119, rozpoczynaj\u0105c&hellip; Czytaj wi\u0119cej &ldquo;Wiosenne inspiracje w bibliotece: zagadki, wiersze i bociany w akcji&rdquo;\u2026\" \/>\n<meta property=\"og:url\" content=\"https:\/\/vrscb.lt\/pl\/wiosenne-inspiracje-w-bibliotece-zagadki-wiersze-i-bociany-w-akcji\/\" \/>\n<meta property=\"og:site_name\" content=\"Vilniaus rajono savivaldyb\u0117s Centrin\u0117 biblioteka\" \/>\n<meta property=\"article:published_time\" content=\"2025-03-24T06:54:19+00:00\" \/>\n<meta property=\"article:modified_time\" content=\"2025-03-24T06:55:45+00:00\" \/>\n<meta property=\"og:image\" content=\"https:\/\/vrscb.lt\/wp-content\/uploads\/2025\/03\/Pavasario-atgimimas-1.jpg\" \/>\n\t<meta property=\"og:image:width\" content=\"1024\" \/>\n\t<meta property=\"og:image:height\" content=\"768\" \/>\n\t<meta property=\"og:image:type\" content=\"image\/jpeg\" \/>\n<meta name=\"author\" content=\"VRSCB\" \/>\n<meta name=\"twitter:card\" content=\"summary_large_image\" \/>\n<meta name=\"twitter:label1\" content=\"Napisane przez\" \/>\n\t<meta name=\"twitter:data1\" content=\"VRSCB\" \/>\n\t<meta name=\"twitter:label2\" content=\"Szacowany czas czytania\" \/>\n\t<meta name=\"twitter:data2\" content=\"4 minuty\" \/>\n<script type=\"application\/ld+json\" class=\"yoast-schema-graph\">{\"@context\":\"https:\\\/\\\/schema.org\",\"@graph\":[{\"@type\":\"Article\",\"@id\":\"https:\\\/\\\/vrscb.lt\\\/pl\\\/wiosenne-inspiracje-w-bibliotece-zagadki-wiersze-i-bociany-w-akcji\\\/#article\",\"isPartOf\":{\"@id\":\"https:\\\/\\\/vrscb.lt\\\/pl\\\/wiosenne-inspiracje-w-bibliotece-zagadki-wiersze-i-bociany-w-akcji\\\/\"},\"author\":{\"name\":\"VRSCB\",\"@id\":\"https:\\\/\\\/vrscb.lt\\\/#\\\/schema\\\/person\\\/0b84365a98053f509501f91b5be6c097\"},\"headline\":\"Wiosenne inspiracje w bibliotece: zagadki, wiersze i bociany w akcji\",\"datePublished\":\"2025-03-24T06:54:19+00:00\",\"dateModified\":\"2025-03-24T06:55:45+00:00\",\"mainEntityOfPage\":{\"@id\":\"https:\\\/\\\/vrscb.lt\\\/pl\\\/wiosenne-inspiracje-w-bibliotece-zagadki-wiersze-i-bociany-w-akcji\\\/\"},\"wordCount\":175,\"publisher\":{\"@id\":\"https:\\\/\\\/vrscb.lt\\\/#organization\"},\"image\":{\"@id\":\"https:\\\/\\\/vrscb.lt\\\/pl\\\/wiosenne-inspiracje-w-bibliotece-zagadki-wiersze-i-bociany-w-akcji\\\/#primaryimage\"},\"thumbnailUrl\":\"https:\\\/\\\/vrscb.lt\\\/wp-content\\\/uploads\\\/2025\\\/03\\\/Pavasario-atgimimas-1.jpg\",\"articleSection\":[\"Imprezy\"],\"inLanguage\":\"pl-PL\"},{\"@type\":\"WebPage\",\"@id\":\"https:\\\/\\\/vrscb.lt\\\/pl\\\/wiosenne-inspiracje-w-bibliotece-zagadki-wiersze-i-bociany-w-akcji\\\/\",\"url\":\"https:\\\/\\\/vrscb.lt\\\/pl\\\/wiosenne-inspiracje-w-bibliotece-zagadki-wiersze-i-bociany-w-akcji\\\/\",\"name\":\"Wiosenne inspiracje w bibliotece: zagadki, wiersze i bociany w akcji - Vilniaus rajono savivaldyb\u0117s Centrin\u0117 biblioteka\",\"isPartOf\":{\"@id\":\"https:\\\/\\\/vrscb.lt\\\/#website\"},\"primaryImageOfPage\":{\"@id\":\"https:\\\/\\\/vrscb.lt\\\/pl\\\/wiosenne-inspiracje-w-bibliotece-zagadki-wiersze-i-bociany-w-akcji\\\/#primaryimage\"},\"image\":{\"@id\":\"https:\\\/\\\/vrscb.lt\\\/pl\\\/wiosenne-inspiracje-w-bibliotece-zagadki-wiersze-i-bociany-w-akcji\\\/#primaryimage\"},\"thumbnailUrl\":\"https:\\\/\\\/vrscb.lt\\\/wp-content\\\/uploads\\\/2025\\\/03\\\/Pavasario-atgimimas-1.jpg\",\"datePublished\":\"2025-03-24T06:54:19+00:00\",\"dateModified\":\"2025-03-24T06:55:45+00:00\",\"breadcrumb\":{\"@id\":\"https:\\\/\\\/vrscb.lt\\\/pl\\\/wiosenne-inspiracje-w-bibliotece-zagadki-wiersze-i-bociany-w-akcji\\\/#breadcrumb\"},\"inLanguage\":\"pl-PL\",\"potentialAction\":[{\"@type\":\"ReadAction\",\"target\":[\"https:\\\/\\\/vrscb.lt\\\/pl\\\/wiosenne-inspiracje-w-bibliotece-zagadki-wiersze-i-bociany-w-akcji\\\/\"]}]},{\"@type\":\"ImageObject\",\"inLanguage\":\"pl-PL\",\"@id\":\"https:\\\/\\\/vrscb.lt\\\/pl\\\/wiosenne-inspiracje-w-bibliotece-zagadki-wiersze-i-bociany-w-akcji\\\/#primaryimage\",\"url\":\"https:\\\/\\\/vrscb.lt\\\/wp-content\\\/uploads\\\/2025\\\/03\\\/Pavasario-atgimimas-1.jpg\",\"contentUrl\":\"https:\\\/\\\/vrscb.lt\\\/wp-content\\\/uploads\\\/2025\\\/03\\\/Pavasario-atgimimas-1.jpg\",\"width\":1024,\"height\":768},{\"@type\":\"BreadcrumbList\",\"@id\":\"https:\\\/\\\/vrscb.lt\\\/pl\\\/wiosenne-inspiracje-w-bibliotece-zagadki-wiersze-i-bociany-w-akcji\\\/#breadcrumb\",\"itemListElement\":[{\"@type\":\"ListItem\",\"position\":1,\"name\":\"Dom\",\"item\":\"https:\\\/\\\/vrscb.lt\\\/\"},{\"@type\":\"ListItem\",\"position\":2,\"name\":\"Wiosenne inspiracje w bibliotece: zagadki, wiersze i bociany w akcji\"}]},{\"@type\":\"WebSite\",\"@id\":\"https:\\\/\\\/vrscb.lt\\\/#website\",\"url\":\"https:\\\/\\\/vrscb.lt\\\/\",\"name\":\"Vilniaus rajono savivaldyb\u0117s Centrin\u0117 biblioteka\",\"description\":\"Vilniaus rajono savivaldyb\u0117s Centrin\u0117 biblioteka kvie\u010dia visus prisijungti prie visuotin\u0117s pilietin\u0117s iniciatyvos \u201eAtmintis gyva, nes liudija\u201c ir u\u017edegti atminimo.\",\"publisher\":{\"@id\":\"https:\\\/\\\/vrscb.lt\\\/#organization\"},\"potentialAction\":[{\"@type\":\"SearchAction\",\"target\":{\"@type\":\"EntryPoint\",\"urlTemplate\":\"https:\\\/\\\/vrscb.lt\\\/?s={search_term_string}\"},\"query-input\":{\"@type\":\"PropertyValueSpecification\",\"valueRequired\":true,\"valueName\":\"search_term_string\"}}],\"inLanguage\":\"pl-PL\"},{\"@type\":\"Organization\",\"@id\":\"https:\\\/\\\/vrscb.lt\\\/#organization\",\"name\":\"Vilniaus rajono savivaldyb\u0117s Centrin\u0117 biblioteka\",\"url\":\"https:\\\/\\\/vrscb.lt\\\/\",\"logo\":{\"@type\":\"ImageObject\",\"inLanguage\":\"pl-PL\",\"@id\":\"https:\\\/\\\/vrscb.lt\\\/#\\\/schema\\\/logo\\\/image\\\/\",\"url\":\"https:\\\/\\\/vrscb.lt\\\/wp-content\\\/uploads\\\/2021\\\/02\\\/LOGO_BIBLIOTEKA_RUDAMINA_2018_02_08-1.png\",\"contentUrl\":\"https:\\\/\\\/vrscb.lt\\\/wp-content\\\/uploads\\\/2021\\\/02\\\/LOGO_BIBLIOTEKA_RUDAMINA_2018_02_08-1.png\",\"width\":1084,\"height\":1084,\"caption\":\"Vilniaus rajono savivaldyb\u0117s Centrin\u0117 biblioteka\"},\"image\":{\"@id\":\"https:\\\/\\\/vrscb.lt\\\/#\\\/schema\\\/logo\\\/image\\\/\"}},{\"@type\":\"Person\",\"@id\":\"https:\\\/\\\/vrscb.lt\\\/#\\\/schema\\\/person\\\/0b84365a98053f509501f91b5be6c097\",\"name\":\"VRSCB\",\"image\":{\"@type\":\"ImageObject\",\"inLanguage\":\"pl-PL\",\"@id\":\"https:\\\/\\\/secure.gravatar.com\\\/avatar\\\/cb8817ba573049eab6d3f0458a0218e93a27995fe49a8323902e053d82443b77?s=96&d=mm&r=g\",\"url\":\"https:\\\/\\\/secure.gravatar.com\\\/avatar\\\/cb8817ba573049eab6d3f0458a0218e93a27995fe49a8323902e053d82443b77?s=96&d=mm&r=g\",\"contentUrl\":\"https:\\\/\\\/secure.gravatar.com\\\/avatar\\\/cb8817ba573049eab6d3f0458a0218e93a27995fe49a8323902e053d82443b77?s=96&d=mm&r=g\",\"caption\":\"VRSCB\"},\"url\":\"https:\\\/\\\/vrscb.lt\\\/pl\\\/author\\\/pavelas\\\/\"}]}<\/script>\n<!-- \/ Yoast SEO plugin. -->","yoast_head_json":{"title":"Wiosenne inspiracje w bibliotece: zagadki, wiersze i bociany w akcji - Vilniaus rajono savivaldyb\u0117s Centrin\u0117 biblioteka","robots":{"index":"index","follow":"follow","max-snippet":"max-snippet:-1","max-image-preview":"max-image-preview:large","max-video-preview":"max-video-preview:-1"},"canonical":"https:\/\/vrscb.lt\/pl\/wiosenne-inspiracje-w-bibliotece-zagadki-wiersze-i-bociany-w-akcji\/","og_locale":"pl_PL","og_type":"article","og_title":"Wiosenne inspiracje w bibliotece: zagadki, wiersze i bociany w akcji - Vilniaus rajono savivaldyb\u0117s Centrin\u0117 biblioteka","og_description":"22 marca w Centralnej Bibliotece Samorz\u0105du Rejonu Wile\u0144skiego odby\u0142o si\u0119 kolejne spotkanie Klubu Dyskusyjnego, kt\u00f3rego tematem by\u0142a wiosna. Dzieci na pocz\u0105tku mia\u0142y okazj\u0119 rozwi\u0105za\u0107 zagadki, kt\u00f3re prowadzi\u0142y je do odkrycia g\u0142\u00f3wnego tematu spotkania. Po wsp\u00f3lnym odgadni\u0119ciu has\u0142a otworzy\u0142y ksi\u0105\u017ck\u0119, rozpoczynaj\u0105c&hellip; Czytaj wi\u0119cej &ldquo;Wiosenne inspiracje w bibliotece: zagadki, wiersze i bociany w akcji&rdquo;\u2026","og_url":"https:\/\/vrscb.lt\/pl\/wiosenne-inspiracje-w-bibliotece-zagadki-wiersze-i-bociany-w-akcji\/","og_site_name":"Vilniaus rajono savivaldyb\u0117s Centrin\u0117 biblioteka","article_published_time":"2025-03-24T06:54:19+00:00","article_modified_time":"2025-03-24T06:55:45+00:00","og_image":[{"width":1024,"height":768,"url":"https:\/\/vrscb.lt\/wp-content\/uploads\/2025\/03\/Pavasario-atgimimas-1.jpg","type":"image\/jpeg"}],"author":"VRSCB","twitter_card":"summary_large_image","twitter_misc":{"Napisane przez":"VRSCB","Szacowany czas czytania":"4 minuty"},"schema":{"@context":"https:\/\/schema.org","@graph":[{"@type":"Article","@id":"https:\/\/vrscb.lt\/pl\/wiosenne-inspiracje-w-bibliotece-zagadki-wiersze-i-bociany-w-akcji\/#article","isPartOf":{"@id":"https:\/\/vrscb.lt\/pl\/wiosenne-inspiracje-w-bibliotece-zagadki-wiersze-i-bociany-w-akcji\/"},"author":{"name":"VRSCB","@id":"https:\/\/vrscb.lt\/#\/schema\/person\/0b84365a98053f509501f91b5be6c097"},"headline":"Wiosenne inspiracje w bibliotece: zagadki, wiersze i bociany w akcji","datePublished":"2025-03-24T06:54:19+00:00","dateModified":"2025-03-24T06:55:45+00:00","mainEntityOfPage":{"@id":"https:\/\/vrscb.lt\/pl\/wiosenne-inspiracje-w-bibliotece-zagadki-wiersze-i-bociany-w-akcji\/"},"wordCount":175,"publisher":{"@id":"https:\/\/vrscb.lt\/#organization"},"image":{"@id":"https:\/\/vrscb.lt\/pl\/wiosenne-inspiracje-w-bibliotece-zagadki-wiersze-i-bociany-w-akcji\/#primaryimage"},"thumbnailUrl":"https:\/\/vrscb.lt\/wp-content\/uploads\/2025\/03\/Pavasario-atgimimas-1.jpg","articleSection":["Imprezy"],"inLanguage":"pl-PL"},{"@type":"WebPage","@id":"https:\/\/vrscb.lt\/pl\/wiosenne-inspiracje-w-bibliotece-zagadki-wiersze-i-bociany-w-akcji\/","url":"https:\/\/vrscb.lt\/pl\/wiosenne-inspiracje-w-bibliotece-zagadki-wiersze-i-bociany-w-akcji\/","name":"Wiosenne inspiracje w bibliotece: zagadki, wiersze i bociany w akcji - Vilniaus rajono savivaldyb\u0117s Centrin\u0117 biblioteka","isPartOf":{"@id":"https:\/\/vrscb.lt\/#website"},"primaryImageOfPage":{"@id":"https:\/\/vrscb.lt\/pl\/wiosenne-inspiracje-w-bibliotece-zagadki-wiersze-i-bociany-w-akcji\/#primaryimage"},"image":{"@id":"https:\/\/vrscb.lt\/pl\/wiosenne-inspiracje-w-bibliotece-zagadki-wiersze-i-bociany-w-akcji\/#primaryimage"},"thumbnailUrl":"https:\/\/vrscb.lt\/wp-content\/uploads\/2025\/03\/Pavasario-atgimimas-1.jpg","datePublished":"2025-03-24T06:54:19+00:00","dateModified":"2025-03-24T06:55:45+00:00","breadcrumb":{"@id":"https:\/\/vrscb.lt\/pl\/wiosenne-inspiracje-w-bibliotece-zagadki-wiersze-i-bociany-w-akcji\/#breadcrumb"},"inLanguage":"pl-PL","potentialAction":[{"@type":"ReadAction","target":["https:\/\/vrscb.lt\/pl\/wiosenne-inspiracje-w-bibliotece-zagadki-wiersze-i-bociany-w-akcji\/"]}]},{"@type":"ImageObject","inLanguage":"pl-PL","@id":"https:\/\/vrscb.lt\/pl\/wiosenne-inspiracje-w-bibliotece-zagadki-wiersze-i-bociany-w-akcji\/#primaryimage","url":"https:\/\/vrscb.lt\/wp-content\/uploads\/2025\/03\/Pavasario-atgimimas-1.jpg","contentUrl":"https:\/\/vrscb.lt\/wp-content\/uploads\/2025\/03\/Pavasario-atgimimas-1.jpg","width":1024,"height":768},{"@type":"BreadcrumbList","@id":"https:\/\/vrscb.lt\/pl\/wiosenne-inspiracje-w-bibliotece-zagadki-wiersze-i-bociany-w-akcji\/#breadcrumb","itemListElement":[{"@type":"ListItem","position":1,"name":"Dom","item":"https:\/\/vrscb.lt\/"},{"@type":"ListItem","position":2,"name":"Wiosenne inspiracje w bibliotece: zagadki, wiersze i bociany w akcji"}]},{"@type":"WebSite","@id":"https:\/\/vrscb.lt\/#website","url":"https:\/\/vrscb.lt\/","name":"Vilniaus rajono savivaldyb\u0117s Centrin\u0117 biblioteka","description":"Vilniaus rajono savivaldyb\u0117s Centrin\u0117 biblioteka kvie\u010dia visus prisijungti prie visuotin\u0117s pilietin\u0117s iniciatyvos \u201eAtmintis gyva, nes liudija\u201c ir u\u017edegti atminimo.","publisher":{"@id":"https:\/\/vrscb.lt\/#organization"},"potentialAction":[{"@type":"SearchAction","target":{"@type":"EntryPoint","urlTemplate":"https:\/\/vrscb.lt\/?s={search_term_string}"},"query-input":{"@type":"PropertyValueSpecification","valueRequired":true,"valueName":"search_term_string"}}],"inLanguage":"pl-PL"},{"@type":"Organization","@id":"https:\/\/vrscb.lt\/#organization","name":"Vilniaus rajono savivaldyb\u0117s Centrin\u0117 biblioteka","url":"https:\/\/vrscb.lt\/","logo":{"@type":"ImageObject","inLanguage":"pl-PL","@id":"https:\/\/vrscb.lt\/#\/schema\/logo\/image\/","url":"https:\/\/vrscb.lt\/wp-content\/uploads\/2021\/02\/LOGO_BIBLIOTEKA_RUDAMINA_2018_02_08-1.png","contentUrl":"https:\/\/vrscb.lt\/wp-content\/uploads\/2021\/02\/LOGO_BIBLIOTEKA_RUDAMINA_2018_02_08-1.png","width":1084,"height":1084,"caption":"Vilniaus rajono savivaldyb\u0117s Centrin\u0117 biblioteka"},"image":{"@id":"https:\/\/vrscb.lt\/#\/schema\/logo\/image\/"}},{"@type":"Person","@id":"https:\/\/vrscb.lt\/#\/schema\/person\/0b84365a98053f509501f91b5be6c097","name":"VRSCB","image":{"@type":"ImageObject","inLanguage":"pl-PL","@id":"https:\/\/secure.gravatar.com\/avatar\/cb8817ba573049eab6d3f0458a0218e93a27995fe49a8323902e053d82443b77?s=96&d=mm&r=g","url":"https:\/\/secure.gravatar.com\/avatar\/cb8817ba573049eab6d3f0458a0218e93a27995fe49a8323902e053d82443b77?s=96&d=mm&r=g","contentUrl":"https:\/\/secure.gravatar.com\/avatar\/cb8817ba573049eab6d3f0458a0218e93a27995fe49a8323902e053d82443b77?s=96&d=mm&r=g","caption":"VRSCB"},"url":"https:\/\/vrscb.lt\/pl\/author\/pavelas\/"}]}},"_links":{"self":[{"href":"https:\/\/vrscb.lt\/pl\/wp-json\/wp\/v2\/posts\/35047","targetHints":{"allow":["GET"]}}],"collection":[{"href":"https:\/\/vrscb.lt\/pl\/wp-json\/wp\/v2\/posts"}],"about":[{"href":"https:\/\/vrscb.lt\/pl\/wp-json\/wp\/v2\/types\/post"}],"author":[{"embeddable":true,"href":"https:\/\/vrscb.lt\/pl\/wp-json\/wp\/v2\/users\/3"}],"replies":[{"embeddable":true,"href":"https:\/\/vrscb.lt\/pl\/wp-json\/wp\/v2\/comments?post=35047"}],"version-history":[{"count":4,"href":"https:\/\/vrscb.lt\/pl\/wp-json\/wp\/v2\/posts\/35047\/revisions"}],"predecessor-version":[{"id":35052,"href":"https:\/\/vrscb.lt\/pl\/wp-json\/wp\/v2\/posts\/35047\/revisions\/35052"}],"wp:featuredmedia":[{"embeddable":true,"href":"https:\/\/vrscb.lt\/pl\/wp-json\/wp\/v2\/media\/35018"}],"wp:attachment":[{"href":"https:\/\/vrscb.lt\/pl\/wp-json\/wp\/v2\/media?parent=35047"}],"wp:term":[{"taxonomy":"category","embeddable":true,"href":"https:\/\/vrscb.lt\/pl\/wp-json\/wp\/v2\/categories?post=35047"},{"taxonomy":"post_tag","embeddable":true,"href":"https:\/\/vrscb.lt\/pl\/wp-json\/wp\/v2\/tags?post=35047"}],"curies":[{"name":"wp","href":"https:\/\/api.w.org\/{rel}","templated":true}]}}