
{"id":35137,"date":"2025-03-31T12:29:37","date_gmt":"2025-03-31T09:29:37","guid":{"rendered":"https:\/\/vrscb.lt\/?p=35137"},"modified":"2025-03-31T12:32:11","modified_gmt":"2025-03-31T09:32:11","slug":"prezentacja-ksiazki-o-czym-szumia-wieki","status":"publish","type":"post","link":"https:\/\/vrscb.lt\/pl\/prezentacja-ksiazki-o-czym-szumia-wieki\/","title":{"rendered":"Prezentacja ksi\u0105\u017cki \u201eO czym szumi\u0105 wieki\u2026\u201d"},"content":{"rendered":"\n<p>Serdecznie zapraszamy na prezentacj\u0119 ksi\u0105\u017cki \u201eO czym szumi\u0105 wieki&#8230;\u201d!<\/p>\n\n\n\n<p>To spotkanie jest organizowane w ramach projektu \u201eRudomino \u2013 Ma\u0142a Stolica Kultury Litwy 2025\u201d, maj\u0105cego na celu piel\u0119gnowanie i promowanie lokalnego \u017cycia kulturalnego.<\/p>\n\n\n\n<p>Spotkanie z autork\u0105 ksi\u0105\u017cki, pisark\u0105 i malark\u0105 Iren\u0105 Fedorowicz-Wasilewsk\u0105<\/p>\n\n\n\n<p>Data: 15 kwietnia<\/p>\n\n\n\n<p>Godzina: 15:00<\/p>\n\n\n\n<p>Miejsce: Centralna Biblioteka Samorz\u0105du Rejonu Wile\u0144skiego<\/p>\n\n\n\n<p>(ul. Gamyklos 20A, Rudomino, II pi\u0119tro)<\/p>\n\n\n\n<p><a href=\"https:\/\/www.facebook.com\/hashtag\/rudaminamlks2025?__eep__=6&amp;__cft__%5b0%5d=AZX7pwSH_SoMp0-ZOJSyfTlQyCc1RndXbWV4WCkFlNqj6_XTj3upXE68t6KXBb4wNt0d5ANO2gTuwCh3AdPLO9391Sb-2DwX9zgO0TILSQ_frXnVzkFNZU6I_JfHkJP_MOPw2Bz8N4z3mBeAycFog6lhEFrvpPS8ac_OWD8zmtOCbP5KeAgeMsJM05uzrGpotwM&amp;__tn__=*NK-R\" target=\"_blank\" rel=\"noreferrer noopener\"><strong>#RudaminaMLKS2025<\/strong><\/a><\/p>\n\n\n\n<figure class=\"wp-block-image size-large\"><img fetchpriority=\"high\" decoding=\"async\" width=\"1200\" height=\"848\" src=\"https:\/\/vrscb.lt\/wp-content\/uploads\/2025\/03\/prezentacja-ksiazki-1200x848.jpg\" alt=\"Automati\u0161kai i\u0161saugotas juodra\u0161tis\" class=\"wp-image-35139\" srcset=\"https:\/\/vrscb.lt\/wp-content\/uploads\/2025\/03\/prezentacja-ksiazki-1200x848.jpg 1200w, https:\/\/vrscb.lt\/wp-content\/uploads\/2025\/03\/prezentacja-ksiazki-744x525.jpg 744w, https:\/\/vrscb.lt\/wp-content\/uploads\/2025\/03\/prezentacja-ksiazki.jpg 1280w\" sizes=\"(max-width: 1200px) 100vw, 1200px\" \/><\/figure>\n","protected":false},"excerpt":{"rendered":"<div class=\"entry-summary\">\nSerdecznie zapraszamy na prezentacj\u0119 ksi\u0105\u017cki \u201eO czym szumi\u0105 wieki&#8230;\u201d! To spotkanie jest organizowane w ramach projektu \u201eRudomino \u2013 Ma\u0142a Stolica Kultury Litwy 2025\u201d, maj\u0105cego na celu piel\u0119gnowanie i promowanie lokalnego \u017cycia kulturalnego. Spotkanie z autork\u0105 ksi\u0105\u017cki, pisark\u0105 i malark\u0105 Iren\u0105&hellip;\n<\/div>\n<div class=\"link-more\"><a href=\"https:\/\/vrscb.lt\/pl\/prezentacja-ksiazki-o-czym-szumia-wieki\/\" class=\"more-link\">Czytaj wi\u0119cej<span class=\"screen-reader-text\"> &ldquo;Prezentacja ksi\u0105\u017cki \u201eO czym szumi\u0105 wieki\u2026\u201d&rdquo;<\/span>\u2026<\/a><\/div>\n","protected":false},"author":3,"featured_media":35139,"comment_status":"closed","ping_status":"closed","sticky":false,"template":"","format":"standard","meta":{"_acf_changed":false,"footnotes":""},"categories":[95],"tags":[],"class_list":["post-35137","post","type-post","status-publish","format-standard","has-post-thumbnail","hentry","category-aktualnosci","entry"],"acf":[],"yoast_head":"<!-- This site is optimized with the Yoast SEO plugin v27.5 - https:\/\/yoast.com\/product\/yoast-seo-wordpress\/ -->\n<title>Prezentacja ksi\u0105\u017cki \u201eO czym szumi\u0105 wieki\u2026\u201d - Vilniaus rajono savivaldyb\u0117s Centrin\u0117 biblioteka<\/title>\n<meta name=\"robots\" content=\"index, follow, max-snippet:-1, max-image-preview:large, max-video-preview:-1\" \/>\n<link rel=\"canonical\" href=\"https:\/\/vrscb.lt\/pl\/prezentacja-ksiazki-o-czym-szumia-wieki\/\" \/>\n<meta property=\"og:locale\" content=\"pl_PL\" \/>\n<meta property=\"og:type\" content=\"article\" \/>\n<meta property=\"og:title\" content=\"Prezentacja ksi\u0105\u017cki \u201eO czym szumi\u0105 wieki\u2026\u201d - Vilniaus rajono savivaldyb\u0117s Centrin\u0117 biblioteka\" \/>\n<meta property=\"og:description\" content=\"Serdecznie zapraszamy na prezentacj\u0119 ksi\u0105\u017cki \u201eO czym szumi\u0105 wieki&#8230;\u201d! To spotkanie jest organizowane w ramach projektu \u201eRudomino \u2013 Ma\u0142a Stolica Kultury Litwy 2025\u201d, maj\u0105cego na celu piel\u0119gnowanie i promowanie lokalnego \u017cycia kulturalnego. Spotkanie z autork\u0105 ksi\u0105\u017cki, pisark\u0105 i malark\u0105 Iren\u0105&hellip; Czytaj wi\u0119cej &ldquo;Prezentacja ksi\u0105\u017cki \u201eO czym szumi\u0105 wieki\u2026\u201d&rdquo;\u2026\" \/>\n<meta property=\"og:url\" content=\"https:\/\/vrscb.lt\/pl\/prezentacja-ksiazki-o-czym-szumia-wieki\/\" \/>\n<meta property=\"og:site_name\" content=\"Vilniaus rajono savivaldyb\u0117s Centrin\u0117 biblioteka\" \/>\n<meta property=\"article:published_time\" content=\"2025-03-31T09:29:37+00:00\" \/>\n<meta property=\"article:modified_time\" content=\"2025-03-31T09:32:11+00:00\" \/>\n<meta property=\"og:image\" content=\"https:\/\/vrscb.lt\/wp-content\/uploads\/2025\/03\/prezentacja-ksiazki.jpg\" \/>\n\t<meta property=\"og:image:width\" content=\"1280\" \/>\n\t<meta property=\"og:image:height\" content=\"904\" \/>\n\t<meta property=\"og:image:type\" content=\"image\/jpeg\" \/>\n<meta name=\"author\" content=\"VRSCB\" \/>\n<meta name=\"twitter:card\" content=\"summary_large_image\" \/>\n<meta name=\"twitter:label1\" content=\"Napisane przez\" \/>\n\t<meta name=\"twitter:data1\" content=\"VRSCB\" \/>\n\t<meta name=\"twitter:label2\" content=\"Szacowany czas czytania\" \/>\n\t<meta name=\"twitter:data2\" content=\"1 minuta\" \/>\n<script type=\"application\/ld+json\" class=\"yoast-schema-graph\">{\"@context\":\"https:\\\/\\\/schema.org\",\"@graph\":[{\"@type\":\"Article\",\"@id\":\"https:\\\/\\\/vrscb.lt\\\/pl\\\/prezentacja-ksiazki-o-czym-szumia-wieki\\\/#article\",\"isPartOf\":{\"@id\":\"https:\\\/\\\/vrscb.lt\\\/pl\\\/prezentacja-ksiazki-o-czym-szumia-wieki\\\/\"},\"author\":{\"name\":\"VRSCB\",\"@id\":\"https:\\\/\\\/vrscb.lt\\\/#\\\/schema\\\/person\\\/0b84365a98053f509501f91b5be6c097\"},\"headline\":\"Prezentacja ksi\u0105\u017cki \u201eO czym szumi\u0105 wieki\u2026\u201d\",\"datePublished\":\"2025-03-31T09:29:37+00:00\",\"dateModified\":\"2025-03-31T09:32:11+00:00\",\"mainEntityOfPage\":{\"@id\":\"https:\\\/\\\/vrscb.lt\\\/pl\\\/prezentacja-ksiazki-o-czym-szumia-wieki\\\/\"},\"wordCount\":70,\"publisher\":{\"@id\":\"https:\\\/\\\/vrscb.lt\\\/#organization\"},\"image\":{\"@id\":\"https:\\\/\\\/vrscb.lt\\\/pl\\\/prezentacja-ksiazki-o-czym-szumia-wieki\\\/#primaryimage\"},\"thumbnailUrl\":\"https:\\\/\\\/vrscb.lt\\\/wp-content\\\/uploads\\\/2025\\\/03\\\/prezentacja-ksiazki.jpg\",\"articleSection\":[\"Aktualno\u015bci\"],\"inLanguage\":\"pl-PL\"},{\"@type\":\"WebPage\",\"@id\":\"https:\\\/\\\/vrscb.lt\\\/pl\\\/prezentacja-ksiazki-o-czym-szumia-wieki\\\/\",\"url\":\"https:\\\/\\\/vrscb.lt\\\/pl\\\/prezentacja-ksiazki-o-czym-szumia-wieki\\\/\",\"name\":\"Prezentacja ksi\u0105\u017cki \u201eO czym szumi\u0105 wieki\u2026\u201d - Vilniaus rajono savivaldyb\u0117s Centrin\u0117 biblioteka\",\"isPartOf\":{\"@id\":\"https:\\\/\\\/vrscb.lt\\\/#website\"},\"primaryImageOfPage\":{\"@id\":\"https:\\\/\\\/vrscb.lt\\\/pl\\\/prezentacja-ksiazki-o-czym-szumia-wieki\\\/#primaryimage\"},\"image\":{\"@id\":\"https:\\\/\\\/vrscb.lt\\\/pl\\\/prezentacja-ksiazki-o-czym-szumia-wieki\\\/#primaryimage\"},\"thumbnailUrl\":\"https:\\\/\\\/vrscb.lt\\\/wp-content\\\/uploads\\\/2025\\\/03\\\/prezentacja-ksiazki.jpg\",\"datePublished\":\"2025-03-31T09:29:37+00:00\",\"dateModified\":\"2025-03-31T09:32:11+00:00\",\"breadcrumb\":{\"@id\":\"https:\\\/\\\/vrscb.lt\\\/pl\\\/prezentacja-ksiazki-o-czym-szumia-wieki\\\/#breadcrumb\"},\"inLanguage\":\"pl-PL\",\"potentialAction\":[{\"@type\":\"ReadAction\",\"target\":[\"https:\\\/\\\/vrscb.lt\\\/pl\\\/prezentacja-ksiazki-o-czym-szumia-wieki\\\/\"]}]},{\"@type\":\"ImageObject\",\"inLanguage\":\"pl-PL\",\"@id\":\"https:\\\/\\\/vrscb.lt\\\/pl\\\/prezentacja-ksiazki-o-czym-szumia-wieki\\\/#primaryimage\",\"url\":\"https:\\\/\\\/vrscb.lt\\\/wp-content\\\/uploads\\\/2025\\\/03\\\/prezentacja-ksiazki.jpg\",\"contentUrl\":\"https:\\\/\\\/vrscb.lt\\\/wp-content\\\/uploads\\\/2025\\\/03\\\/prezentacja-ksiazki.jpg\",\"width\":1280,\"height\":904,\"caption\":\"Automati\u0161kai i\u0161saugotas juodra\u0161tis\"},{\"@type\":\"BreadcrumbList\",\"@id\":\"https:\\\/\\\/vrscb.lt\\\/pl\\\/prezentacja-ksiazki-o-czym-szumia-wieki\\\/#breadcrumb\",\"itemListElement\":[{\"@type\":\"ListItem\",\"position\":1,\"name\":\"Dom\",\"item\":\"https:\\\/\\\/vrscb.lt\\\/\"},{\"@type\":\"ListItem\",\"position\":2,\"name\":\"Prezentacja ksi\u0105\u017cki \u201eO czym szumi\u0105 wieki\u2026\u201d\"}]},{\"@type\":\"WebSite\",\"@id\":\"https:\\\/\\\/vrscb.lt\\\/#website\",\"url\":\"https:\\\/\\\/vrscb.lt\\\/\",\"name\":\"Vilniaus rajono savivaldyb\u0117s Centrin\u0117 biblioteka\",\"description\":\"Vilniaus rajono savivaldyb\u0117s Centrin\u0117 biblioteka kvie\u010dia visus prisijungti prie visuotin\u0117s pilietin\u0117s iniciatyvos \u201eAtmintis gyva, nes liudija\u201c ir u\u017edegti atminimo.\",\"publisher\":{\"@id\":\"https:\\\/\\\/vrscb.lt\\\/#organization\"},\"potentialAction\":[{\"@type\":\"SearchAction\",\"target\":{\"@type\":\"EntryPoint\",\"urlTemplate\":\"https:\\\/\\\/vrscb.lt\\\/?s={search_term_string}\"},\"query-input\":{\"@type\":\"PropertyValueSpecification\",\"valueRequired\":true,\"valueName\":\"search_term_string\"}}],\"inLanguage\":\"pl-PL\"},{\"@type\":\"Organization\",\"@id\":\"https:\\\/\\\/vrscb.lt\\\/#organization\",\"name\":\"Vilniaus rajono savivaldyb\u0117s Centrin\u0117 biblioteka\",\"url\":\"https:\\\/\\\/vrscb.lt\\\/\",\"logo\":{\"@type\":\"ImageObject\",\"inLanguage\":\"pl-PL\",\"@id\":\"https:\\\/\\\/vrscb.lt\\\/#\\\/schema\\\/logo\\\/image\\\/\",\"url\":\"https:\\\/\\\/vrscb.lt\\\/wp-content\\\/uploads\\\/2021\\\/02\\\/LOGO_BIBLIOTEKA_RUDAMINA_2018_02_08-1.png\",\"contentUrl\":\"https:\\\/\\\/vrscb.lt\\\/wp-content\\\/uploads\\\/2021\\\/02\\\/LOGO_BIBLIOTEKA_RUDAMINA_2018_02_08-1.png\",\"width\":1084,\"height\":1084,\"caption\":\"Vilniaus rajono savivaldyb\u0117s Centrin\u0117 biblioteka\"},\"image\":{\"@id\":\"https:\\\/\\\/vrscb.lt\\\/#\\\/schema\\\/logo\\\/image\\\/\"}},{\"@type\":\"Person\",\"@id\":\"https:\\\/\\\/vrscb.lt\\\/#\\\/schema\\\/person\\\/0b84365a98053f509501f91b5be6c097\",\"name\":\"VRSCB\",\"image\":{\"@type\":\"ImageObject\",\"inLanguage\":\"pl-PL\",\"@id\":\"https:\\\/\\\/secure.gravatar.com\\\/avatar\\\/cb8817ba573049eab6d3f0458a0218e93a27995fe49a8323902e053d82443b77?s=96&d=mm&r=g\",\"url\":\"https:\\\/\\\/secure.gravatar.com\\\/avatar\\\/cb8817ba573049eab6d3f0458a0218e93a27995fe49a8323902e053d82443b77?s=96&d=mm&r=g\",\"contentUrl\":\"https:\\\/\\\/secure.gravatar.com\\\/avatar\\\/cb8817ba573049eab6d3f0458a0218e93a27995fe49a8323902e053d82443b77?s=96&d=mm&r=g\",\"caption\":\"VRSCB\"},\"url\":\"https:\\\/\\\/vrscb.lt\\\/pl\\\/author\\\/pavelas\\\/\"}]}<\/script>\n<!-- \/ Yoast SEO plugin. -->","yoast_head_json":{"title":"Prezentacja ksi\u0105\u017cki \u201eO czym szumi\u0105 wieki\u2026\u201d - Vilniaus rajono savivaldyb\u0117s Centrin\u0117 biblioteka","robots":{"index":"index","follow":"follow","max-snippet":"max-snippet:-1","max-image-preview":"max-image-preview:large","max-video-preview":"max-video-preview:-1"},"canonical":"https:\/\/vrscb.lt\/pl\/prezentacja-ksiazki-o-czym-szumia-wieki\/","og_locale":"pl_PL","og_type":"article","og_title":"Prezentacja ksi\u0105\u017cki \u201eO czym szumi\u0105 wieki\u2026\u201d - Vilniaus rajono savivaldyb\u0117s Centrin\u0117 biblioteka","og_description":"Serdecznie zapraszamy na prezentacj\u0119 ksi\u0105\u017cki \u201eO czym szumi\u0105 wieki&#8230;\u201d! To spotkanie jest organizowane w ramach projektu \u201eRudomino \u2013 Ma\u0142a Stolica Kultury Litwy 2025\u201d, maj\u0105cego na celu piel\u0119gnowanie i promowanie lokalnego \u017cycia kulturalnego. Spotkanie z autork\u0105 ksi\u0105\u017cki, pisark\u0105 i malark\u0105 Iren\u0105&hellip; Czytaj wi\u0119cej &ldquo;Prezentacja ksi\u0105\u017cki \u201eO czym szumi\u0105 wieki\u2026\u201d&rdquo;\u2026","og_url":"https:\/\/vrscb.lt\/pl\/prezentacja-ksiazki-o-czym-szumia-wieki\/","og_site_name":"Vilniaus rajono savivaldyb\u0117s Centrin\u0117 biblioteka","article_published_time":"2025-03-31T09:29:37+00:00","article_modified_time":"2025-03-31T09:32:11+00:00","og_image":[{"width":1280,"height":904,"url":"https:\/\/vrscb.lt\/wp-content\/uploads\/2025\/03\/prezentacja-ksiazki.jpg","type":"image\/jpeg"}],"author":"VRSCB","twitter_card":"summary_large_image","twitter_misc":{"Napisane przez":"VRSCB","Szacowany czas czytania":"1 minuta"},"schema":{"@context":"https:\/\/schema.org","@graph":[{"@type":"Article","@id":"https:\/\/vrscb.lt\/pl\/prezentacja-ksiazki-o-czym-szumia-wieki\/#article","isPartOf":{"@id":"https:\/\/vrscb.lt\/pl\/prezentacja-ksiazki-o-czym-szumia-wieki\/"},"author":{"name":"VRSCB","@id":"https:\/\/vrscb.lt\/#\/schema\/person\/0b84365a98053f509501f91b5be6c097"},"headline":"Prezentacja ksi\u0105\u017cki \u201eO czym szumi\u0105 wieki\u2026\u201d","datePublished":"2025-03-31T09:29:37+00:00","dateModified":"2025-03-31T09:32:11+00:00","mainEntityOfPage":{"@id":"https:\/\/vrscb.lt\/pl\/prezentacja-ksiazki-o-czym-szumia-wieki\/"},"wordCount":70,"publisher":{"@id":"https:\/\/vrscb.lt\/#organization"},"image":{"@id":"https:\/\/vrscb.lt\/pl\/prezentacja-ksiazki-o-czym-szumia-wieki\/#primaryimage"},"thumbnailUrl":"https:\/\/vrscb.lt\/wp-content\/uploads\/2025\/03\/prezentacja-ksiazki.jpg","articleSection":["Aktualno\u015bci"],"inLanguage":"pl-PL"},{"@type":"WebPage","@id":"https:\/\/vrscb.lt\/pl\/prezentacja-ksiazki-o-czym-szumia-wieki\/","url":"https:\/\/vrscb.lt\/pl\/prezentacja-ksiazki-o-czym-szumia-wieki\/","name":"Prezentacja ksi\u0105\u017cki \u201eO czym szumi\u0105 wieki\u2026\u201d - Vilniaus rajono savivaldyb\u0117s Centrin\u0117 biblioteka","isPartOf":{"@id":"https:\/\/vrscb.lt\/#website"},"primaryImageOfPage":{"@id":"https:\/\/vrscb.lt\/pl\/prezentacja-ksiazki-o-czym-szumia-wieki\/#primaryimage"},"image":{"@id":"https:\/\/vrscb.lt\/pl\/prezentacja-ksiazki-o-czym-szumia-wieki\/#primaryimage"},"thumbnailUrl":"https:\/\/vrscb.lt\/wp-content\/uploads\/2025\/03\/prezentacja-ksiazki.jpg","datePublished":"2025-03-31T09:29:37+00:00","dateModified":"2025-03-31T09:32:11+00:00","breadcrumb":{"@id":"https:\/\/vrscb.lt\/pl\/prezentacja-ksiazki-o-czym-szumia-wieki\/#breadcrumb"},"inLanguage":"pl-PL","potentialAction":[{"@type":"ReadAction","target":["https:\/\/vrscb.lt\/pl\/prezentacja-ksiazki-o-czym-szumia-wieki\/"]}]},{"@type":"ImageObject","inLanguage":"pl-PL","@id":"https:\/\/vrscb.lt\/pl\/prezentacja-ksiazki-o-czym-szumia-wieki\/#primaryimage","url":"https:\/\/vrscb.lt\/wp-content\/uploads\/2025\/03\/prezentacja-ksiazki.jpg","contentUrl":"https:\/\/vrscb.lt\/wp-content\/uploads\/2025\/03\/prezentacja-ksiazki.jpg","width":1280,"height":904,"caption":"Automati\u0161kai i\u0161saugotas juodra\u0161tis"},{"@type":"BreadcrumbList","@id":"https:\/\/vrscb.lt\/pl\/prezentacja-ksiazki-o-czym-szumia-wieki\/#breadcrumb","itemListElement":[{"@type":"ListItem","position":1,"name":"Dom","item":"https:\/\/vrscb.lt\/"},{"@type":"ListItem","position":2,"name":"Prezentacja ksi\u0105\u017cki \u201eO czym szumi\u0105 wieki\u2026\u201d"}]},{"@type":"WebSite","@id":"https:\/\/vrscb.lt\/#website","url":"https:\/\/vrscb.lt\/","name":"Vilniaus rajono savivaldyb\u0117s Centrin\u0117 biblioteka","description":"Vilniaus rajono savivaldyb\u0117s Centrin\u0117 biblioteka kvie\u010dia visus prisijungti prie visuotin\u0117s pilietin\u0117s iniciatyvos \u201eAtmintis gyva, nes liudija\u201c ir u\u017edegti atminimo.","publisher":{"@id":"https:\/\/vrscb.lt\/#organization"},"potentialAction":[{"@type":"SearchAction","target":{"@type":"EntryPoint","urlTemplate":"https:\/\/vrscb.lt\/?s={search_term_string}"},"query-input":{"@type":"PropertyValueSpecification","valueRequired":true,"valueName":"search_term_string"}}],"inLanguage":"pl-PL"},{"@type":"Organization","@id":"https:\/\/vrscb.lt\/#organization","name":"Vilniaus rajono savivaldyb\u0117s Centrin\u0117 biblioteka","url":"https:\/\/vrscb.lt\/","logo":{"@type":"ImageObject","inLanguage":"pl-PL","@id":"https:\/\/vrscb.lt\/#\/schema\/logo\/image\/","url":"https:\/\/vrscb.lt\/wp-content\/uploads\/2021\/02\/LOGO_BIBLIOTEKA_RUDAMINA_2018_02_08-1.png","contentUrl":"https:\/\/vrscb.lt\/wp-content\/uploads\/2021\/02\/LOGO_BIBLIOTEKA_RUDAMINA_2018_02_08-1.png","width":1084,"height":1084,"caption":"Vilniaus rajono savivaldyb\u0117s Centrin\u0117 biblioteka"},"image":{"@id":"https:\/\/vrscb.lt\/#\/schema\/logo\/image\/"}},{"@type":"Person","@id":"https:\/\/vrscb.lt\/#\/schema\/person\/0b84365a98053f509501f91b5be6c097","name":"VRSCB","image":{"@type":"ImageObject","inLanguage":"pl-PL","@id":"https:\/\/secure.gravatar.com\/avatar\/cb8817ba573049eab6d3f0458a0218e93a27995fe49a8323902e053d82443b77?s=96&d=mm&r=g","url":"https:\/\/secure.gravatar.com\/avatar\/cb8817ba573049eab6d3f0458a0218e93a27995fe49a8323902e053d82443b77?s=96&d=mm&r=g","contentUrl":"https:\/\/secure.gravatar.com\/avatar\/cb8817ba573049eab6d3f0458a0218e93a27995fe49a8323902e053d82443b77?s=96&d=mm&r=g","caption":"VRSCB"},"url":"https:\/\/vrscb.lt\/pl\/author\/pavelas\/"}]}},"_links":{"self":[{"href":"https:\/\/vrscb.lt\/pl\/wp-json\/wp\/v2\/posts\/35137","targetHints":{"allow":["GET"]}}],"collection":[{"href":"https:\/\/vrscb.lt\/pl\/wp-json\/wp\/v2\/posts"}],"about":[{"href":"https:\/\/vrscb.lt\/pl\/wp-json\/wp\/v2\/types\/post"}],"author":[{"embeddable":true,"href":"https:\/\/vrscb.lt\/pl\/wp-json\/wp\/v2\/users\/3"}],"replies":[{"embeddable":true,"href":"https:\/\/vrscb.lt\/pl\/wp-json\/wp\/v2\/comments?post=35137"}],"version-history":[{"count":3,"href":"https:\/\/vrscb.lt\/pl\/wp-json\/wp\/v2\/posts\/35137\/revisions"}],"predecessor-version":[{"id":35143,"href":"https:\/\/vrscb.lt\/pl\/wp-json\/wp\/v2\/posts\/35137\/revisions\/35143"}],"wp:featuredmedia":[{"embeddable":true,"href":"https:\/\/vrscb.lt\/pl\/wp-json\/wp\/v2\/media\/35139"}],"wp:attachment":[{"href":"https:\/\/vrscb.lt\/pl\/wp-json\/wp\/v2\/media?parent=35137"}],"wp:term":[{"taxonomy":"category","embeddable":true,"href":"https:\/\/vrscb.lt\/pl\/wp-json\/wp\/v2\/categories?post=35137"},{"taxonomy":"post_tag","embeddable":true,"href":"https:\/\/vrscb.lt\/pl\/wp-json\/wp\/v2\/tags?post=35137"}],"curies":[{"name":"wp","href":"https:\/\/api.w.org\/{rel}","templated":true}]}}