
{"id":35537,"date":"2025-04-16T16:32:02","date_gmt":"2025-04-16T13:32:02","guid":{"rendered":"https:\/\/vrscb.lt\/?p=35537"},"modified":"2025-04-16T16:34:16","modified_gmt":"2025-04-16T13:34:16","slug":"spotkanie-autorskie-z-irena-fedorowicz-wasilewska-w-centralnej-bibliotece-samorzadu-rejonu-wilenskiego","status":"publish","type":"post","link":"https:\/\/vrscb.lt\/pl\/spotkanie-autorskie-z-irena-fedorowicz-wasilewska-w-centralnej-bibliotece-samorzadu-rejonu-wilenskiego\/","title":{"rendered":"Spotkanie autorskie z Iren\u0105 Fedorowicz-Wasilewsk\u0105 w Centralnej Bibliotece Samorz\u0105du Rejonu Wile\u0144skiego"},"content":{"rendered":"\t\t<div data-elementor-type=\"wp-post\" data-elementor-id=\"35537\" class=\"elementor elementor-35537\" data-elementor-post-type=\"post\">\n\t\t\t\t\t\t<section class=\"elementor-section elementor-top-section elementor-element elementor-element-5b01231f elementor-section-boxed elementor-section-height-default elementor-section-height-default\" data-id=\"5b01231f\" data-element_type=\"section\" data-e-type=\"section\">\n\t\t\t\t\t\t<div class=\"elementor-container elementor-column-gap-default\">\n\t\t\t\t\t<div class=\"elementor-column elementor-col-100 elementor-top-column elementor-element elementor-element-4f59052a\" data-id=\"4f59052a\" data-element_type=\"column\" data-e-type=\"column\">\n\t\t\t<div class=\"elementor-widget-wrap elementor-element-populated\">\n\t\t\t\t\t\t<div class=\"elementor-element elementor-element-67e40138 elementor-widget elementor-widget-text-editor\" data-id=\"67e40138\" data-element_type=\"widget\" data-e-type=\"widget\" data-widget_type=\"text-editor.default\">\n\t\t\t\t<div class=\"elementor-widget-container\">\n\t\t\t\t\t\t\t\t\t\n<p>15 kwietnia w Centralnej Bibliotece Samorz\u0105du Rejonu Wile\u0144skiego odby\u0142a si\u0119 prezentacja ksi\u0105\u017cki O czym szumi\u0105 wieki autorstwa Ireny Fedorowicz-Wasilewskiej. Wydarzenie zorganizowano w ramach programu Rudomino \u2013 Ma\u0142a Stolica Kultury Litwy 2025 i stanowi\u0142o jeden z najwa\u017cniejszych punkt\u00f3w tegorocznego kalendarza kulturalnego.<\/p>\n\n<p>Publikacja po\u015bwi\u0119cona historii Rudomina \u2013 jednej z najwi\u0119kszych miejscowo\u015bci podwile\u0144skich \u2013 to niezwykle warto\u015bciowa pozycja dokumentuj\u0105ca dzieje regionu, kt\u00f3rego pocz\u0105tki si\u0119gaj\u0105 XIV wieku. Autorka, wywodz\u0105ca si\u0119 z tych stron, ukazuje w swojej ksi\u0105\u017cce nie tylko kluczowe wydarzenia historyczne, lecz tak\u017ce codzienne \u017cycie mieszka\u0144c\u00f3w, ich to\u017csamo\u015b\u0107 kulturow\u0105 oraz osobiste wspomnienia zwi\u0105zane z Rudominem. Jak sama podkre\u015bla, impulsem do napisania ksi\u0105\u017cki by\u0142a potrzeba zachowania pami\u0119ci o przesz\u0142o\u015bci oraz g\u0142\u0119boko odczuwany lokalny patriotyzm.<\/p>\n\n<p>W spotkaniu uczestniczy\u0142 r\u00f3wnie\u017c dr J\u00f3zef Szostakowski, specjalista w zakresie nauk humanistycznych, autor recenzji otwieraj\u0105cej prezentowan\u0105 publikacj\u0119. Podczas wydarzenia kr\u00f3tko przedstawi\u0142 swoj\u0105 opini\u0119 na temat ksi\u0105\u017cki, akcentuj\u0105c jej znaczenie dla lokalnej spo\u0142eczno\u015bci oraz jej warto\u015b\u0107 jako \u017ar\u00f3d\u0142a historycznego i kulturowego.<\/p>\n\n<p>Z okazji promocji ksi\u0105\u017cki autorka otrzyma\u0142a serdeczne podzi\u0119kowania od dyrektora biblioteki, Miros\u0142awa Wojciulewicza, oraz starosty Rudomina, J\u00f3zefa Szatkiewicza, kt\u00f3rzy podkre\u015blili, \u017ce publikacja stanowi cenny wk\u0142ad w zachowanie dziedzictwa kulturowego oraz wa\u017cny dokument ukazuj\u0105cy bogat\u0105 histori\u0119 lokaln\u0105.<\/p>\n\n<p>Wiecz\u00f3r autorski zgromadzi\u0142 licznie przyby\u0142ych mieszka\u0144c\u00f3w Rudomina oraz go\u015bci z s\u0105siednich miejscowo\u015bci, kt\u00f3rzy z \u017cywym zainteresowaniem uczestniczyli w prezentacji ksi\u0105\u017cki. Publikacja spotka\u0142a si\u0119 z ciep\u0142ym przyj\u0119ciem \u2013 wielu obecnych zdecydowa\u0142o si\u0119 na jej zakup, a autorka z u\u015bmiechem i serdeczno\u015bci\u0105 podpisywa\u0142a egzemplarze, nie szcz\u0119dz\u0105c czasu na rozmowy z czytelnikami. Spotkanie up\u0142yn\u0119\u0142o w atmosferze literackiego \u015bwi\u0119ta, pe\u0142nego refleksji, inspiracji i wzrusze\u0144.<\/p>\n\t\t\t\t\t\t\t\t<\/div>\n\t\t\t\t<\/div>\n\t\t\t\t\t<\/div>\n\t\t<\/div>\n\t\t\t\t\t<\/div>\n\t\t<\/section>\n\t\t\t\t<section class=\"elementor-section elementor-top-section elementor-element elementor-element-f505fb9 elementor-section-boxed elementor-section-height-default elementor-section-height-default\" data-id=\"f505fb9\" data-element_type=\"section\" data-e-type=\"section\">\n\t\t\t\t\t\t<div class=\"elementor-container elementor-column-gap-default\">\n\t\t\t\t\t<div class=\"elementor-column elementor-col-100 elementor-top-column elementor-element elementor-element-22fa8df\" data-id=\"22fa8df\" data-element_type=\"column\" data-e-type=\"column\">\n\t\t\t<div class=\"elementor-widget-wrap elementor-element-populated\">\n\t\t\t\t\t\t<div class=\"elementor-element elementor-element-5ba816b gallery-spacing-custom elementor-widget elementor-widget-image-gallery\" data-id=\"5ba816b\" data-element_type=\"widget\" data-e-type=\"widget\" data-widget_type=\"image-gallery.default\">\n\t\t\t\t<div class=\"elementor-widget-container\">\n\t\t\t\t\t\t\t<div class=\"elementor-image-gallery\">\n\t\t\t<div id='gallery-1' class='gallery galleryid-35537 gallery-columns-3 gallery-size-thumbnail'><figure class='gallery-item'>\n\t\t\t<div class='gallery-icon landscape'>\n\t\t\t\t<a data-elementor-open-lightbox=\"yes\" data-elementor-lightbox-slideshow=\"5ba816b\" data-elementor-lightbox-title=\"Apie k\u0105 byloja am\u017eiai (18)\" data-e-action-hash=\"#elementor-action%3Aaction%3Dlightbox%26settings%3DeyJpZCI6MzU0ODcsInVybCI6Imh0dHBzOlwvXC92cnNjYi5sdFwvd3AtY29udGVudFwvdXBsb2Fkc1wvMjAyNVwvMDRcL0FwaWUta2EtYnlsb2phLWFtemlhaS0xOC5qcGciLCJzbGlkZXNob3ciOiI1YmE4MTZiIn0%3D\" href='https:\/\/vrscb.lt\/wp-content\/uploads\/2025\/04\/Apie-ka-byloja-amziai-18.jpg'><img fetchpriority=\"high\" decoding=\"async\" width=\"480\" height=\"270\" src=\"https:\/\/vrscb.lt\/wp-content\/uploads\/2025\/04\/Apie-ka-byloja-amziai-18-480x270.jpg\" class=\"attachment-thumbnail size-thumbnail\" alt=\"\" \/><\/a>\n\t\t\t<\/div><\/figure><figure class='gallery-item'>\n\t\t\t<div class='gallery-icon portrait'>\n\t\t\t\t<a data-elementor-open-lightbox=\"yes\" data-elementor-lightbox-slideshow=\"5ba816b\" data-elementor-lightbox-title=\"Apie k\u0105 byloja am\u017eiai (1)\" data-e-action-hash=\"#elementor-action%3Aaction%3Dlightbox%26settings%3DeyJpZCI6MzU0OTAsInVybCI6Imh0dHBzOlwvXC92cnNjYi5sdFwvd3AtY29udGVudFwvdXBsb2Fkc1wvMjAyNVwvMDRcL0FwaWUta2EtYnlsb2phLWFtemlhaS0xLmpwZyIsInNsaWRlc2hvdyI6IjViYTgxNmIifQ%3D%3D\" href='https:\/\/vrscb.lt\/wp-content\/uploads\/2025\/04\/Apie-ka-byloja-amziai-1.jpg'><img decoding=\"async\" width=\"480\" height=\"270\" src=\"https:\/\/vrscb.lt\/wp-content\/uploads\/2025\/04\/Apie-ka-byloja-amziai-1-480x270.jpg\" class=\"attachment-thumbnail size-thumbnail\" alt=\"\" \/><\/a>\n\t\t\t<\/div><\/figure><figure class='gallery-item'>\n\t\t\t<div class='gallery-icon landscape'>\n\t\t\t\t<a data-elementor-open-lightbox=\"yes\" data-elementor-lightbox-slideshow=\"5ba816b\" data-elementor-lightbox-title=\"Apie k\u0105 byloja am\u017eiai (2)\" data-e-action-hash=\"#elementor-action%3Aaction%3Dlightbox%26settings%3DeyJpZCI6MzU0OTIsInVybCI6Imh0dHBzOlwvXC92cnNjYi5sdFwvd3AtY29udGVudFwvdXBsb2Fkc1wvMjAyNVwvMDRcL0FwaWUta2EtYnlsb2phLWFtemlhaS0yLmpwZyIsInNsaWRlc2hvdyI6IjViYTgxNmIifQ%3D%3D\" href='https:\/\/vrscb.lt\/wp-content\/uploads\/2025\/04\/Apie-ka-byloja-amziai-2.jpg'><img decoding=\"async\" width=\"480\" height=\"270\" src=\"https:\/\/vrscb.lt\/wp-content\/uploads\/2025\/04\/Apie-ka-byloja-amziai-2-480x270.jpg\" class=\"attachment-thumbnail size-thumbnail\" alt=\"\" \/><\/a>\n\t\t\t<\/div><\/figure><figure class='gallery-item'>\n\t\t\t<div class='gallery-icon portrait'>\n\t\t\t\t<a data-elementor-open-lightbox=\"yes\" data-elementor-lightbox-slideshow=\"5ba816b\" data-elementor-lightbox-title=\"Apie k\u0105 byloja am\u017eiai (3)\" data-e-action-hash=\"#elementor-action%3Aaction%3Dlightbox%26settings%3DeyJpZCI6MzU0OTQsInVybCI6Imh0dHBzOlwvXC92cnNjYi5sdFwvd3AtY29udGVudFwvdXBsb2Fkc1wvMjAyNVwvMDRcL0FwaWUta2EtYnlsb2phLWFtemlhaS0zLmpwZyIsInNsaWRlc2hvdyI6IjViYTgxNmIifQ%3D%3D\" href='https:\/\/vrscb.lt\/wp-content\/uploads\/2025\/04\/Apie-ka-byloja-amziai-3.jpg'><img loading=\"lazy\" decoding=\"async\" width=\"480\" height=\"270\" src=\"https:\/\/vrscb.lt\/wp-content\/uploads\/2025\/04\/Apie-ka-byloja-amziai-3-480x270.jpg\" class=\"attachment-thumbnail size-thumbnail\" alt=\"\" \/><\/a>\n\t\t\t<\/div><\/figure><figure class='gallery-item'>\n\t\t\t<div class='gallery-icon landscape'>\n\t\t\t\t<a data-elementor-open-lightbox=\"yes\" data-elementor-lightbox-slideshow=\"5ba816b\" data-elementor-lightbox-title=\"Apie k\u0105 byloja am\u017eiai (4)\" data-e-action-hash=\"#elementor-action%3Aaction%3Dlightbox%26settings%3DeyJpZCI6MzU0OTYsInVybCI6Imh0dHBzOlwvXC92cnNjYi5sdFwvd3AtY29udGVudFwvdXBsb2Fkc1wvMjAyNVwvMDRcL0FwaWUta2EtYnlsb2phLWFtemlhaS00LmpwZyIsInNsaWRlc2hvdyI6IjViYTgxNmIifQ%3D%3D\" href='https:\/\/vrscb.lt\/wp-content\/uploads\/2025\/04\/Apie-ka-byloja-amziai-4.jpg'><img loading=\"lazy\" decoding=\"async\" width=\"480\" height=\"270\" src=\"https:\/\/vrscb.lt\/wp-content\/uploads\/2025\/04\/Apie-ka-byloja-amziai-4-480x270.jpg\" class=\"attachment-thumbnail size-thumbnail\" alt=\"\" \/><\/a>\n\t\t\t<\/div><\/figure><figure class='gallery-item'>\n\t\t\t<div class='gallery-icon landscape'>\n\t\t\t\t<a data-elementor-open-lightbox=\"yes\" data-elementor-lightbox-slideshow=\"5ba816b\" data-elementor-lightbox-title=\"Apie k\u0105 byloja am\u017eiai (5)\" data-e-action-hash=\"#elementor-action%3Aaction%3Dlightbox%26settings%3DeyJpZCI6MzU0OTgsInVybCI6Imh0dHBzOlwvXC92cnNjYi5sdFwvd3AtY29udGVudFwvdXBsb2Fkc1wvMjAyNVwvMDRcL0FwaWUta2EtYnlsb2phLWFtemlhaS01LmpwZyIsInNsaWRlc2hvdyI6IjViYTgxNmIifQ%3D%3D\" href='https:\/\/vrscb.lt\/wp-content\/uploads\/2025\/04\/Apie-ka-byloja-amziai-5.jpg'><img loading=\"lazy\" decoding=\"async\" width=\"480\" height=\"270\" src=\"https:\/\/vrscb.lt\/wp-content\/uploads\/2025\/04\/Apie-ka-byloja-amziai-5-480x270.jpg\" class=\"attachment-thumbnail size-thumbnail\" alt=\"\" \/><\/a>\n\t\t\t<\/div><\/figure><figure class='gallery-item'>\n\t\t\t<div class='gallery-icon landscape'>\n\t\t\t\t<a data-elementor-open-lightbox=\"yes\" data-elementor-lightbox-slideshow=\"5ba816b\" data-elementor-lightbox-title=\"Apie k\u0105 byloja am\u017eiai (6)\" data-e-action-hash=\"#elementor-action%3Aaction%3Dlightbox%26settings%3DeyJpZCI6MzU1MDAsInVybCI6Imh0dHBzOlwvXC92cnNjYi5sdFwvd3AtY29udGVudFwvdXBsb2Fkc1wvMjAyNVwvMDRcL0FwaWUta2EtYnlsb2phLWFtemlhaS02LmpwZyIsInNsaWRlc2hvdyI6IjViYTgxNmIifQ%3D%3D\" href='https:\/\/vrscb.lt\/wp-content\/uploads\/2025\/04\/Apie-ka-byloja-amziai-6.jpg'><img loading=\"lazy\" decoding=\"async\" width=\"480\" height=\"270\" src=\"https:\/\/vrscb.lt\/wp-content\/uploads\/2025\/04\/Apie-ka-byloja-amziai-6-480x270.jpg\" class=\"attachment-thumbnail size-thumbnail\" alt=\"\" \/><\/a>\n\t\t\t<\/div><\/figure><figure class='gallery-item'>\n\t\t\t<div class='gallery-icon landscape'>\n\t\t\t\t<a data-elementor-open-lightbox=\"yes\" data-elementor-lightbox-slideshow=\"5ba816b\" data-elementor-lightbox-title=\"Apie k\u0105 byloja am\u017eiai (7)\" data-e-action-hash=\"#elementor-action%3Aaction%3Dlightbox%26settings%3DeyJpZCI6MzU1MDIsInVybCI6Imh0dHBzOlwvXC92cnNjYi5sdFwvd3AtY29udGVudFwvdXBsb2Fkc1wvMjAyNVwvMDRcL0FwaWUta2EtYnlsb2phLWFtemlhaS03LmpwZyIsInNsaWRlc2hvdyI6IjViYTgxNmIifQ%3D%3D\" href='https:\/\/vrscb.lt\/wp-content\/uploads\/2025\/04\/Apie-ka-byloja-amziai-7.jpg'><img loading=\"lazy\" decoding=\"async\" width=\"480\" height=\"270\" src=\"https:\/\/vrscb.lt\/wp-content\/uploads\/2025\/04\/Apie-ka-byloja-amziai-7-480x270.jpg\" class=\"attachment-thumbnail size-thumbnail\" alt=\"\" \/><\/a>\n\t\t\t<\/div><\/figure><figure class='gallery-item'>\n\t\t\t<div class='gallery-icon portrait'>\n\t\t\t\t<a data-elementor-open-lightbox=\"yes\" data-elementor-lightbox-slideshow=\"5ba816b\" data-elementor-lightbox-title=\"Apie k\u0105 byloja am\u017eiai (8)\" data-e-action-hash=\"#elementor-action%3Aaction%3Dlightbox%26settings%3DeyJpZCI6MzU1MDQsInVybCI6Imh0dHBzOlwvXC92cnNjYi5sdFwvd3AtY29udGVudFwvdXBsb2Fkc1wvMjAyNVwvMDRcL0FwaWUta2EtYnlsb2phLWFtemlhaS04LmpwZyIsInNsaWRlc2hvdyI6IjViYTgxNmIifQ%3D%3D\" href='https:\/\/vrscb.lt\/wp-content\/uploads\/2025\/04\/Apie-ka-byloja-amziai-8.jpg'><img loading=\"lazy\" decoding=\"async\" width=\"480\" height=\"270\" src=\"https:\/\/vrscb.lt\/wp-content\/uploads\/2025\/04\/Apie-ka-byloja-amziai-8-480x270.jpg\" class=\"attachment-thumbnail size-thumbnail\" alt=\"\" \/><\/a>\n\t\t\t<\/div><\/figure><figure class='gallery-item'>\n\t\t\t<div class='gallery-icon portrait'>\n\t\t\t\t<a data-elementor-open-lightbox=\"yes\" data-elementor-lightbox-slideshow=\"5ba816b\" data-elementor-lightbox-title=\"Apie k\u0105 byloja am\u017eiai (9)\" data-e-action-hash=\"#elementor-action%3Aaction%3Dlightbox%26settings%3DeyJpZCI6MzU1MDYsInVybCI6Imh0dHBzOlwvXC92cnNjYi5sdFwvd3AtY29udGVudFwvdXBsb2Fkc1wvMjAyNVwvMDRcL0FwaWUta2EtYnlsb2phLWFtemlhaS05LmpwZyIsInNsaWRlc2hvdyI6IjViYTgxNmIifQ%3D%3D\" href='https:\/\/vrscb.lt\/wp-content\/uploads\/2025\/04\/Apie-ka-byloja-amziai-9.jpg'><img loading=\"lazy\" decoding=\"async\" width=\"480\" height=\"270\" src=\"https:\/\/vrscb.lt\/wp-content\/uploads\/2025\/04\/Apie-ka-byloja-amziai-9-480x270.jpg\" class=\"attachment-thumbnail size-thumbnail\" alt=\"\" \/><\/a>\n\t\t\t<\/div><\/figure><figure class='gallery-item'>\n\t\t\t<div class='gallery-icon landscape'>\n\t\t\t\t<a data-elementor-open-lightbox=\"yes\" data-elementor-lightbox-slideshow=\"5ba816b\" data-elementor-lightbox-title=\"Apie k\u0105 byloja am\u017eiai (10)\" data-e-action-hash=\"#elementor-action%3Aaction%3Dlightbox%26settings%3DeyJpZCI6MzU1MDgsInVybCI6Imh0dHBzOlwvXC92cnNjYi5sdFwvd3AtY29udGVudFwvdXBsb2Fkc1wvMjAyNVwvMDRcL0FwaWUta2EtYnlsb2phLWFtemlhaS0xMC5qcGciLCJzbGlkZXNob3ciOiI1YmE4MTZiIn0%3D\" href='https:\/\/vrscb.lt\/wp-content\/uploads\/2025\/04\/Apie-ka-byloja-amziai-10.jpg'><img loading=\"lazy\" decoding=\"async\" width=\"480\" height=\"270\" src=\"https:\/\/vrscb.lt\/wp-content\/uploads\/2025\/04\/Apie-ka-byloja-amziai-10-480x270.jpg\" class=\"attachment-thumbnail size-thumbnail\" alt=\"\" \/><\/a>\n\t\t\t<\/div><\/figure><figure class='gallery-item'>\n\t\t\t<div class='gallery-icon portrait'>\n\t\t\t\t<a data-elementor-open-lightbox=\"yes\" data-elementor-lightbox-slideshow=\"5ba816b\" data-elementor-lightbox-title=\"Apie k\u0105 byloja am\u017eiai (11)\" data-e-action-hash=\"#elementor-action%3Aaction%3Dlightbox%26settings%3DeyJpZCI6MzU1MTAsInVybCI6Imh0dHBzOlwvXC92cnNjYi5sdFwvd3AtY29udGVudFwvdXBsb2Fkc1wvMjAyNVwvMDRcL0FwaWUta2EtYnlsb2phLWFtemlhaS0xMS5qcGciLCJzbGlkZXNob3ciOiI1YmE4MTZiIn0%3D\" href='https:\/\/vrscb.lt\/wp-content\/uploads\/2025\/04\/Apie-ka-byloja-amziai-11.jpg'><img loading=\"lazy\" decoding=\"async\" width=\"480\" height=\"270\" src=\"https:\/\/vrscb.lt\/wp-content\/uploads\/2025\/04\/Apie-ka-byloja-amziai-11-480x270.jpg\" class=\"attachment-thumbnail size-thumbnail\" alt=\"\" \/><\/a>\n\t\t\t<\/div><\/figure><figure class='gallery-item'>\n\t\t\t<div class='gallery-icon landscape'>\n\t\t\t\t<a data-elementor-open-lightbox=\"yes\" data-elementor-lightbox-slideshow=\"5ba816b\" data-elementor-lightbox-title=\"Apie k\u0105 byloja am\u017eiai (12)\" data-e-action-hash=\"#elementor-action%3Aaction%3Dlightbox%26settings%3DeyJpZCI6MzU1MTIsInVybCI6Imh0dHBzOlwvXC92cnNjYi5sdFwvd3AtY29udGVudFwvdXBsb2Fkc1wvMjAyNVwvMDRcL0FwaWUta2EtYnlsb2phLWFtemlhaS0xMi5qcGciLCJzbGlkZXNob3ciOiI1YmE4MTZiIn0%3D\" href='https:\/\/vrscb.lt\/wp-content\/uploads\/2025\/04\/Apie-ka-byloja-amziai-12.jpg'><img loading=\"lazy\" decoding=\"async\" width=\"480\" height=\"270\" src=\"https:\/\/vrscb.lt\/wp-content\/uploads\/2025\/04\/Apie-ka-byloja-amziai-12-480x270.jpg\" class=\"attachment-thumbnail size-thumbnail\" alt=\"\" \/><\/a>\n\t\t\t<\/div><\/figure><figure class='gallery-item'>\n\t\t\t<div class='gallery-icon portrait'>\n\t\t\t\t<a data-elementor-open-lightbox=\"yes\" data-elementor-lightbox-slideshow=\"5ba816b\" data-elementor-lightbox-title=\"Apie k\u0105 byloja am\u017eiai (13)\" data-e-action-hash=\"#elementor-action%3Aaction%3Dlightbox%26settings%3DeyJpZCI6MzU1MTQsInVybCI6Imh0dHBzOlwvXC92cnNjYi5sdFwvd3AtY29udGVudFwvdXBsb2Fkc1wvMjAyNVwvMDRcL0FwaWUta2EtYnlsb2phLWFtemlhaS0xMy5qcGciLCJzbGlkZXNob3ciOiI1YmE4MTZiIn0%3D\" href='https:\/\/vrscb.lt\/wp-content\/uploads\/2025\/04\/Apie-ka-byloja-amziai-13.jpg'><img loading=\"lazy\" decoding=\"async\" width=\"480\" height=\"270\" src=\"https:\/\/vrscb.lt\/wp-content\/uploads\/2025\/04\/Apie-ka-byloja-amziai-13-480x270.jpg\" class=\"attachment-thumbnail size-thumbnail\" alt=\"\" \/><\/a>\n\t\t\t<\/div><\/figure><figure class='gallery-item'>\n\t\t\t<div class='gallery-icon landscape'>\n\t\t\t\t<a data-elementor-open-lightbox=\"yes\" data-elementor-lightbox-slideshow=\"5ba816b\" data-elementor-lightbox-title=\"Apie k\u0105 byloja am\u017eiai (14)\" data-e-action-hash=\"#elementor-action%3Aaction%3Dlightbox%26settings%3DeyJpZCI6MzU1MTYsInVybCI6Imh0dHBzOlwvXC92cnNjYi5sdFwvd3AtY29udGVudFwvdXBsb2Fkc1wvMjAyNVwvMDRcL0FwaWUta2EtYnlsb2phLWFtemlhaS0xNC5qcGciLCJzbGlkZXNob3ciOiI1YmE4MTZiIn0%3D\" href='https:\/\/vrscb.lt\/wp-content\/uploads\/2025\/04\/Apie-ka-byloja-amziai-14.jpg'><img loading=\"lazy\" decoding=\"async\" width=\"480\" height=\"270\" src=\"https:\/\/vrscb.lt\/wp-content\/uploads\/2025\/04\/Apie-ka-byloja-amziai-14-480x270.jpg\" class=\"attachment-thumbnail size-thumbnail\" alt=\"\" \/><\/a>\n\t\t\t<\/div><\/figure><figure class='gallery-item'>\n\t\t\t<div class='gallery-icon landscape'>\n\t\t\t\t<a data-elementor-open-lightbox=\"yes\" data-elementor-lightbox-slideshow=\"5ba816b\" data-elementor-lightbox-title=\"Apie k\u0105 byloja am\u017eiai (15)\" data-e-action-hash=\"#elementor-action%3Aaction%3Dlightbox%26settings%3DeyJpZCI6MzU1MTgsInVybCI6Imh0dHBzOlwvXC92cnNjYi5sdFwvd3AtY29udGVudFwvdXBsb2Fkc1wvMjAyNVwvMDRcL0FwaWUta2EtYnlsb2phLWFtemlhaS0xNS5qcGciLCJzbGlkZXNob3ciOiI1YmE4MTZiIn0%3D\" href='https:\/\/vrscb.lt\/wp-content\/uploads\/2025\/04\/Apie-ka-byloja-amziai-15.jpg'><img loading=\"lazy\" decoding=\"async\" width=\"480\" height=\"270\" src=\"https:\/\/vrscb.lt\/wp-content\/uploads\/2025\/04\/Apie-ka-byloja-amziai-15-480x270.jpg\" class=\"attachment-thumbnail size-thumbnail\" alt=\"\" \/><\/a>\n\t\t\t<\/div><\/figure><figure class='gallery-item'>\n\t\t\t<div class='gallery-icon portrait'>\n\t\t\t\t<a data-elementor-open-lightbox=\"yes\" data-elementor-lightbox-slideshow=\"5ba816b\" data-elementor-lightbox-title=\"Apie k\u0105 byloja am\u017eiai (16)\" data-e-action-hash=\"#elementor-action%3Aaction%3Dlightbox%26settings%3DeyJpZCI6MzU1MjEsInVybCI6Imh0dHBzOlwvXC92cnNjYi5sdFwvd3AtY29udGVudFwvdXBsb2Fkc1wvMjAyNVwvMDRcL0FwaWUta2EtYnlsb2phLWFtemlhaS0xNi5qcGciLCJzbGlkZXNob3ciOiI1YmE4MTZiIn0%3D\" href='https:\/\/vrscb.lt\/wp-content\/uploads\/2025\/04\/Apie-ka-byloja-amziai-16.jpg'><img loading=\"lazy\" decoding=\"async\" width=\"480\" height=\"270\" src=\"https:\/\/vrscb.lt\/wp-content\/uploads\/2025\/04\/Apie-ka-byloja-amziai-16-480x270.jpg\" class=\"attachment-thumbnail size-thumbnail\" alt=\"\" \/><\/a>\n\t\t\t<\/div><\/figure><figure class='gallery-item'>\n\t\t\t<div class='gallery-icon portrait'>\n\t\t\t\t<a data-elementor-open-lightbox=\"yes\" data-elementor-lightbox-slideshow=\"5ba816b\" data-elementor-lightbox-title=\"Apie k\u0105 byloja am\u017eiai (17)\" data-e-action-hash=\"#elementor-action%3Aaction%3Dlightbox%26settings%3DeyJpZCI6MzU1MjMsInVybCI6Imh0dHBzOlwvXC92cnNjYi5sdFwvd3AtY29udGVudFwvdXBsb2Fkc1wvMjAyNVwvMDRcL0FwaWUta2EtYnlsb2phLWFtemlhaS0xNy5qcGciLCJzbGlkZXNob3ciOiI1YmE4MTZiIn0%3D\" href='https:\/\/vrscb.lt\/wp-content\/uploads\/2025\/04\/Apie-ka-byloja-amziai-17.jpg'><img loading=\"lazy\" decoding=\"async\" width=\"480\" height=\"270\" src=\"https:\/\/vrscb.lt\/wp-content\/uploads\/2025\/04\/Apie-ka-byloja-amziai-17-480x270.jpg\" class=\"attachment-thumbnail size-thumbnail\" alt=\"\" \/><\/a>\n\t\t\t<\/div><\/figure><figure class='gallery-item'>\n\t\t\t<div class='gallery-icon portrait'>\n\t\t\t\t<a data-elementor-open-lightbox=\"yes\" data-elementor-lightbox-slideshow=\"5ba816b\" data-elementor-lightbox-title=\"Apie k\u0105 byloja am\u017eiai (19)\" data-e-action-hash=\"#elementor-action%3Aaction%3Dlightbox%26settings%3DeyJpZCI6MzU1MjUsInVybCI6Imh0dHBzOlwvXC92cnNjYi5sdFwvd3AtY29udGVudFwvdXBsb2Fkc1wvMjAyNVwvMDRcL0FwaWUta2EtYnlsb2phLWFtemlhaS0xOS5qcGciLCJzbGlkZXNob3ciOiI1YmE4MTZiIn0%3D\" href='https:\/\/vrscb.lt\/wp-content\/uploads\/2025\/04\/Apie-ka-byloja-amziai-19.jpg'><img loading=\"lazy\" decoding=\"async\" width=\"480\" height=\"270\" src=\"https:\/\/vrscb.lt\/wp-content\/uploads\/2025\/04\/Apie-ka-byloja-amziai-19-480x270.jpg\" class=\"attachment-thumbnail size-thumbnail\" alt=\"\" \/><\/a>\n\t\t\t<\/div><\/figure><figure class='gallery-item'>\n\t\t\t<div class='gallery-icon portrait'>\n\t\t\t\t<a data-elementor-open-lightbox=\"yes\" data-elementor-lightbox-slideshow=\"5ba816b\" data-elementor-lightbox-title=\"Apie k\u0105 byloja am\u017eiai (20)\" data-e-action-hash=\"#elementor-action%3Aaction%3Dlightbox%26settings%3DeyJpZCI6MzU1MjcsInVybCI6Imh0dHBzOlwvXC92cnNjYi5sdFwvd3AtY29udGVudFwvdXBsb2Fkc1wvMjAyNVwvMDRcL0FwaWUta2EtYnlsb2phLWFtemlhaS0yMC5qcGciLCJzbGlkZXNob3ciOiI1YmE4MTZiIn0%3D\" href='https:\/\/vrscb.lt\/wp-content\/uploads\/2025\/04\/Apie-ka-byloja-amziai-20.jpg'><img loading=\"lazy\" decoding=\"async\" width=\"480\" height=\"270\" src=\"https:\/\/vrscb.lt\/wp-content\/uploads\/2025\/04\/Apie-ka-byloja-amziai-20-480x270.jpg\" class=\"attachment-thumbnail size-thumbnail\" alt=\"\" \/><\/a>\n\t\t\t<\/div><\/figure><figure class='gallery-item'>\n\t\t\t<div class='gallery-icon portrait'>\n\t\t\t\t<a data-elementor-open-lightbox=\"yes\" data-elementor-lightbox-slideshow=\"5ba816b\" data-elementor-lightbox-title=\"Apie k\u0105 byloja am\u017eiai (21)\" data-e-action-hash=\"#elementor-action%3Aaction%3Dlightbox%26settings%3DeyJpZCI6MzU1MjksInVybCI6Imh0dHBzOlwvXC92cnNjYi5sdFwvd3AtY29udGVudFwvdXBsb2Fkc1wvMjAyNVwvMDRcL0FwaWUta2EtYnlsb2phLWFtemlhaS0yMS5qcGciLCJzbGlkZXNob3ciOiI1YmE4MTZiIn0%3D\" href='https:\/\/vrscb.lt\/wp-content\/uploads\/2025\/04\/Apie-ka-byloja-amziai-21.jpg'><img loading=\"lazy\" decoding=\"async\" width=\"480\" height=\"270\" src=\"https:\/\/vrscb.lt\/wp-content\/uploads\/2025\/04\/Apie-ka-byloja-amziai-21-480x270.jpg\" class=\"attachment-thumbnail size-thumbnail\" alt=\"\" \/><\/a>\n\t\t\t<\/div><\/figure>\n\t\t<\/div>\n\t\t<\/div>\n\t\t\t\t\t\t<\/div>\n\t\t\t\t<\/div>\n\t\t\t\t\t<\/div>\n\t\t<\/div>\n\t\t\t\t\t<\/div>\n\t\t<\/section>\n\t\t\t\t<\/div>\n\t\t","protected":false},"excerpt":{"rendered":"<div class=\"entry-summary\">\n15 kwietnia w Centralnej Bibliotece Samorz\u0105du Rejonu Wile\u0144skiego odby\u0142a si\u0119 prezentacja ksi\u0105\u017cki O czym szumi\u0105 wieki autorstwa Ireny Fedorowicz-Wasilewskiej. Wydarzenie zorganizowano w ramach programu Rudomino \u2013 Ma\u0142a Stolica Kultury Litwy 2025 i stanowi\u0142o jeden z najwa\u017cniejszych punkt\u00f3w tegorocznego kalendarza kulturalnego.&hellip;\n<\/div>\n<div class=\"link-more\"><a href=\"https:\/\/vrscb.lt\/pl\/spotkanie-autorskie-z-irena-fedorowicz-wasilewska-w-centralnej-bibliotece-samorzadu-rejonu-wilenskiego\/\" class=\"more-link\">Czytaj wi\u0119cej<span class=\"screen-reader-text\"> &ldquo;Spotkanie autorskie z Iren\u0105 Fedorowicz-Wasilewsk\u0105 w Centralnej Bibliotece Samorz\u0105du Rejonu Wile\u0144skiego&rdquo;<\/span>\u2026<\/a><\/div>\n","protected":false},"author":3,"featured_media":35487,"comment_status":"closed","ping_status":"closed","sticky":false,"template":"","format":"standard","meta":{"_acf_changed":false,"footnotes":""},"categories":[96],"tags":[],"class_list":["post-35537","post","type-post","status-publish","format-standard","has-post-thumbnail","hentry","category-imprezy","entry"],"acf":[],"yoast_head":"<!-- This site is optimized with the Yoast SEO plugin v27.5 - https:\/\/yoast.com\/product\/yoast-seo-wordpress\/ -->\n<title>Spotkanie autorskie z Iren\u0105 Fedorowicz-Wasilewsk\u0105 w Centralnej Bibliotece Samorz\u0105du Rejonu Wile\u0144skiego - Vilniaus rajono savivaldyb\u0117s Centrin\u0117 biblioteka<\/title>\n<meta name=\"robots\" content=\"index, follow, max-snippet:-1, max-image-preview:large, max-video-preview:-1\" \/>\n<link rel=\"canonical\" href=\"https:\/\/vrscb.lt\/pl\/spotkanie-autorskie-z-irena-fedorowicz-wasilewska-w-centralnej-bibliotece-samorzadu-rejonu-wilenskiego\/\" \/>\n<meta property=\"og:locale\" content=\"pl_PL\" \/>\n<meta property=\"og:type\" content=\"article\" \/>\n<meta property=\"og:title\" content=\"Spotkanie autorskie z Iren\u0105 Fedorowicz-Wasilewsk\u0105 w Centralnej Bibliotece Samorz\u0105du Rejonu Wile\u0144skiego - Vilniaus rajono savivaldyb\u0117s Centrin\u0117 biblioteka\" \/>\n<meta property=\"og:description\" content=\"15 kwietnia w Centralnej Bibliotece Samorz\u0105du Rejonu Wile\u0144skiego odby\u0142a si\u0119 prezentacja ksi\u0105\u017cki O czym szumi\u0105 wieki autorstwa Ireny Fedorowicz-Wasilewskiej. Wydarzenie zorganizowano w ramach programu Rudomino \u2013 Ma\u0142a Stolica Kultury Litwy 2025 i stanowi\u0142o jeden z najwa\u017cniejszych punkt\u00f3w tegorocznego kalendarza kulturalnego.&hellip; Czytaj wi\u0119cej &ldquo;Spotkanie autorskie z Iren\u0105 Fedorowicz-Wasilewsk\u0105 w Centralnej Bibliotece Samorz\u0105du Rejonu Wile\u0144skiego&rdquo;\u2026\" \/>\n<meta property=\"og:url\" content=\"https:\/\/vrscb.lt\/pl\/spotkanie-autorskie-z-irena-fedorowicz-wasilewska-w-centralnej-bibliotece-samorzadu-rejonu-wilenskiego\/\" \/>\n<meta property=\"og:site_name\" content=\"Vilniaus rajono savivaldyb\u0117s Centrin\u0117 biblioteka\" \/>\n<meta property=\"article:published_time\" content=\"2025-04-16T13:32:02+00:00\" \/>\n<meta property=\"article:modified_time\" content=\"2025-04-16T13:34:16+00:00\" \/>\n<meta property=\"og:image\" content=\"https:\/\/vrscb.lt\/wp-content\/uploads\/2025\/04\/Apie-ka-byloja-amziai-18.jpg\" \/>\n\t<meta property=\"og:image:width\" content=\"1280\" \/>\n\t<meta property=\"og:image:height\" content=\"853\" \/>\n\t<meta property=\"og:image:type\" content=\"image\/jpeg\" \/>\n<meta name=\"author\" content=\"VRSCB\" \/>\n<meta name=\"twitter:card\" content=\"summary_large_image\" \/>\n<meta name=\"twitter:label1\" content=\"Napisane przez\" \/>\n\t<meta name=\"twitter:data1\" content=\"VRSCB\" \/>\n\t<meta name=\"twitter:label2\" content=\"Szacowany czas czytania\" \/>\n\t<meta name=\"twitter:data2\" content=\"6 minut\" \/>\n<script type=\"application\/ld+json\" class=\"yoast-schema-graph\">{\"@context\":\"https:\\\/\\\/schema.org\",\"@graph\":[{\"@type\":\"Article\",\"@id\":\"https:\\\/\\\/vrscb.lt\\\/pl\\\/spotkanie-autorskie-z-irena-fedorowicz-wasilewska-w-centralnej-bibliotece-samorzadu-rejonu-wilenskiego\\\/#article\",\"isPartOf\":{\"@id\":\"https:\\\/\\\/vrscb.lt\\\/pl\\\/spotkanie-autorskie-z-irena-fedorowicz-wasilewska-w-centralnej-bibliotece-samorzadu-rejonu-wilenskiego\\\/\"},\"author\":{\"name\":\"VRSCB\",\"@id\":\"https:\\\/\\\/vrscb.lt\\\/#\\\/schema\\\/person\\\/0b84365a98053f509501f91b5be6c097\"},\"headline\":\"Spotkanie autorskie z Iren\u0105 Fedorowicz-Wasilewsk\u0105 w Centralnej Bibliotece Samorz\u0105du Rejonu Wile\u0144skiego\",\"datePublished\":\"2025-04-16T13:32:02+00:00\",\"dateModified\":\"2025-04-16T13:34:16+00:00\",\"mainEntityOfPage\":{\"@id\":\"https:\\\/\\\/vrscb.lt\\\/pl\\\/spotkanie-autorskie-z-irena-fedorowicz-wasilewska-w-centralnej-bibliotece-samorzadu-rejonu-wilenskiego\\\/\"},\"wordCount\":327,\"publisher\":{\"@id\":\"https:\\\/\\\/vrscb.lt\\\/#organization\"},\"image\":{\"@id\":\"https:\\\/\\\/vrscb.lt\\\/pl\\\/spotkanie-autorskie-z-irena-fedorowicz-wasilewska-w-centralnej-bibliotece-samorzadu-rejonu-wilenskiego\\\/#primaryimage\"},\"thumbnailUrl\":\"https:\\\/\\\/vrscb.lt\\\/wp-content\\\/uploads\\\/2025\\\/04\\\/Apie-ka-byloja-amziai-18.jpg\",\"articleSection\":[\"Imprezy\"],\"inLanguage\":\"pl-PL\"},{\"@type\":\"WebPage\",\"@id\":\"https:\\\/\\\/vrscb.lt\\\/pl\\\/spotkanie-autorskie-z-irena-fedorowicz-wasilewska-w-centralnej-bibliotece-samorzadu-rejonu-wilenskiego\\\/\",\"url\":\"https:\\\/\\\/vrscb.lt\\\/pl\\\/spotkanie-autorskie-z-irena-fedorowicz-wasilewska-w-centralnej-bibliotece-samorzadu-rejonu-wilenskiego\\\/\",\"name\":\"Spotkanie autorskie z Iren\u0105 Fedorowicz-Wasilewsk\u0105 w Centralnej Bibliotece Samorz\u0105du Rejonu Wile\u0144skiego - Vilniaus rajono savivaldyb\u0117s Centrin\u0117 biblioteka\",\"isPartOf\":{\"@id\":\"https:\\\/\\\/vrscb.lt\\\/#website\"},\"primaryImageOfPage\":{\"@id\":\"https:\\\/\\\/vrscb.lt\\\/pl\\\/spotkanie-autorskie-z-irena-fedorowicz-wasilewska-w-centralnej-bibliotece-samorzadu-rejonu-wilenskiego\\\/#primaryimage\"},\"image\":{\"@id\":\"https:\\\/\\\/vrscb.lt\\\/pl\\\/spotkanie-autorskie-z-irena-fedorowicz-wasilewska-w-centralnej-bibliotece-samorzadu-rejonu-wilenskiego\\\/#primaryimage\"},\"thumbnailUrl\":\"https:\\\/\\\/vrscb.lt\\\/wp-content\\\/uploads\\\/2025\\\/04\\\/Apie-ka-byloja-amziai-18.jpg\",\"datePublished\":\"2025-04-16T13:32:02+00:00\",\"dateModified\":\"2025-04-16T13:34:16+00:00\",\"breadcrumb\":{\"@id\":\"https:\\\/\\\/vrscb.lt\\\/pl\\\/spotkanie-autorskie-z-irena-fedorowicz-wasilewska-w-centralnej-bibliotece-samorzadu-rejonu-wilenskiego\\\/#breadcrumb\"},\"inLanguage\":\"pl-PL\",\"potentialAction\":[{\"@type\":\"ReadAction\",\"target\":[\"https:\\\/\\\/vrscb.lt\\\/pl\\\/spotkanie-autorskie-z-irena-fedorowicz-wasilewska-w-centralnej-bibliotece-samorzadu-rejonu-wilenskiego\\\/\"]}]},{\"@type\":\"ImageObject\",\"inLanguage\":\"pl-PL\",\"@id\":\"https:\\\/\\\/vrscb.lt\\\/pl\\\/spotkanie-autorskie-z-irena-fedorowicz-wasilewska-w-centralnej-bibliotece-samorzadu-rejonu-wilenskiego\\\/#primaryimage\",\"url\":\"https:\\\/\\\/vrscb.lt\\\/wp-content\\\/uploads\\\/2025\\\/04\\\/Apie-ka-byloja-amziai-18.jpg\",\"contentUrl\":\"https:\\\/\\\/vrscb.lt\\\/wp-content\\\/uploads\\\/2025\\\/04\\\/Apie-ka-byloja-amziai-18.jpg\",\"width\":1280,\"height\":853},{\"@type\":\"BreadcrumbList\",\"@id\":\"https:\\\/\\\/vrscb.lt\\\/pl\\\/spotkanie-autorskie-z-irena-fedorowicz-wasilewska-w-centralnej-bibliotece-samorzadu-rejonu-wilenskiego\\\/#breadcrumb\",\"itemListElement\":[{\"@type\":\"ListItem\",\"position\":1,\"name\":\"Dom\",\"item\":\"https:\\\/\\\/vrscb.lt\\\/\"},{\"@type\":\"ListItem\",\"position\":2,\"name\":\"Spotkanie autorskie z Iren\u0105 Fedorowicz-Wasilewsk\u0105 w Centralnej Bibliotece Samorz\u0105du Rejonu Wile\u0144skiego\"}]},{\"@type\":\"WebSite\",\"@id\":\"https:\\\/\\\/vrscb.lt\\\/#website\",\"url\":\"https:\\\/\\\/vrscb.lt\\\/\",\"name\":\"Vilniaus rajono savivaldyb\u0117s Centrin\u0117 biblioteka\",\"description\":\"Vilniaus rajono savivaldyb\u0117s Centrin\u0117 biblioteka kvie\u010dia visus prisijungti prie visuotin\u0117s pilietin\u0117s iniciatyvos \u201eAtmintis gyva, nes liudija\u201c ir u\u017edegti atminimo.\",\"publisher\":{\"@id\":\"https:\\\/\\\/vrscb.lt\\\/#organization\"},\"potentialAction\":[{\"@type\":\"SearchAction\",\"target\":{\"@type\":\"EntryPoint\",\"urlTemplate\":\"https:\\\/\\\/vrscb.lt\\\/?s={search_term_string}\"},\"query-input\":{\"@type\":\"PropertyValueSpecification\",\"valueRequired\":true,\"valueName\":\"search_term_string\"}}],\"inLanguage\":\"pl-PL\"},{\"@type\":\"Organization\",\"@id\":\"https:\\\/\\\/vrscb.lt\\\/#organization\",\"name\":\"Vilniaus rajono savivaldyb\u0117s Centrin\u0117 biblioteka\",\"url\":\"https:\\\/\\\/vrscb.lt\\\/\",\"logo\":{\"@type\":\"ImageObject\",\"inLanguage\":\"pl-PL\",\"@id\":\"https:\\\/\\\/vrscb.lt\\\/#\\\/schema\\\/logo\\\/image\\\/\",\"url\":\"https:\\\/\\\/vrscb.lt\\\/wp-content\\\/uploads\\\/2021\\\/02\\\/LOGO_BIBLIOTEKA_RUDAMINA_2018_02_08-1.png\",\"contentUrl\":\"https:\\\/\\\/vrscb.lt\\\/wp-content\\\/uploads\\\/2021\\\/02\\\/LOGO_BIBLIOTEKA_RUDAMINA_2018_02_08-1.png\",\"width\":1084,\"height\":1084,\"caption\":\"Vilniaus rajono savivaldyb\u0117s Centrin\u0117 biblioteka\"},\"image\":{\"@id\":\"https:\\\/\\\/vrscb.lt\\\/#\\\/schema\\\/logo\\\/image\\\/\"}},{\"@type\":\"Person\",\"@id\":\"https:\\\/\\\/vrscb.lt\\\/#\\\/schema\\\/person\\\/0b84365a98053f509501f91b5be6c097\",\"name\":\"VRSCB\",\"image\":{\"@type\":\"ImageObject\",\"inLanguage\":\"pl-PL\",\"@id\":\"https:\\\/\\\/secure.gravatar.com\\\/avatar\\\/cb8817ba573049eab6d3f0458a0218e93a27995fe49a8323902e053d82443b77?s=96&d=mm&r=g\",\"url\":\"https:\\\/\\\/secure.gravatar.com\\\/avatar\\\/cb8817ba573049eab6d3f0458a0218e93a27995fe49a8323902e053d82443b77?s=96&d=mm&r=g\",\"contentUrl\":\"https:\\\/\\\/secure.gravatar.com\\\/avatar\\\/cb8817ba573049eab6d3f0458a0218e93a27995fe49a8323902e053d82443b77?s=96&d=mm&r=g\",\"caption\":\"VRSCB\"},\"url\":\"https:\\\/\\\/vrscb.lt\\\/pl\\\/author\\\/pavelas\\\/\"}]}<\/script>\n<!-- \/ Yoast SEO plugin. -->","yoast_head_json":{"title":"Spotkanie autorskie z Iren\u0105 Fedorowicz-Wasilewsk\u0105 w Centralnej Bibliotece Samorz\u0105du Rejonu Wile\u0144skiego - Vilniaus rajono savivaldyb\u0117s Centrin\u0117 biblioteka","robots":{"index":"index","follow":"follow","max-snippet":"max-snippet:-1","max-image-preview":"max-image-preview:large","max-video-preview":"max-video-preview:-1"},"canonical":"https:\/\/vrscb.lt\/pl\/spotkanie-autorskie-z-irena-fedorowicz-wasilewska-w-centralnej-bibliotece-samorzadu-rejonu-wilenskiego\/","og_locale":"pl_PL","og_type":"article","og_title":"Spotkanie autorskie z Iren\u0105 Fedorowicz-Wasilewsk\u0105 w Centralnej Bibliotece Samorz\u0105du Rejonu Wile\u0144skiego - Vilniaus rajono savivaldyb\u0117s Centrin\u0117 biblioteka","og_description":"15 kwietnia w Centralnej Bibliotece Samorz\u0105du Rejonu Wile\u0144skiego odby\u0142a si\u0119 prezentacja ksi\u0105\u017cki O czym szumi\u0105 wieki autorstwa Ireny Fedorowicz-Wasilewskiej. Wydarzenie zorganizowano w ramach programu Rudomino \u2013 Ma\u0142a Stolica Kultury Litwy 2025 i stanowi\u0142o jeden z najwa\u017cniejszych punkt\u00f3w tegorocznego kalendarza kulturalnego.&hellip; Czytaj wi\u0119cej &ldquo;Spotkanie autorskie z Iren\u0105 Fedorowicz-Wasilewsk\u0105 w Centralnej Bibliotece Samorz\u0105du Rejonu Wile\u0144skiego&rdquo;\u2026","og_url":"https:\/\/vrscb.lt\/pl\/spotkanie-autorskie-z-irena-fedorowicz-wasilewska-w-centralnej-bibliotece-samorzadu-rejonu-wilenskiego\/","og_site_name":"Vilniaus rajono savivaldyb\u0117s Centrin\u0117 biblioteka","article_published_time":"2025-04-16T13:32:02+00:00","article_modified_time":"2025-04-16T13:34:16+00:00","og_image":[{"width":1280,"height":853,"url":"https:\/\/vrscb.lt\/wp-content\/uploads\/2025\/04\/Apie-ka-byloja-amziai-18.jpg","type":"image\/jpeg"}],"author":"VRSCB","twitter_card":"summary_large_image","twitter_misc":{"Napisane przez":"VRSCB","Szacowany czas czytania":"6 minut"},"schema":{"@context":"https:\/\/schema.org","@graph":[{"@type":"Article","@id":"https:\/\/vrscb.lt\/pl\/spotkanie-autorskie-z-irena-fedorowicz-wasilewska-w-centralnej-bibliotece-samorzadu-rejonu-wilenskiego\/#article","isPartOf":{"@id":"https:\/\/vrscb.lt\/pl\/spotkanie-autorskie-z-irena-fedorowicz-wasilewska-w-centralnej-bibliotece-samorzadu-rejonu-wilenskiego\/"},"author":{"name":"VRSCB","@id":"https:\/\/vrscb.lt\/#\/schema\/person\/0b84365a98053f509501f91b5be6c097"},"headline":"Spotkanie autorskie z Iren\u0105 Fedorowicz-Wasilewsk\u0105 w Centralnej Bibliotece Samorz\u0105du Rejonu Wile\u0144skiego","datePublished":"2025-04-16T13:32:02+00:00","dateModified":"2025-04-16T13:34:16+00:00","mainEntityOfPage":{"@id":"https:\/\/vrscb.lt\/pl\/spotkanie-autorskie-z-irena-fedorowicz-wasilewska-w-centralnej-bibliotece-samorzadu-rejonu-wilenskiego\/"},"wordCount":327,"publisher":{"@id":"https:\/\/vrscb.lt\/#organization"},"image":{"@id":"https:\/\/vrscb.lt\/pl\/spotkanie-autorskie-z-irena-fedorowicz-wasilewska-w-centralnej-bibliotece-samorzadu-rejonu-wilenskiego\/#primaryimage"},"thumbnailUrl":"https:\/\/vrscb.lt\/wp-content\/uploads\/2025\/04\/Apie-ka-byloja-amziai-18.jpg","articleSection":["Imprezy"],"inLanguage":"pl-PL"},{"@type":"WebPage","@id":"https:\/\/vrscb.lt\/pl\/spotkanie-autorskie-z-irena-fedorowicz-wasilewska-w-centralnej-bibliotece-samorzadu-rejonu-wilenskiego\/","url":"https:\/\/vrscb.lt\/pl\/spotkanie-autorskie-z-irena-fedorowicz-wasilewska-w-centralnej-bibliotece-samorzadu-rejonu-wilenskiego\/","name":"Spotkanie autorskie z Iren\u0105 Fedorowicz-Wasilewsk\u0105 w Centralnej Bibliotece Samorz\u0105du Rejonu Wile\u0144skiego - Vilniaus rajono savivaldyb\u0117s Centrin\u0117 biblioteka","isPartOf":{"@id":"https:\/\/vrscb.lt\/#website"},"primaryImageOfPage":{"@id":"https:\/\/vrscb.lt\/pl\/spotkanie-autorskie-z-irena-fedorowicz-wasilewska-w-centralnej-bibliotece-samorzadu-rejonu-wilenskiego\/#primaryimage"},"image":{"@id":"https:\/\/vrscb.lt\/pl\/spotkanie-autorskie-z-irena-fedorowicz-wasilewska-w-centralnej-bibliotece-samorzadu-rejonu-wilenskiego\/#primaryimage"},"thumbnailUrl":"https:\/\/vrscb.lt\/wp-content\/uploads\/2025\/04\/Apie-ka-byloja-amziai-18.jpg","datePublished":"2025-04-16T13:32:02+00:00","dateModified":"2025-04-16T13:34:16+00:00","breadcrumb":{"@id":"https:\/\/vrscb.lt\/pl\/spotkanie-autorskie-z-irena-fedorowicz-wasilewska-w-centralnej-bibliotece-samorzadu-rejonu-wilenskiego\/#breadcrumb"},"inLanguage":"pl-PL","potentialAction":[{"@type":"ReadAction","target":["https:\/\/vrscb.lt\/pl\/spotkanie-autorskie-z-irena-fedorowicz-wasilewska-w-centralnej-bibliotece-samorzadu-rejonu-wilenskiego\/"]}]},{"@type":"ImageObject","inLanguage":"pl-PL","@id":"https:\/\/vrscb.lt\/pl\/spotkanie-autorskie-z-irena-fedorowicz-wasilewska-w-centralnej-bibliotece-samorzadu-rejonu-wilenskiego\/#primaryimage","url":"https:\/\/vrscb.lt\/wp-content\/uploads\/2025\/04\/Apie-ka-byloja-amziai-18.jpg","contentUrl":"https:\/\/vrscb.lt\/wp-content\/uploads\/2025\/04\/Apie-ka-byloja-amziai-18.jpg","width":1280,"height":853},{"@type":"BreadcrumbList","@id":"https:\/\/vrscb.lt\/pl\/spotkanie-autorskie-z-irena-fedorowicz-wasilewska-w-centralnej-bibliotece-samorzadu-rejonu-wilenskiego\/#breadcrumb","itemListElement":[{"@type":"ListItem","position":1,"name":"Dom","item":"https:\/\/vrscb.lt\/"},{"@type":"ListItem","position":2,"name":"Spotkanie autorskie z Iren\u0105 Fedorowicz-Wasilewsk\u0105 w Centralnej Bibliotece Samorz\u0105du Rejonu Wile\u0144skiego"}]},{"@type":"WebSite","@id":"https:\/\/vrscb.lt\/#website","url":"https:\/\/vrscb.lt\/","name":"Vilniaus rajono savivaldyb\u0117s Centrin\u0117 biblioteka","description":"Vilniaus rajono savivaldyb\u0117s Centrin\u0117 biblioteka kvie\u010dia visus prisijungti prie visuotin\u0117s pilietin\u0117s iniciatyvos \u201eAtmintis gyva, nes liudija\u201c ir u\u017edegti atminimo.","publisher":{"@id":"https:\/\/vrscb.lt\/#organization"},"potentialAction":[{"@type":"SearchAction","target":{"@type":"EntryPoint","urlTemplate":"https:\/\/vrscb.lt\/?s={search_term_string}"},"query-input":{"@type":"PropertyValueSpecification","valueRequired":true,"valueName":"search_term_string"}}],"inLanguage":"pl-PL"},{"@type":"Organization","@id":"https:\/\/vrscb.lt\/#organization","name":"Vilniaus rajono savivaldyb\u0117s Centrin\u0117 biblioteka","url":"https:\/\/vrscb.lt\/","logo":{"@type":"ImageObject","inLanguage":"pl-PL","@id":"https:\/\/vrscb.lt\/#\/schema\/logo\/image\/","url":"https:\/\/vrscb.lt\/wp-content\/uploads\/2021\/02\/LOGO_BIBLIOTEKA_RUDAMINA_2018_02_08-1.png","contentUrl":"https:\/\/vrscb.lt\/wp-content\/uploads\/2021\/02\/LOGO_BIBLIOTEKA_RUDAMINA_2018_02_08-1.png","width":1084,"height":1084,"caption":"Vilniaus rajono savivaldyb\u0117s Centrin\u0117 biblioteka"},"image":{"@id":"https:\/\/vrscb.lt\/#\/schema\/logo\/image\/"}},{"@type":"Person","@id":"https:\/\/vrscb.lt\/#\/schema\/person\/0b84365a98053f509501f91b5be6c097","name":"VRSCB","image":{"@type":"ImageObject","inLanguage":"pl-PL","@id":"https:\/\/secure.gravatar.com\/avatar\/cb8817ba573049eab6d3f0458a0218e93a27995fe49a8323902e053d82443b77?s=96&d=mm&r=g","url":"https:\/\/secure.gravatar.com\/avatar\/cb8817ba573049eab6d3f0458a0218e93a27995fe49a8323902e053d82443b77?s=96&d=mm&r=g","contentUrl":"https:\/\/secure.gravatar.com\/avatar\/cb8817ba573049eab6d3f0458a0218e93a27995fe49a8323902e053d82443b77?s=96&d=mm&r=g","caption":"VRSCB"},"url":"https:\/\/vrscb.lt\/pl\/author\/pavelas\/"}]}},"_links":{"self":[{"href":"https:\/\/vrscb.lt\/pl\/wp-json\/wp\/v2\/posts\/35537","targetHints":{"allow":["GET"]}}],"collection":[{"href":"https:\/\/vrscb.lt\/pl\/wp-json\/wp\/v2\/posts"}],"about":[{"href":"https:\/\/vrscb.lt\/pl\/wp-json\/wp\/v2\/types\/post"}],"author":[{"embeddable":true,"href":"https:\/\/vrscb.lt\/pl\/wp-json\/wp\/v2\/users\/3"}],"replies":[{"embeddable":true,"href":"https:\/\/vrscb.lt\/pl\/wp-json\/wp\/v2\/comments?post=35537"}],"version-history":[{"count":4,"href":"https:\/\/vrscb.lt\/pl\/wp-json\/wp\/v2\/posts\/35537\/revisions"}],"predecessor-version":[{"id":35542,"href":"https:\/\/vrscb.lt\/pl\/wp-json\/wp\/v2\/posts\/35537\/revisions\/35542"}],"wp:featuredmedia":[{"embeddable":true,"href":"https:\/\/vrscb.lt\/pl\/wp-json\/wp\/v2\/media\/35487"}],"wp:attachment":[{"href":"https:\/\/vrscb.lt\/pl\/wp-json\/wp\/v2\/media?parent=35537"}],"wp:term":[{"taxonomy":"category","embeddable":true,"href":"https:\/\/vrscb.lt\/pl\/wp-json\/wp\/v2\/categories?post=35537"},{"taxonomy":"post_tag","embeddable":true,"href":"https:\/\/vrscb.lt\/pl\/wp-json\/wp\/v2\/tags?post=35537"}],"curies":[{"name":"wp","href":"https:\/\/api.w.org\/{rel}","templated":true}]}}