
{"id":35919,"date":"2025-04-29T09:51:42","date_gmt":"2025-04-29T06:51:42","guid":{"rendered":"https:\/\/vrscb.lt\/?p=35919"},"modified":"2025-04-29T11:01:31","modified_gmt":"2025-04-29T08:01:31","slug":"85-lat-z-czytelnikami-centralna-biblioteka-samorzadu-rejonu-wilenskiego-zainaugurowala-jubileuszowe-obchody","status":"publish","type":"post","link":"https:\/\/vrscb.lt\/pl\/85-lat-z-czytelnikami-centralna-biblioteka-samorzadu-rejonu-wilenskiego-zainaugurowala-jubileuszowe-obchody\/","title":{"rendered":"85 lat z czytelnikami \u2013 Centralna Biblioteka Samorz\u0105du Rejonu Wile\u0144skiego zainaugurowa\u0142a jubileuszowe obchody"},"content":{"rendered":"\t\t<div data-elementor-type=\"wp-post\" data-elementor-id=\"35919\" class=\"elementor elementor-35919\" data-elementor-post-type=\"post\">\n\t\t\t\t\t\t<section class=\"elementor-section elementor-top-section elementor-element elementor-element-3897be02 elementor-section-boxed elementor-section-height-default elementor-section-height-default\" data-id=\"3897be02\" data-element_type=\"section\" data-e-type=\"section\">\n\t\t\t\t\t\t<div class=\"elementor-container elementor-column-gap-default\">\n\t\t\t\t\t<div class=\"elementor-column elementor-col-100 elementor-top-column elementor-element elementor-element-4cd2f0ee\" data-id=\"4cd2f0ee\" data-element_type=\"column\" data-e-type=\"column\">\n\t\t\t<div class=\"elementor-widget-wrap elementor-element-populated\">\n\t\t\t\t\t\t<div class=\"elementor-element elementor-element-774725e0 elementor-widget elementor-widget-text-editor\" data-id=\"774725e0\" data-element_type=\"widget\" data-e-type=\"widget\" data-widget_type=\"text-editor.default\">\n\t\t\t\t<div class=\"elementor-widget-container\">\n\t\t\t\t\t\t\t\t\t\n<p>28 kwietnia 2025 roku w Centralnej Bibliotece Samorz\u0105du Rejonu Wile\u0144skiego odby\u0142o si\u0119 uroczyste otwarcie jubileuszowej wystawy, inauguruj\u0105cej obchody 85-lecia biblioteki i jej filii. To pocz\u0105tek ca\u0142orocznych uroczysto\u015bci, kt\u00f3re nie tylko celebruj\u0105 bogat\u0105 histori\u0119 instytucji, ale tak\u017ce przypominaj\u0105 o niezmiennym znaczeniu bibliotek jako przestrzeni budowania wsp\u00f3lnoty, rozwoju kultury i promocji czytelnictwa.<\/p>\n\n\n\n<p>Jeszcze przed oficjalnym rozpocz\u0119ciem uroczysto\u015bci mia\u0142o miejsce symboliczne i niezwykle istotne wydarzenie \u2013 podpisanie umowy o wsp\u00f3\u0142pracy mi\u0119dzy Centraln\u0105 Bibliotek\u0105 Samorz\u0105du Rejonu Wile\u0144skiego a Warmi\u0144sko-Mazursk\u0105 Bibliotek\u0105 Pedagogiczn\u0105 im. Karola Wojty\u0142y w Elbl\u0105gu. Akt ten otwiera nowy rozdzia\u0142 we wzajemnych relacjach i zak\u0142ada realizacj\u0119 wsp\u00f3lnych projekt\u00f3w edukacyjnych oraz kulturalnych, kt\u00f3re wzbogac\u0105 ofert\u0119 obu instytucji.<\/p>\n\n\n\n<p>W cz\u0119\u015bci oficjalnej dyrektor Centralnej Biblioteki Samorz\u0105du Rejonu Wile\u0144skiego Miros\u0142aw Wojciulewicz, w przem\u00f3wieniu powitalnym, przybli\u017cy\u0142 ide\u0119 wystawy oraz znaczenie bibliotek w \u017cyciu lokalnych spo\u0142eczno\u015bci. Szczeg\u00f3lnie podkre\u015bli\u0142 wyj\u0105tkowo\u015b\u0107 sieci bibliotecznej rejonu wile\u0144skiego, obejmuj\u0105cej zar\u00f3wno wi\u0119ksze miejscowo\u015bci, jak i najmniejsze wsie.<\/p>\n\n\n\n<p>W\u015br\u00f3d licznie zgromadzonych go\u015bci obecni byli przedstawiciele w\u0142adz Samorz\u0105du Rejonu Wile\u0144skiego: wicemer Edyta Tamosziunaite, radni Waldemar Urban, Krystyna Boroszko, Miros\u0142awa Klim, Honorata Romanowska, starosta gminy Rudomino J\u00f3zef Szatkiewicz, dyrektorzy lokalnych szk\u00f3\u0142, przedszkoli i instytucji kulturalnych, a tak\u017ce wierni przyjaciele biblioteki.<\/p>\n\n\n\n<p>Artystycznym dope\u0142nieniem spotkania by\u0142 wyst\u0119p uczni\u00f3w Szko\u0142y Sztuk Pi\u0119knych w Rudominie. M\u0142odzi arty\u015bci, poprzez swoje muzyczne interpretacje, nadali wydarzeniu szczeg\u00f3lny, pe\u0142en wzrusze\u0144 i refleksji charakter.<\/p>\n\n\n\n<p>Po zako\u0144czeniu cz\u0119\u015bci oficjalnej go\u015bcie zostali zaproszeni do wsp\u00f3lnego \u015bwi\u0119towania przy stole z pocz\u0119stunkiem. By\u0142 to czas serdecznych rozm\u00f3w, wspomnie\u0144 oraz snucia plan\u00f3w na kolejne miesi\u0105ce jubileuszowego roku \u2013 roku, kt\u00f3ry ma sta\u0107 si\u0119 nie tylko podsumowaniem dotychczasowych osi\u0105gni\u0119\u0107, ale przede wszystkim inspiracj\u0105 do dalszego rozwoju i nowych inicjatyw.<\/p>\n\n\n\n<p>Prezentowana w Bibliotece wystawa ukazuje bogactwo i r\u00f3\u017cnorodno\u015b\u0107 bibliotek rejonu wile\u0144skiego \u2013 miejsc, w kt\u00f3rych ksi\u0105\u017cka spotyka cz\u0142owieka, a przesz\u0142o\u015b\u0107 harmonijnie wsp\u00f3\u0142istnieje z wyzwaniami tera\u017aniejszo\u015bci. Organizatorzy serdecznie zapraszaj\u0105 wszystkich mieszka\u0144c\u00f3w do odwiedzenia ekspozycji oraz do aktywnego udzia\u0142u w wydarzeniach, kt\u00f3re b\u0119d\u0105 towarzyszy\u0107 obchodom przez ca\u0142y 2025 rok.<\/p>\n\t\t\t\t\t\t\t\t<\/div>\n\t\t\t\t<\/div>\n\t\t\t\t\t<\/div>\n\t\t<\/div>\n\t\t\t\t\t<\/div>\n\t\t<\/section>\n\t\t\t\t<section class=\"elementor-section elementor-top-section elementor-element elementor-element-5313395 elementor-section-boxed elementor-section-height-default elementor-section-height-default\" data-id=\"5313395\" data-element_type=\"section\" data-e-type=\"section\">\n\t\t\t\t\t\t<div class=\"elementor-container elementor-column-gap-default\">\n\t\t\t\t\t<div class=\"elementor-column elementor-col-100 elementor-top-column elementor-element elementor-element-9c5782b\" data-id=\"9c5782b\" data-element_type=\"column\" data-e-type=\"column\">\n\t\t\t<div class=\"elementor-widget-wrap elementor-element-populated\">\n\t\t\t\t\t\t<div class=\"elementor-element elementor-element-88d64ec gallery-spacing-custom elementor-widget elementor-widget-image-gallery\" data-id=\"88d64ec\" data-element_type=\"widget\" data-e-type=\"widget\" data-widget_type=\"image-gallery.default\">\n\t\t\t\t<div class=\"elementor-widget-container\">\n\t\t\t\t\t\t\t<div class=\"elementor-image-gallery\">\n\t\t\t<div id='gallery-1' class='gallery galleryid-35919 gallery-columns-5 gallery-size-thumbnail'><figure class='gallery-item'>\n\t\t\t<div class='gallery-icon landscape'>\n\t\t\t\t<a data-elementor-open-lightbox=\"yes\" data-elementor-lightbox-slideshow=\"88d64ec\" data-elementor-lightbox-title=\"85 metai su skaitytojais (26)\" data-e-action-hash=\"#elementor-action%3Aaction%3Dlightbox%26settings%3DeyJpZCI6MzU4NzMsInVybCI6Imh0dHBzOlwvXC92cnNjYi5sdFwvd3AtY29udGVudFwvdXBsb2Fkc1wvMjAyNVwvMDRcLzg1LW1ldGFpLXN1LXNrYWl0eXRvamFpcy0yNi5qcGciLCJzbGlkZXNob3ciOiI4OGQ2NGVjIn0%3D\" href='https:\/\/vrscb.lt\/wp-content\/uploads\/2025\/04\/85-metai-su-skaitytojais-26.jpg'><img fetchpriority=\"high\" decoding=\"async\" width=\"480\" height=\"270\" src=\"https:\/\/vrscb.lt\/wp-content\/uploads\/2025\/04\/85-metai-su-skaitytojais-26-480x270.jpg\" class=\"attachment-thumbnail size-thumbnail\" alt=\"\" \/><\/a>\n\t\t\t<\/div><\/figure><figure class='gallery-item'>\n\t\t\t<div class='gallery-icon landscape'>\n\t\t\t\t<a data-elementor-open-lightbox=\"yes\" data-elementor-lightbox-slideshow=\"88d64ec\" data-elementor-lightbox-title=\"85 metai su skaitytojais (4)\" data-e-action-hash=\"#elementor-action%3Aaction%3Dlightbox%26settings%3DeyJpZCI6MzU4NzYsInVybCI6Imh0dHBzOlwvXC92cnNjYi5sdFwvd3AtY29udGVudFwvdXBsb2Fkc1wvMjAyNVwvMDRcLzg1LW1ldGFpLXN1LXNrYWl0eXRvamFpcy00LmpwZyIsInNsaWRlc2hvdyI6Ijg4ZDY0ZWMifQ%3D%3D\" href='https:\/\/vrscb.lt\/wp-content\/uploads\/2025\/04\/85-metai-su-skaitytojais-4.jpg'><img decoding=\"async\" width=\"480\" height=\"270\" src=\"https:\/\/vrscb.lt\/wp-content\/uploads\/2025\/04\/85-metai-su-skaitytojais-4-480x270.jpg\" class=\"attachment-thumbnail size-thumbnail\" alt=\"\" \/><\/a>\n\t\t\t<\/div><\/figure><figure class='gallery-item'>\n\t\t\t<div class='gallery-icon landscape'>\n\t\t\t\t<a data-elementor-open-lightbox=\"yes\" data-elementor-lightbox-slideshow=\"88d64ec\" data-elementor-lightbox-title=\"85 metai su skaitytojais (6)\" data-e-action-hash=\"#elementor-action%3Aaction%3Dlightbox%26settings%3DeyJpZCI6MzU4NzgsInVybCI6Imh0dHBzOlwvXC92cnNjYi5sdFwvd3AtY29udGVudFwvdXBsb2Fkc1wvMjAyNVwvMDRcLzg1LW1ldGFpLXN1LXNrYWl0eXRvamFpcy02LmpwZyIsInNsaWRlc2hvdyI6Ijg4ZDY0ZWMifQ%3D%3D\" href='https:\/\/vrscb.lt\/wp-content\/uploads\/2025\/04\/85-metai-su-skaitytojais-6.jpg'><img decoding=\"async\" width=\"480\" height=\"270\" src=\"https:\/\/vrscb.lt\/wp-content\/uploads\/2025\/04\/85-metai-su-skaitytojais-6-480x270.jpg\" class=\"attachment-thumbnail size-thumbnail\" alt=\"\" \/><\/a>\n\t\t\t<\/div><\/figure><figure class='gallery-item'>\n\t\t\t<div class='gallery-icon landscape'>\n\t\t\t\t<a data-elementor-open-lightbox=\"yes\" data-elementor-lightbox-slideshow=\"88d64ec\" data-elementor-lightbox-title=\"85 metai su skaitytojais (7)\" data-e-action-hash=\"#elementor-action%3Aaction%3Dlightbox%26settings%3DeyJpZCI6MzU4ODAsInVybCI6Imh0dHBzOlwvXC92cnNjYi5sdFwvd3AtY29udGVudFwvdXBsb2Fkc1wvMjAyNVwvMDRcLzg1LW1ldGFpLXN1LXNrYWl0eXRvamFpcy03LmpwZyIsInNsaWRlc2hvdyI6Ijg4ZDY0ZWMifQ%3D%3D\" href='https:\/\/vrscb.lt\/wp-content\/uploads\/2025\/04\/85-metai-su-skaitytojais-7.jpg'><img loading=\"lazy\" decoding=\"async\" width=\"480\" height=\"270\" src=\"https:\/\/vrscb.lt\/wp-content\/uploads\/2025\/04\/85-metai-su-skaitytojais-7-480x270.jpg\" class=\"attachment-thumbnail size-thumbnail\" alt=\"\" \/><\/a>\n\t\t\t<\/div><\/figure><figure class='gallery-item'>\n\t\t\t<div class='gallery-icon landscape'>\n\t\t\t\t<a data-elementor-open-lightbox=\"yes\" data-elementor-lightbox-slideshow=\"88d64ec\" data-elementor-lightbox-title=\"85 metai su skaitytojais (8)\" data-e-action-hash=\"#elementor-action%3Aaction%3Dlightbox%26settings%3DeyJpZCI6MzU4ODIsInVybCI6Imh0dHBzOlwvXC92cnNjYi5sdFwvd3AtY29udGVudFwvdXBsb2Fkc1wvMjAyNVwvMDRcLzg1LW1ldGFpLXN1LXNrYWl0eXRvamFpcy04LmpwZyIsInNsaWRlc2hvdyI6Ijg4ZDY0ZWMifQ%3D%3D\" href='https:\/\/vrscb.lt\/wp-content\/uploads\/2025\/04\/85-metai-su-skaitytojais-8.jpg'><img loading=\"lazy\" decoding=\"async\" width=\"480\" height=\"270\" src=\"https:\/\/vrscb.lt\/wp-content\/uploads\/2025\/04\/85-metai-su-skaitytojais-8-480x270.jpg\" class=\"attachment-thumbnail size-thumbnail\" alt=\"\" \/><\/a>\n\t\t\t<\/div><\/figure><figure class='gallery-item'>\n\t\t\t<div class='gallery-icon landscape'>\n\t\t\t\t<a data-elementor-open-lightbox=\"yes\" data-elementor-lightbox-slideshow=\"88d64ec\" data-elementor-lightbox-title=\"85 metai su skaitytojais (9)\" data-e-action-hash=\"#elementor-action%3Aaction%3Dlightbox%26settings%3DeyJpZCI6MzU4ODQsInVybCI6Imh0dHBzOlwvXC92cnNjYi5sdFwvd3AtY29udGVudFwvdXBsb2Fkc1wvMjAyNVwvMDRcLzg1LW1ldGFpLXN1LXNrYWl0eXRvamFpcy05LmpwZyIsInNsaWRlc2hvdyI6Ijg4ZDY0ZWMifQ%3D%3D\" href='https:\/\/vrscb.lt\/wp-content\/uploads\/2025\/04\/85-metai-su-skaitytojais-9.jpg'><img loading=\"lazy\" decoding=\"async\" width=\"480\" height=\"270\" src=\"https:\/\/vrscb.lt\/wp-content\/uploads\/2025\/04\/85-metai-su-skaitytojais-9-480x270.jpg\" class=\"attachment-thumbnail size-thumbnail\" alt=\"\" \/><\/a>\n\t\t\t<\/div><\/figure><figure class='gallery-item'>\n\t\t\t<div class='gallery-icon landscape'>\n\t\t\t\t<a data-elementor-open-lightbox=\"yes\" data-elementor-lightbox-slideshow=\"88d64ec\" data-elementor-lightbox-title=\"85 metai su skaitytojais (10)\" data-e-action-hash=\"#elementor-action%3Aaction%3Dlightbox%26settings%3DeyJpZCI6MzU4ODYsInVybCI6Imh0dHBzOlwvXC92cnNjYi5sdFwvd3AtY29udGVudFwvdXBsb2Fkc1wvMjAyNVwvMDRcLzg1LW1ldGFpLXN1LXNrYWl0eXRvamFpcy0xMC5qcGciLCJzbGlkZXNob3ciOiI4OGQ2NGVjIn0%3D\" href='https:\/\/vrscb.lt\/wp-content\/uploads\/2025\/04\/85-metai-su-skaitytojais-10.jpg'><img loading=\"lazy\" decoding=\"async\" width=\"480\" height=\"270\" src=\"https:\/\/vrscb.lt\/wp-content\/uploads\/2025\/04\/85-metai-su-skaitytojais-10-480x270.jpg\" class=\"attachment-thumbnail size-thumbnail\" alt=\"\" \/><\/a>\n\t\t\t<\/div><\/figure><figure class='gallery-item'>\n\t\t\t<div class='gallery-icon landscape'>\n\t\t\t\t<a data-elementor-open-lightbox=\"yes\" data-elementor-lightbox-slideshow=\"88d64ec\" data-elementor-lightbox-title=\"85 metai su skaitytojais (11)\" data-e-action-hash=\"#elementor-action%3Aaction%3Dlightbox%26settings%3DeyJpZCI6MzU4ODgsInVybCI6Imh0dHBzOlwvXC92cnNjYi5sdFwvd3AtY29udGVudFwvdXBsb2Fkc1wvMjAyNVwvMDRcLzg1LW1ldGFpLXN1LXNrYWl0eXRvamFpcy0xMS5qcGciLCJzbGlkZXNob3ciOiI4OGQ2NGVjIn0%3D\" href='https:\/\/vrscb.lt\/wp-content\/uploads\/2025\/04\/85-metai-su-skaitytojais-11.jpg'><img loading=\"lazy\" decoding=\"async\" width=\"480\" height=\"270\" src=\"https:\/\/vrscb.lt\/wp-content\/uploads\/2025\/04\/85-metai-su-skaitytojais-11-480x270.jpg\" class=\"attachment-thumbnail size-thumbnail\" alt=\"\" \/><\/a>\n\t\t\t<\/div><\/figure><figure class='gallery-item'>\n\t\t\t<div class='gallery-icon landscape'>\n\t\t\t\t<a data-elementor-open-lightbox=\"yes\" data-elementor-lightbox-slideshow=\"88d64ec\" data-elementor-lightbox-title=\"85 metai su skaitytojais (12)\" data-e-action-hash=\"#elementor-action%3Aaction%3Dlightbox%26settings%3DeyJpZCI6MzU4OTAsInVybCI6Imh0dHBzOlwvXC92cnNjYi5sdFwvd3AtY29udGVudFwvdXBsb2Fkc1wvMjAyNVwvMDRcLzg1LW1ldGFpLXN1LXNrYWl0eXRvamFpcy0xMi5qcGciLCJzbGlkZXNob3ciOiI4OGQ2NGVjIn0%3D\" href='https:\/\/vrscb.lt\/wp-content\/uploads\/2025\/04\/85-metai-su-skaitytojais-12.jpg'><img loading=\"lazy\" decoding=\"async\" width=\"480\" height=\"270\" src=\"https:\/\/vrscb.lt\/wp-content\/uploads\/2025\/04\/85-metai-su-skaitytojais-12-480x270.jpg\" class=\"attachment-thumbnail size-thumbnail\" alt=\"\" \/><\/a>\n\t\t\t<\/div><\/figure><figure class='gallery-item'>\n\t\t\t<div class='gallery-icon landscape'>\n\t\t\t\t<a data-elementor-open-lightbox=\"yes\" data-elementor-lightbox-slideshow=\"88d64ec\" data-elementor-lightbox-title=\"85 metai su skaitytojais (13)\" data-e-action-hash=\"#elementor-action%3Aaction%3Dlightbox%26settings%3DeyJpZCI6MzU4OTIsInVybCI6Imh0dHBzOlwvXC92cnNjYi5sdFwvd3AtY29udGVudFwvdXBsb2Fkc1wvMjAyNVwvMDRcLzg1LW1ldGFpLXN1LXNrYWl0eXRvamFpcy0xMy5qcGciLCJzbGlkZXNob3ciOiI4OGQ2NGVjIn0%3D\" href='https:\/\/vrscb.lt\/wp-content\/uploads\/2025\/04\/85-metai-su-skaitytojais-13.jpg'><img loading=\"lazy\" decoding=\"async\" width=\"480\" height=\"270\" src=\"https:\/\/vrscb.lt\/wp-content\/uploads\/2025\/04\/85-metai-su-skaitytojais-13-480x270.jpg\" class=\"attachment-thumbnail size-thumbnail\" alt=\"\" \/><\/a>\n\t\t\t<\/div><\/figure><figure class='gallery-item'>\n\t\t\t<div class='gallery-icon landscape'>\n\t\t\t\t<a data-elementor-open-lightbox=\"yes\" data-elementor-lightbox-slideshow=\"88d64ec\" data-elementor-lightbox-title=\"85 metai su skaitytojais (14)\" data-e-action-hash=\"#elementor-action%3Aaction%3Dlightbox%26settings%3DeyJpZCI6MzU4OTQsInVybCI6Imh0dHBzOlwvXC92cnNjYi5sdFwvd3AtY29udGVudFwvdXBsb2Fkc1wvMjAyNVwvMDRcLzg1LW1ldGFpLXN1LXNrYWl0eXRvamFpcy0xNC5qcGciLCJzbGlkZXNob3ciOiI4OGQ2NGVjIn0%3D\" href='https:\/\/vrscb.lt\/wp-content\/uploads\/2025\/04\/85-metai-su-skaitytojais-14.jpg'><img loading=\"lazy\" decoding=\"async\" width=\"480\" height=\"270\" src=\"https:\/\/vrscb.lt\/wp-content\/uploads\/2025\/04\/85-metai-su-skaitytojais-14-480x270.jpg\" class=\"attachment-thumbnail size-thumbnail\" alt=\"\" \/><\/a>\n\t\t\t<\/div><\/figure><figure class='gallery-item'>\n\t\t\t<div class='gallery-icon landscape'>\n\t\t\t\t<a data-elementor-open-lightbox=\"yes\" data-elementor-lightbox-slideshow=\"88d64ec\" data-elementor-lightbox-title=\"85 metai su skaitytojais (15)\" data-e-action-hash=\"#elementor-action%3Aaction%3Dlightbox%26settings%3DeyJpZCI6MzU4OTYsInVybCI6Imh0dHBzOlwvXC92cnNjYi5sdFwvd3AtY29udGVudFwvdXBsb2Fkc1wvMjAyNVwvMDRcLzg1LW1ldGFpLXN1LXNrYWl0eXRvamFpcy0xNS5qcGciLCJzbGlkZXNob3ciOiI4OGQ2NGVjIn0%3D\" href='https:\/\/vrscb.lt\/wp-content\/uploads\/2025\/04\/85-metai-su-skaitytojais-15.jpg'><img loading=\"lazy\" decoding=\"async\" width=\"480\" height=\"270\" src=\"https:\/\/vrscb.lt\/wp-content\/uploads\/2025\/04\/85-metai-su-skaitytojais-15-480x270.jpg\" class=\"attachment-thumbnail size-thumbnail\" alt=\"\" \/><\/a>\n\t\t\t<\/div><\/figure><figure class='gallery-item'>\n\t\t\t<div class='gallery-icon landscape'>\n\t\t\t\t<a data-elementor-open-lightbox=\"yes\" data-elementor-lightbox-slideshow=\"88d64ec\" data-elementor-lightbox-title=\"85 metai su skaitytojais (16)\" data-e-action-hash=\"#elementor-action%3Aaction%3Dlightbox%26settings%3DeyJpZCI6MzU4OTgsInVybCI6Imh0dHBzOlwvXC92cnNjYi5sdFwvd3AtY29udGVudFwvdXBsb2Fkc1wvMjAyNVwvMDRcLzg1LW1ldGFpLXN1LXNrYWl0eXRvamFpcy0xNi5qcGciLCJzbGlkZXNob3ciOiI4OGQ2NGVjIn0%3D\" href='https:\/\/vrscb.lt\/wp-content\/uploads\/2025\/04\/85-metai-su-skaitytojais-16.jpg'><img loading=\"lazy\" decoding=\"async\" width=\"480\" height=\"270\" src=\"https:\/\/vrscb.lt\/wp-content\/uploads\/2025\/04\/85-metai-su-skaitytojais-16-480x270.jpg\" class=\"attachment-thumbnail size-thumbnail\" alt=\"\" \/><\/a>\n\t\t\t<\/div><\/figure><figure class='gallery-item'>\n\t\t\t<div class='gallery-icon landscape'>\n\t\t\t\t<a data-elementor-open-lightbox=\"yes\" data-elementor-lightbox-slideshow=\"88d64ec\" data-elementor-lightbox-title=\"85 metai su skaitytojais (17)\" data-e-action-hash=\"#elementor-action%3Aaction%3Dlightbox%26settings%3DeyJpZCI6MzU5MDAsInVybCI6Imh0dHBzOlwvXC92cnNjYi5sdFwvd3AtY29udGVudFwvdXBsb2Fkc1wvMjAyNVwvMDRcLzg1LW1ldGFpLXN1LXNrYWl0eXRvamFpcy0xNy5qcGciLCJzbGlkZXNob3ciOiI4OGQ2NGVjIn0%3D\" href='https:\/\/vrscb.lt\/wp-content\/uploads\/2025\/04\/85-metai-su-skaitytojais-17.jpg'><img loading=\"lazy\" decoding=\"async\" width=\"480\" height=\"270\" src=\"https:\/\/vrscb.lt\/wp-content\/uploads\/2025\/04\/85-metai-su-skaitytojais-17-480x270.jpg\" class=\"attachment-thumbnail size-thumbnail\" alt=\"\" \/><\/a>\n\t\t\t<\/div><\/figure><figure class='gallery-item'>\n\t\t\t<div class='gallery-icon landscape'>\n\t\t\t\t<a data-elementor-open-lightbox=\"yes\" data-elementor-lightbox-slideshow=\"88d64ec\" data-elementor-lightbox-title=\"85 metai su skaitytojais (18)\" data-e-action-hash=\"#elementor-action%3Aaction%3Dlightbox%26settings%3DeyJpZCI6MzU5MDIsInVybCI6Imh0dHBzOlwvXC92cnNjYi5sdFwvd3AtY29udGVudFwvdXBsb2Fkc1wvMjAyNVwvMDRcLzg1LW1ldGFpLXN1LXNrYWl0eXRvamFpcy0xOC5qcGciLCJzbGlkZXNob3ciOiI4OGQ2NGVjIn0%3D\" href='https:\/\/vrscb.lt\/wp-content\/uploads\/2025\/04\/85-metai-su-skaitytojais-18.jpg'><img loading=\"lazy\" decoding=\"async\" width=\"480\" height=\"270\" src=\"https:\/\/vrscb.lt\/wp-content\/uploads\/2025\/04\/85-metai-su-skaitytojais-18-480x270.jpg\" class=\"attachment-thumbnail size-thumbnail\" alt=\"\" \/><\/a>\n\t\t\t<\/div><\/figure><figure class='gallery-item'>\n\t\t\t<div class='gallery-icon landscape'>\n\t\t\t\t<a data-elementor-open-lightbox=\"yes\" data-elementor-lightbox-slideshow=\"88d64ec\" data-elementor-lightbox-title=\"85 metai su skaitytojais (20)\" data-e-action-hash=\"#elementor-action%3Aaction%3Dlightbox%26settings%3DeyJpZCI6MzU5MDQsInVybCI6Imh0dHBzOlwvXC92cnNjYi5sdFwvd3AtY29udGVudFwvdXBsb2Fkc1wvMjAyNVwvMDRcLzg1LW1ldGFpLXN1LXNrYWl0eXRvamFpcy0yMC5qcGciLCJzbGlkZXNob3ciOiI4OGQ2NGVjIn0%3D\" href='https:\/\/vrscb.lt\/wp-content\/uploads\/2025\/04\/85-metai-su-skaitytojais-20.jpg'><img loading=\"lazy\" decoding=\"async\" width=\"480\" height=\"270\" src=\"https:\/\/vrscb.lt\/wp-content\/uploads\/2025\/04\/85-metai-su-skaitytojais-20-480x270.jpg\" class=\"attachment-thumbnail size-thumbnail\" alt=\"\" \/><\/a>\n\t\t\t<\/div><\/figure><figure class='gallery-item'>\n\t\t\t<div class='gallery-icon landscape'>\n\t\t\t\t<a data-elementor-open-lightbox=\"yes\" data-elementor-lightbox-slideshow=\"88d64ec\" data-elementor-lightbox-title=\"85 metai su skaitytojais (22)\" data-e-action-hash=\"#elementor-action%3Aaction%3Dlightbox%26settings%3DeyJpZCI6MzU5MDYsInVybCI6Imh0dHBzOlwvXC92cnNjYi5sdFwvd3AtY29udGVudFwvdXBsb2Fkc1wvMjAyNVwvMDRcLzg1LW1ldGFpLXN1LXNrYWl0eXRvamFpcy0yMi5qcGciLCJzbGlkZXNob3ciOiI4OGQ2NGVjIn0%3D\" href='https:\/\/vrscb.lt\/wp-content\/uploads\/2025\/04\/85-metai-su-skaitytojais-22.jpg'><img loading=\"lazy\" decoding=\"async\" width=\"480\" height=\"270\" src=\"https:\/\/vrscb.lt\/wp-content\/uploads\/2025\/04\/85-metai-su-skaitytojais-22-480x270.jpg\" class=\"attachment-thumbnail size-thumbnail\" alt=\"\" \/><\/a>\n\t\t\t<\/div><\/figure><figure class='gallery-item'>\n\t\t\t<div class='gallery-icon landscape'>\n\t\t\t\t<a data-elementor-open-lightbox=\"yes\" data-elementor-lightbox-slideshow=\"88d64ec\" data-elementor-lightbox-title=\"85 metai su skaitytojais (23)\" data-e-action-hash=\"#elementor-action%3Aaction%3Dlightbox%26settings%3DeyJpZCI6MzU5MDgsInVybCI6Imh0dHBzOlwvXC92cnNjYi5sdFwvd3AtY29udGVudFwvdXBsb2Fkc1wvMjAyNVwvMDRcLzg1LW1ldGFpLXN1LXNrYWl0eXRvamFpcy0yMy5qcGciLCJzbGlkZXNob3ciOiI4OGQ2NGVjIn0%3D\" href='https:\/\/vrscb.lt\/wp-content\/uploads\/2025\/04\/85-metai-su-skaitytojais-23.jpg'><img loading=\"lazy\" decoding=\"async\" width=\"480\" height=\"270\" src=\"https:\/\/vrscb.lt\/wp-content\/uploads\/2025\/04\/85-metai-su-skaitytojais-23-480x270.jpg\" class=\"attachment-thumbnail size-thumbnail\" alt=\"\" \/><\/a>\n\t\t\t<\/div><\/figure><figure class='gallery-item'>\n\t\t\t<div class='gallery-icon landscape'>\n\t\t\t\t<a data-elementor-open-lightbox=\"yes\" data-elementor-lightbox-slideshow=\"88d64ec\" data-elementor-lightbox-title=\"85 metai su skaitytojais (24)\" data-e-action-hash=\"#elementor-action%3Aaction%3Dlightbox%26settings%3DeyJpZCI6MzU5MTAsInVybCI6Imh0dHBzOlwvXC92cnNjYi5sdFwvd3AtY29udGVudFwvdXBsb2Fkc1wvMjAyNVwvMDRcLzg1LW1ldGFpLXN1LXNrYWl0eXRvamFpcy0yNC5qcGciLCJzbGlkZXNob3ciOiI4OGQ2NGVjIn0%3D\" href='https:\/\/vrscb.lt\/wp-content\/uploads\/2025\/04\/85-metai-su-skaitytojais-24.jpg'><img loading=\"lazy\" decoding=\"async\" width=\"480\" height=\"270\" src=\"https:\/\/vrscb.lt\/wp-content\/uploads\/2025\/04\/85-metai-su-skaitytojais-24-480x270.jpg\" class=\"attachment-thumbnail size-thumbnail\" alt=\"\" \/><\/a>\n\t\t\t<\/div><\/figure><figure class='gallery-item'>\n\t\t\t<div class='gallery-icon landscape'>\n\t\t\t\t<a data-elementor-open-lightbox=\"yes\" data-elementor-lightbox-slideshow=\"88d64ec\" data-elementor-lightbox-title=\"85 metai su skaitytojais (25)\" data-e-action-hash=\"#elementor-action%3Aaction%3Dlightbox%26settings%3DeyJpZCI6MzU5MTIsInVybCI6Imh0dHBzOlwvXC92cnNjYi5sdFwvd3AtY29udGVudFwvdXBsb2Fkc1wvMjAyNVwvMDRcLzg1LW1ldGFpLXN1LXNrYWl0eXRvamFpcy0yNS5qcGciLCJzbGlkZXNob3ciOiI4OGQ2NGVjIn0%3D\" href='https:\/\/vrscb.lt\/wp-content\/uploads\/2025\/04\/85-metai-su-skaitytojais-25.jpg'><img loading=\"lazy\" decoding=\"async\" width=\"480\" height=\"270\" src=\"https:\/\/vrscb.lt\/wp-content\/uploads\/2025\/04\/85-metai-su-skaitytojais-25-480x270.jpg\" class=\"attachment-thumbnail size-thumbnail\" alt=\"\" \/><\/a>\n\t\t\t<\/div><\/figure>\n\t\t<\/div>\n\t\t<\/div>\n\t\t\t\t\t\t<\/div>\n\t\t\t\t<\/div>\n\t\t\t\t\t<\/div>\n\t\t<\/div>\n\t\t\t\t\t<\/div>\n\t\t<\/section>\n\t\t\t\t<\/div>\n\t\t","protected":false},"excerpt":{"rendered":"<div class=\"entry-summary\">\n28 kwietnia 2025 roku w Centralnej Bibliotece Samorz\u0105du Rejonu Wile\u0144skiego odby\u0142o si\u0119 uroczyste otwarcie jubileuszowej wystawy, inauguruj\u0105cej obchody 85-lecia biblioteki i jej filii. To pocz\u0105tek ca\u0142orocznych uroczysto\u015bci, kt\u00f3re nie tylko celebruj\u0105 bogat\u0105 histori\u0119 instytucji, ale tak\u017ce przypominaj\u0105 o niezmiennym znaczeniu&hellip;\n<\/div>\n<div class=\"link-more\"><a href=\"https:\/\/vrscb.lt\/pl\/85-lat-z-czytelnikami-centralna-biblioteka-samorzadu-rejonu-wilenskiego-zainaugurowala-jubileuszowe-obchody\/\" class=\"more-link\">Czytaj wi\u0119cej<span class=\"screen-reader-text\"> &ldquo;85 lat z czytelnikami \u2013 Centralna Biblioteka Samorz\u0105du Rejonu Wile\u0144skiego zainaugurowa\u0142a jubileuszowe obchody&rdquo;<\/span>\u2026<\/a><\/div>\n","protected":false},"author":3,"featured_media":35873,"comment_status":"closed","ping_status":"closed","sticky":false,"template":"","format":"standard","meta":{"_acf_changed":false,"footnotes":""},"categories":[96],"tags":[],"class_list":["post-35919","post","type-post","status-publish","format-standard","has-post-thumbnail","hentry","category-imprezy","entry"],"acf":[],"yoast_head":"<!-- This site is optimized with the Yoast SEO plugin v27.5 - https:\/\/yoast.com\/product\/yoast-seo-wordpress\/ -->\n<title>85 lat z czytelnikami \u2013 Centralna Biblioteka Samorz\u0105du Rejonu Wile\u0144skiego zainaugurowa\u0142a jubileuszowe obchody - Vilniaus rajono savivaldyb\u0117s Centrin\u0117 biblioteka<\/title>\n<meta name=\"robots\" content=\"index, follow, max-snippet:-1, max-image-preview:large, max-video-preview:-1\" \/>\n<link rel=\"canonical\" href=\"https:\/\/vrscb.lt\/pl\/85-lat-z-czytelnikami-centralna-biblioteka-samorzadu-rejonu-wilenskiego-zainaugurowala-jubileuszowe-obchody\/\" \/>\n<meta property=\"og:locale\" content=\"pl_PL\" \/>\n<meta property=\"og:type\" content=\"article\" \/>\n<meta property=\"og:title\" content=\"85 lat z czytelnikami \u2013 Centralna Biblioteka Samorz\u0105du Rejonu Wile\u0144skiego zainaugurowa\u0142a jubileuszowe obchody - Vilniaus rajono savivaldyb\u0117s Centrin\u0117 biblioteka\" \/>\n<meta property=\"og:description\" content=\"28 kwietnia 2025 roku w Centralnej Bibliotece Samorz\u0105du Rejonu Wile\u0144skiego odby\u0142o si\u0119 uroczyste otwarcie jubileuszowej wystawy, inauguruj\u0105cej obchody 85-lecia biblioteki i jej filii. To pocz\u0105tek ca\u0142orocznych uroczysto\u015bci, kt\u00f3re nie tylko celebruj\u0105 bogat\u0105 histori\u0119 instytucji, ale tak\u017ce przypominaj\u0105 o niezmiennym znaczeniu&hellip; Czytaj wi\u0119cej &ldquo;85 lat z czytelnikami \u2013 Centralna Biblioteka Samorz\u0105du Rejonu Wile\u0144skiego zainaugurowa\u0142a jubileuszowe obchody&rdquo;\u2026\" \/>\n<meta property=\"og:url\" content=\"https:\/\/vrscb.lt\/pl\/85-lat-z-czytelnikami-centralna-biblioteka-samorzadu-rejonu-wilenskiego-zainaugurowala-jubileuszowe-obchody\/\" \/>\n<meta property=\"og:site_name\" content=\"Vilniaus rajono savivaldyb\u0117s Centrin\u0117 biblioteka\" \/>\n<meta property=\"article:published_time\" content=\"2025-04-29T06:51:42+00:00\" \/>\n<meta property=\"article:modified_time\" content=\"2025-04-29T08:01:31+00:00\" \/>\n<meta property=\"og:image\" content=\"https:\/\/vrscb.lt\/wp-content\/uploads\/2025\/04\/85-metai-su-skaitytojais-26.jpg\" \/>\n\t<meta property=\"og:image:width\" content=\"1280\" \/>\n\t<meta property=\"og:image:height\" content=\"853\" \/>\n\t<meta property=\"og:image:type\" content=\"image\/jpeg\" \/>\n<meta name=\"author\" content=\"VRSCB\" \/>\n<meta name=\"twitter:card\" content=\"summary_large_image\" \/>\n<meta name=\"twitter:label1\" content=\"Napisane przez\" \/>\n\t<meta name=\"twitter:data1\" content=\"VRSCB\" \/>\n\t<meta name=\"twitter:label2\" content=\"Szacowany czas czytania\" \/>\n\t<meta name=\"twitter:data2\" content=\"6 minut\" \/>\n<script type=\"application\/ld+json\" class=\"yoast-schema-graph\">{\"@context\":\"https:\\\/\\\/schema.org\",\"@graph\":[{\"@type\":\"Article\",\"@id\":\"https:\\\/\\\/vrscb.lt\\\/pl\\\/85-lat-z-czytelnikami-centralna-biblioteka-samorzadu-rejonu-wilenskiego-zainaugurowala-jubileuszowe-obchody\\\/#article\",\"isPartOf\":{\"@id\":\"https:\\\/\\\/vrscb.lt\\\/pl\\\/85-lat-z-czytelnikami-centralna-biblioteka-samorzadu-rejonu-wilenskiego-zainaugurowala-jubileuszowe-obchody\\\/\"},\"author\":{\"name\":\"VRSCB\",\"@id\":\"https:\\\/\\\/vrscb.lt\\\/#\\\/schema\\\/person\\\/0b84365a98053f509501f91b5be6c097\"},\"headline\":\"85 lat z czytelnikami \u2013 Centralna Biblioteka Samorz\u0105du Rejonu Wile\u0144skiego zainaugurowa\u0142a jubileuszowe obchody\",\"datePublished\":\"2025-04-29T06:51:42+00:00\",\"dateModified\":\"2025-04-29T08:01:31+00:00\",\"mainEntityOfPage\":{\"@id\":\"https:\\\/\\\/vrscb.lt\\\/pl\\\/85-lat-z-czytelnikami-centralna-biblioteka-samorzadu-rejonu-wilenskiego-zainaugurowala-jubileuszowe-obchody\\\/\"},\"wordCount\":395,\"publisher\":{\"@id\":\"https:\\\/\\\/vrscb.lt\\\/#organization\"},\"image\":{\"@id\":\"https:\\\/\\\/vrscb.lt\\\/pl\\\/85-lat-z-czytelnikami-centralna-biblioteka-samorzadu-rejonu-wilenskiego-zainaugurowala-jubileuszowe-obchody\\\/#primaryimage\"},\"thumbnailUrl\":\"https:\\\/\\\/vrscb.lt\\\/wp-content\\\/uploads\\\/2025\\\/04\\\/85-metai-su-skaitytojais-26.jpg\",\"articleSection\":[\"Imprezy\"],\"inLanguage\":\"pl-PL\"},{\"@type\":\"WebPage\",\"@id\":\"https:\\\/\\\/vrscb.lt\\\/pl\\\/85-lat-z-czytelnikami-centralna-biblioteka-samorzadu-rejonu-wilenskiego-zainaugurowala-jubileuszowe-obchody\\\/\",\"url\":\"https:\\\/\\\/vrscb.lt\\\/pl\\\/85-lat-z-czytelnikami-centralna-biblioteka-samorzadu-rejonu-wilenskiego-zainaugurowala-jubileuszowe-obchody\\\/\",\"name\":\"85 lat z czytelnikami \u2013 Centralna Biblioteka Samorz\u0105du Rejonu Wile\u0144skiego zainaugurowa\u0142a jubileuszowe obchody - Vilniaus rajono savivaldyb\u0117s Centrin\u0117 biblioteka\",\"isPartOf\":{\"@id\":\"https:\\\/\\\/vrscb.lt\\\/#website\"},\"primaryImageOfPage\":{\"@id\":\"https:\\\/\\\/vrscb.lt\\\/pl\\\/85-lat-z-czytelnikami-centralna-biblioteka-samorzadu-rejonu-wilenskiego-zainaugurowala-jubileuszowe-obchody\\\/#primaryimage\"},\"image\":{\"@id\":\"https:\\\/\\\/vrscb.lt\\\/pl\\\/85-lat-z-czytelnikami-centralna-biblioteka-samorzadu-rejonu-wilenskiego-zainaugurowala-jubileuszowe-obchody\\\/#primaryimage\"},\"thumbnailUrl\":\"https:\\\/\\\/vrscb.lt\\\/wp-content\\\/uploads\\\/2025\\\/04\\\/85-metai-su-skaitytojais-26.jpg\",\"datePublished\":\"2025-04-29T06:51:42+00:00\",\"dateModified\":\"2025-04-29T08:01:31+00:00\",\"breadcrumb\":{\"@id\":\"https:\\\/\\\/vrscb.lt\\\/pl\\\/85-lat-z-czytelnikami-centralna-biblioteka-samorzadu-rejonu-wilenskiego-zainaugurowala-jubileuszowe-obchody\\\/#breadcrumb\"},\"inLanguage\":\"pl-PL\",\"potentialAction\":[{\"@type\":\"ReadAction\",\"target\":[\"https:\\\/\\\/vrscb.lt\\\/pl\\\/85-lat-z-czytelnikami-centralna-biblioteka-samorzadu-rejonu-wilenskiego-zainaugurowala-jubileuszowe-obchody\\\/\"]}]},{\"@type\":\"ImageObject\",\"inLanguage\":\"pl-PL\",\"@id\":\"https:\\\/\\\/vrscb.lt\\\/pl\\\/85-lat-z-czytelnikami-centralna-biblioteka-samorzadu-rejonu-wilenskiego-zainaugurowala-jubileuszowe-obchody\\\/#primaryimage\",\"url\":\"https:\\\/\\\/vrscb.lt\\\/wp-content\\\/uploads\\\/2025\\\/04\\\/85-metai-su-skaitytojais-26.jpg\",\"contentUrl\":\"https:\\\/\\\/vrscb.lt\\\/wp-content\\\/uploads\\\/2025\\\/04\\\/85-metai-su-skaitytojais-26.jpg\",\"width\":1280,\"height\":853},{\"@type\":\"BreadcrumbList\",\"@id\":\"https:\\\/\\\/vrscb.lt\\\/pl\\\/85-lat-z-czytelnikami-centralna-biblioteka-samorzadu-rejonu-wilenskiego-zainaugurowala-jubileuszowe-obchody\\\/#breadcrumb\",\"itemListElement\":[{\"@type\":\"ListItem\",\"position\":1,\"name\":\"Dom\",\"item\":\"https:\\\/\\\/vrscb.lt\\\/\"},{\"@type\":\"ListItem\",\"position\":2,\"name\":\"85 lat z czytelnikami \u2013 Centralna Biblioteka Samorz\u0105du Rejonu Wile\u0144skiego zainaugurowa\u0142a jubileuszowe obchody\"}]},{\"@type\":\"WebSite\",\"@id\":\"https:\\\/\\\/vrscb.lt\\\/#website\",\"url\":\"https:\\\/\\\/vrscb.lt\\\/\",\"name\":\"Vilniaus rajono savivaldyb\u0117s Centrin\u0117 biblioteka\",\"description\":\"Vilniaus rajono savivaldyb\u0117s Centrin\u0117 biblioteka kvie\u010dia visus prisijungti prie visuotin\u0117s pilietin\u0117s iniciatyvos \u201eAtmintis gyva, nes liudija\u201c ir u\u017edegti atminimo.\",\"publisher\":{\"@id\":\"https:\\\/\\\/vrscb.lt\\\/#organization\"},\"potentialAction\":[{\"@type\":\"SearchAction\",\"target\":{\"@type\":\"EntryPoint\",\"urlTemplate\":\"https:\\\/\\\/vrscb.lt\\\/?s={search_term_string}\"},\"query-input\":{\"@type\":\"PropertyValueSpecification\",\"valueRequired\":true,\"valueName\":\"search_term_string\"}}],\"inLanguage\":\"pl-PL\"},{\"@type\":\"Organization\",\"@id\":\"https:\\\/\\\/vrscb.lt\\\/#organization\",\"name\":\"Vilniaus rajono savivaldyb\u0117s Centrin\u0117 biblioteka\",\"url\":\"https:\\\/\\\/vrscb.lt\\\/\",\"logo\":{\"@type\":\"ImageObject\",\"inLanguage\":\"pl-PL\",\"@id\":\"https:\\\/\\\/vrscb.lt\\\/#\\\/schema\\\/logo\\\/image\\\/\",\"url\":\"https:\\\/\\\/vrscb.lt\\\/wp-content\\\/uploads\\\/2021\\\/02\\\/LOGO_BIBLIOTEKA_RUDAMINA_2018_02_08-1.png\",\"contentUrl\":\"https:\\\/\\\/vrscb.lt\\\/wp-content\\\/uploads\\\/2021\\\/02\\\/LOGO_BIBLIOTEKA_RUDAMINA_2018_02_08-1.png\",\"width\":1084,\"height\":1084,\"caption\":\"Vilniaus rajono savivaldyb\u0117s Centrin\u0117 biblioteka\"},\"image\":{\"@id\":\"https:\\\/\\\/vrscb.lt\\\/#\\\/schema\\\/logo\\\/image\\\/\"}},{\"@type\":\"Person\",\"@id\":\"https:\\\/\\\/vrscb.lt\\\/#\\\/schema\\\/person\\\/0b84365a98053f509501f91b5be6c097\",\"name\":\"VRSCB\",\"image\":{\"@type\":\"ImageObject\",\"inLanguage\":\"pl-PL\",\"@id\":\"https:\\\/\\\/secure.gravatar.com\\\/avatar\\\/cb8817ba573049eab6d3f0458a0218e93a27995fe49a8323902e053d82443b77?s=96&d=mm&r=g\",\"url\":\"https:\\\/\\\/secure.gravatar.com\\\/avatar\\\/cb8817ba573049eab6d3f0458a0218e93a27995fe49a8323902e053d82443b77?s=96&d=mm&r=g\",\"contentUrl\":\"https:\\\/\\\/secure.gravatar.com\\\/avatar\\\/cb8817ba573049eab6d3f0458a0218e93a27995fe49a8323902e053d82443b77?s=96&d=mm&r=g\",\"caption\":\"VRSCB\"},\"url\":\"https:\\\/\\\/vrscb.lt\\\/pl\\\/author\\\/pavelas\\\/\"}]}<\/script>\n<!-- \/ Yoast SEO plugin. -->","yoast_head_json":{"title":"85 lat z czytelnikami \u2013 Centralna Biblioteka Samorz\u0105du Rejonu Wile\u0144skiego zainaugurowa\u0142a jubileuszowe obchody - Vilniaus rajono savivaldyb\u0117s Centrin\u0117 biblioteka","robots":{"index":"index","follow":"follow","max-snippet":"max-snippet:-1","max-image-preview":"max-image-preview:large","max-video-preview":"max-video-preview:-1"},"canonical":"https:\/\/vrscb.lt\/pl\/85-lat-z-czytelnikami-centralna-biblioteka-samorzadu-rejonu-wilenskiego-zainaugurowala-jubileuszowe-obchody\/","og_locale":"pl_PL","og_type":"article","og_title":"85 lat z czytelnikami \u2013 Centralna Biblioteka Samorz\u0105du Rejonu Wile\u0144skiego zainaugurowa\u0142a jubileuszowe obchody - Vilniaus rajono savivaldyb\u0117s Centrin\u0117 biblioteka","og_description":"28 kwietnia 2025 roku w Centralnej Bibliotece Samorz\u0105du Rejonu Wile\u0144skiego odby\u0142o si\u0119 uroczyste otwarcie jubileuszowej wystawy, inauguruj\u0105cej obchody 85-lecia biblioteki i jej filii. To pocz\u0105tek ca\u0142orocznych uroczysto\u015bci, kt\u00f3re nie tylko celebruj\u0105 bogat\u0105 histori\u0119 instytucji, ale tak\u017ce przypominaj\u0105 o niezmiennym znaczeniu&hellip; Czytaj wi\u0119cej &ldquo;85 lat z czytelnikami \u2013 Centralna Biblioteka Samorz\u0105du Rejonu Wile\u0144skiego zainaugurowa\u0142a jubileuszowe obchody&rdquo;\u2026","og_url":"https:\/\/vrscb.lt\/pl\/85-lat-z-czytelnikami-centralna-biblioteka-samorzadu-rejonu-wilenskiego-zainaugurowala-jubileuszowe-obchody\/","og_site_name":"Vilniaus rajono savivaldyb\u0117s Centrin\u0117 biblioteka","article_published_time":"2025-04-29T06:51:42+00:00","article_modified_time":"2025-04-29T08:01:31+00:00","og_image":[{"width":1280,"height":853,"url":"https:\/\/vrscb.lt\/wp-content\/uploads\/2025\/04\/85-metai-su-skaitytojais-26.jpg","type":"image\/jpeg"}],"author":"VRSCB","twitter_card":"summary_large_image","twitter_misc":{"Napisane przez":"VRSCB","Szacowany czas czytania":"6 minut"},"schema":{"@context":"https:\/\/schema.org","@graph":[{"@type":"Article","@id":"https:\/\/vrscb.lt\/pl\/85-lat-z-czytelnikami-centralna-biblioteka-samorzadu-rejonu-wilenskiego-zainaugurowala-jubileuszowe-obchody\/#article","isPartOf":{"@id":"https:\/\/vrscb.lt\/pl\/85-lat-z-czytelnikami-centralna-biblioteka-samorzadu-rejonu-wilenskiego-zainaugurowala-jubileuszowe-obchody\/"},"author":{"name":"VRSCB","@id":"https:\/\/vrscb.lt\/#\/schema\/person\/0b84365a98053f509501f91b5be6c097"},"headline":"85 lat z czytelnikami \u2013 Centralna Biblioteka Samorz\u0105du Rejonu Wile\u0144skiego zainaugurowa\u0142a jubileuszowe obchody","datePublished":"2025-04-29T06:51:42+00:00","dateModified":"2025-04-29T08:01:31+00:00","mainEntityOfPage":{"@id":"https:\/\/vrscb.lt\/pl\/85-lat-z-czytelnikami-centralna-biblioteka-samorzadu-rejonu-wilenskiego-zainaugurowala-jubileuszowe-obchody\/"},"wordCount":395,"publisher":{"@id":"https:\/\/vrscb.lt\/#organization"},"image":{"@id":"https:\/\/vrscb.lt\/pl\/85-lat-z-czytelnikami-centralna-biblioteka-samorzadu-rejonu-wilenskiego-zainaugurowala-jubileuszowe-obchody\/#primaryimage"},"thumbnailUrl":"https:\/\/vrscb.lt\/wp-content\/uploads\/2025\/04\/85-metai-su-skaitytojais-26.jpg","articleSection":["Imprezy"],"inLanguage":"pl-PL"},{"@type":"WebPage","@id":"https:\/\/vrscb.lt\/pl\/85-lat-z-czytelnikami-centralna-biblioteka-samorzadu-rejonu-wilenskiego-zainaugurowala-jubileuszowe-obchody\/","url":"https:\/\/vrscb.lt\/pl\/85-lat-z-czytelnikami-centralna-biblioteka-samorzadu-rejonu-wilenskiego-zainaugurowala-jubileuszowe-obchody\/","name":"85 lat z czytelnikami \u2013 Centralna Biblioteka Samorz\u0105du Rejonu Wile\u0144skiego zainaugurowa\u0142a jubileuszowe obchody - Vilniaus rajono savivaldyb\u0117s Centrin\u0117 biblioteka","isPartOf":{"@id":"https:\/\/vrscb.lt\/#website"},"primaryImageOfPage":{"@id":"https:\/\/vrscb.lt\/pl\/85-lat-z-czytelnikami-centralna-biblioteka-samorzadu-rejonu-wilenskiego-zainaugurowala-jubileuszowe-obchody\/#primaryimage"},"image":{"@id":"https:\/\/vrscb.lt\/pl\/85-lat-z-czytelnikami-centralna-biblioteka-samorzadu-rejonu-wilenskiego-zainaugurowala-jubileuszowe-obchody\/#primaryimage"},"thumbnailUrl":"https:\/\/vrscb.lt\/wp-content\/uploads\/2025\/04\/85-metai-su-skaitytojais-26.jpg","datePublished":"2025-04-29T06:51:42+00:00","dateModified":"2025-04-29T08:01:31+00:00","breadcrumb":{"@id":"https:\/\/vrscb.lt\/pl\/85-lat-z-czytelnikami-centralna-biblioteka-samorzadu-rejonu-wilenskiego-zainaugurowala-jubileuszowe-obchody\/#breadcrumb"},"inLanguage":"pl-PL","potentialAction":[{"@type":"ReadAction","target":["https:\/\/vrscb.lt\/pl\/85-lat-z-czytelnikami-centralna-biblioteka-samorzadu-rejonu-wilenskiego-zainaugurowala-jubileuszowe-obchody\/"]}]},{"@type":"ImageObject","inLanguage":"pl-PL","@id":"https:\/\/vrscb.lt\/pl\/85-lat-z-czytelnikami-centralna-biblioteka-samorzadu-rejonu-wilenskiego-zainaugurowala-jubileuszowe-obchody\/#primaryimage","url":"https:\/\/vrscb.lt\/wp-content\/uploads\/2025\/04\/85-metai-su-skaitytojais-26.jpg","contentUrl":"https:\/\/vrscb.lt\/wp-content\/uploads\/2025\/04\/85-metai-su-skaitytojais-26.jpg","width":1280,"height":853},{"@type":"BreadcrumbList","@id":"https:\/\/vrscb.lt\/pl\/85-lat-z-czytelnikami-centralna-biblioteka-samorzadu-rejonu-wilenskiego-zainaugurowala-jubileuszowe-obchody\/#breadcrumb","itemListElement":[{"@type":"ListItem","position":1,"name":"Dom","item":"https:\/\/vrscb.lt\/"},{"@type":"ListItem","position":2,"name":"85 lat z czytelnikami \u2013 Centralna Biblioteka Samorz\u0105du Rejonu Wile\u0144skiego zainaugurowa\u0142a jubileuszowe obchody"}]},{"@type":"WebSite","@id":"https:\/\/vrscb.lt\/#website","url":"https:\/\/vrscb.lt\/","name":"Vilniaus rajono savivaldyb\u0117s Centrin\u0117 biblioteka","description":"Vilniaus rajono savivaldyb\u0117s Centrin\u0117 biblioteka kvie\u010dia visus prisijungti prie visuotin\u0117s pilietin\u0117s iniciatyvos \u201eAtmintis gyva, nes liudija\u201c ir u\u017edegti atminimo.","publisher":{"@id":"https:\/\/vrscb.lt\/#organization"},"potentialAction":[{"@type":"SearchAction","target":{"@type":"EntryPoint","urlTemplate":"https:\/\/vrscb.lt\/?s={search_term_string}"},"query-input":{"@type":"PropertyValueSpecification","valueRequired":true,"valueName":"search_term_string"}}],"inLanguage":"pl-PL"},{"@type":"Organization","@id":"https:\/\/vrscb.lt\/#organization","name":"Vilniaus rajono savivaldyb\u0117s Centrin\u0117 biblioteka","url":"https:\/\/vrscb.lt\/","logo":{"@type":"ImageObject","inLanguage":"pl-PL","@id":"https:\/\/vrscb.lt\/#\/schema\/logo\/image\/","url":"https:\/\/vrscb.lt\/wp-content\/uploads\/2021\/02\/LOGO_BIBLIOTEKA_RUDAMINA_2018_02_08-1.png","contentUrl":"https:\/\/vrscb.lt\/wp-content\/uploads\/2021\/02\/LOGO_BIBLIOTEKA_RUDAMINA_2018_02_08-1.png","width":1084,"height":1084,"caption":"Vilniaus rajono savivaldyb\u0117s Centrin\u0117 biblioteka"},"image":{"@id":"https:\/\/vrscb.lt\/#\/schema\/logo\/image\/"}},{"@type":"Person","@id":"https:\/\/vrscb.lt\/#\/schema\/person\/0b84365a98053f509501f91b5be6c097","name":"VRSCB","image":{"@type":"ImageObject","inLanguage":"pl-PL","@id":"https:\/\/secure.gravatar.com\/avatar\/cb8817ba573049eab6d3f0458a0218e93a27995fe49a8323902e053d82443b77?s=96&d=mm&r=g","url":"https:\/\/secure.gravatar.com\/avatar\/cb8817ba573049eab6d3f0458a0218e93a27995fe49a8323902e053d82443b77?s=96&d=mm&r=g","contentUrl":"https:\/\/secure.gravatar.com\/avatar\/cb8817ba573049eab6d3f0458a0218e93a27995fe49a8323902e053d82443b77?s=96&d=mm&r=g","caption":"VRSCB"},"url":"https:\/\/vrscb.lt\/pl\/author\/pavelas\/"}]}},"_links":{"self":[{"href":"https:\/\/vrscb.lt\/pl\/wp-json\/wp\/v2\/posts\/35919","targetHints":{"allow":["GET"]}}],"collection":[{"href":"https:\/\/vrscb.lt\/pl\/wp-json\/wp\/v2\/posts"}],"about":[{"href":"https:\/\/vrscb.lt\/pl\/wp-json\/wp\/v2\/types\/post"}],"author":[{"embeddable":true,"href":"https:\/\/vrscb.lt\/pl\/wp-json\/wp\/v2\/users\/3"}],"replies":[{"embeddable":true,"href":"https:\/\/vrscb.lt\/pl\/wp-json\/wp\/v2\/comments?post=35919"}],"version-history":[{"count":4,"href":"https:\/\/vrscb.lt\/pl\/wp-json\/wp\/v2\/posts\/35919\/revisions"}],"predecessor-version":[{"id":35924,"href":"https:\/\/vrscb.lt\/pl\/wp-json\/wp\/v2\/posts\/35919\/revisions\/35924"}],"wp:featuredmedia":[{"embeddable":true,"href":"https:\/\/vrscb.lt\/pl\/wp-json\/wp\/v2\/media\/35873"}],"wp:attachment":[{"href":"https:\/\/vrscb.lt\/pl\/wp-json\/wp\/v2\/media?parent=35919"}],"wp:term":[{"taxonomy":"category","embeddable":true,"href":"https:\/\/vrscb.lt\/pl\/wp-json\/wp\/v2\/categories?post=35919"},{"taxonomy":"post_tag","embeddable":true,"href":"https:\/\/vrscb.lt\/pl\/wp-json\/wp\/v2\/tags?post=35919"}],"curies":[{"name":"wp","href":"https:\/\/api.w.org\/{rel}","templated":true}]}}