
{"id":6208,"date":"2021-04-30T16:12:28","date_gmt":"2021-04-30T13:12:28","guid":{"rendered":"http:\/\/vrscb.lt\/?p=6208"},"modified":"2021-08-24T09:26:16","modified_gmt":"2021-08-24T06:26:16","slug":"wirtualne-spotkanie-wiwat-maj-piekny-maj-z-historykiem-michalem-treszcynskim","status":"publish","type":"post","link":"https:\/\/vrscb.lt\/pl\/wirtualne-spotkanie-wiwat-maj-piekny-maj-z-historykiem-michalem-treszcynskim\/","title":{"rendered":"Wirtualne spotkanie \u201eWiwat Maj, Pi\u0119kny Maj&#8221; z historykiem Micha\u0142em Treszczy\u0144skim"},"content":{"rendered":"\n<p>Z okazji 230 rocznicy Konstytucji 3 Maja i Zar\u0119czenia Wzajemnego Obojga Narod\u00f3w.<\/p>\n\n\n\n<figure class=\"wp-block-image size-large\"><img fetchpriority=\"high\" decoding=\"async\" width=\"763\" height=\"1080\" src=\"https:\/\/vrscb.lt\/wp-content\/uploads\/2021\/04\/\u201eWiwat-maj-piekny-maj1.png\" alt=\"\" class=\"wp-image-6211\" srcset=\"https:\/\/vrscb.lt\/wp-content\/uploads\/2021\/04\/\u201eWiwat-maj-piekny-maj1.png 763w, https:\/\/vrscb.lt\/wp-content\/uploads\/2021\/04\/\u201eWiwat-maj-piekny-maj1-744x1053.png 744w\" sizes=\"(max-width: 763px) 100vw, 763px\" \/><\/figure>\n\n\n\n<p><\/p>\n","protected":false},"excerpt":{"rendered":"<div class=\"entry-summary\">\nZ okazji 230 rocznicy Konstytucji 3 Maja i Zar\u0119czenia Wzajemnego Obojga Narod\u00f3w.\n<\/div>\n<div class=\"link-more\"><a href=\"https:\/\/vrscb.lt\/pl\/wirtualne-spotkanie-wiwat-maj-piekny-maj-z-historykiem-michalem-treszcynskim\/\" class=\"more-link\">Czytaj wi\u0119cej<span class=\"screen-reader-text\"> &ldquo;Wirtualne spotkanie \u201eWiwat Maj, Pi\u0119kny Maj&#8221; z historykiem Micha\u0142em Treszczy\u0144skim&rdquo;<\/span>\u2026<\/a><\/div>\n","protected":false},"author":3,"featured_media":6200,"comment_status":"open","ping_status":"open","sticky":false,"template":"","format":"standard","meta":{"_acf_changed":false,"footnotes":""},"categories":[96],"tags":[],"class_list":["post-6208","post","type-post","status-publish","format-standard","has-post-thumbnail","hentry","category-imprezy","entry"],"acf":[],"yoast_head":"<!-- This site is optimized with the Yoast SEO plugin v27.5 - https:\/\/yoast.com\/product\/yoast-seo-wordpress\/ -->\n<title>Wirtualne spotkanie \u201eWiwat Maj, Pi\u0119kny Maj&quot; z historykiem Micha\u0142em Treszczy\u0144skim - Vilniaus rajono savivaldyb\u0117s Centrin\u0117 biblioteka<\/title>\n<meta name=\"robots\" content=\"index, follow, max-snippet:-1, max-image-preview:large, max-video-preview:-1\" \/>\n<link rel=\"canonical\" href=\"https:\/\/vrscb.lt\/pl\/wirtualne-spotkanie-wiwat-maj-piekny-maj-z-historykiem-michalem-treszcynskim\/\" \/>\n<meta property=\"og:locale\" content=\"pl_PL\" \/>\n<meta property=\"og:type\" content=\"article\" \/>\n<meta property=\"og:title\" content=\"Wirtualne spotkanie \u201eWiwat Maj, Pi\u0119kny Maj&quot; z historykiem Micha\u0142em Treszczy\u0144skim - Vilniaus rajono savivaldyb\u0117s Centrin\u0117 biblioteka\" \/>\n<meta property=\"og:description\" content=\"Z okazji 230 rocznicy Konstytucji 3 Maja i Zar\u0119czenia Wzajemnego Obojga Narod\u00f3w. Czytaj wi\u0119cej &ldquo;Wirtualne spotkanie \u201eWiwat Maj, Pi\u0119kny Maj&#8221; z historykiem Micha\u0142em Treszczy\u0144skim&rdquo;\u2026\" \/>\n<meta property=\"og:url\" content=\"https:\/\/vrscb.lt\/pl\/wirtualne-spotkanie-wiwat-maj-piekny-maj-z-historykiem-michalem-treszcynskim\/\" \/>\n<meta property=\"og:site_name\" content=\"Vilniaus rajono savivaldyb\u0117s Centrin\u0117 biblioteka\" \/>\n<meta property=\"article:published_time\" content=\"2021-04-30T13:12:28+00:00\" \/>\n<meta property=\"article:modified_time\" content=\"2021-08-24T06:26:16+00:00\" \/>\n<meta property=\"og:image\" content=\"https:\/\/vrscb.lt\/wp-content\/uploads\/2021\/04\/Michal_Trescinski.jpg\" \/>\n\t<meta property=\"og:image:width\" content=\"135\" \/>\n\t<meta property=\"og:image:height\" content=\"139\" \/>\n\t<meta property=\"og:image:type\" content=\"image\/jpeg\" \/>\n<meta name=\"author\" content=\"VRSCB\" \/>\n<meta name=\"twitter:card\" content=\"summary_large_image\" \/>\n<meta name=\"twitter:label1\" content=\"Napisane przez\" \/>\n\t<meta name=\"twitter:data1\" content=\"VRSCB\" \/>\n\t<meta name=\"twitter:label2\" content=\"Szacowany czas czytania\" \/>\n\t<meta name=\"twitter:data2\" content=\"1 minuta\" \/>\n<script type=\"application\/ld+json\" class=\"yoast-schema-graph\">{\"@context\":\"https:\\\/\\\/schema.org\",\"@graph\":[{\"@type\":\"Article\",\"@id\":\"https:\\\/\\\/vrscb.lt\\\/pl\\\/wirtualne-spotkanie-wiwat-maj-piekny-maj-z-historykiem-michalem-treszcynskim\\\/#article\",\"isPartOf\":{\"@id\":\"https:\\\/\\\/vrscb.lt\\\/pl\\\/wirtualne-spotkanie-wiwat-maj-piekny-maj-z-historykiem-michalem-treszcynskim\\\/\"},\"author\":{\"name\":\"VRSCB\",\"@id\":\"https:\\\/\\\/vrscb.lt\\\/#\\\/schema\\\/person\\\/0b84365a98053f509501f91b5be6c097\"},\"headline\":\"Wirtualne spotkanie \u201eWiwat Maj, Pi\u0119kny Maj&#8221; z historykiem Micha\u0142em Treszczy\u0144skim\",\"datePublished\":\"2021-04-30T13:12:28+00:00\",\"dateModified\":\"2021-08-24T06:26:16+00:00\",\"mainEntityOfPage\":{\"@id\":\"https:\\\/\\\/vrscb.lt\\\/pl\\\/wirtualne-spotkanie-wiwat-maj-piekny-maj-z-historykiem-michalem-treszcynskim\\\/\"},\"wordCount\":25,\"commentCount\":0,\"publisher\":{\"@id\":\"https:\\\/\\\/vrscb.lt\\\/#organization\"},\"image\":{\"@id\":\"https:\\\/\\\/vrscb.lt\\\/pl\\\/wirtualne-spotkanie-wiwat-maj-piekny-maj-z-historykiem-michalem-treszcynskim\\\/#primaryimage\"},\"thumbnailUrl\":\"https:\\\/\\\/vrscb.lt\\\/wp-content\\\/uploads\\\/2021\\\/04\\\/Michal_Trescinski.jpg\",\"articleSection\":[\"Imprezy\"],\"inLanguage\":\"pl-PL\",\"potentialAction\":[{\"@type\":\"CommentAction\",\"name\":\"Comment\",\"target\":[\"https:\\\/\\\/vrscb.lt\\\/pl\\\/wirtualne-spotkanie-wiwat-maj-piekny-maj-z-historykiem-michalem-treszcynskim\\\/#respond\"]}]},{\"@type\":\"WebPage\",\"@id\":\"https:\\\/\\\/vrscb.lt\\\/pl\\\/wirtualne-spotkanie-wiwat-maj-piekny-maj-z-historykiem-michalem-treszcynskim\\\/\",\"url\":\"https:\\\/\\\/vrscb.lt\\\/pl\\\/wirtualne-spotkanie-wiwat-maj-piekny-maj-z-historykiem-michalem-treszcynskim\\\/\",\"name\":\"Wirtualne spotkanie \u201eWiwat Maj, Pi\u0119kny Maj\\\" z historykiem Micha\u0142em Treszczy\u0144skim - Vilniaus rajono savivaldyb\u0117s Centrin\u0117 biblioteka\",\"isPartOf\":{\"@id\":\"https:\\\/\\\/vrscb.lt\\\/#website\"},\"primaryImageOfPage\":{\"@id\":\"https:\\\/\\\/vrscb.lt\\\/pl\\\/wirtualne-spotkanie-wiwat-maj-piekny-maj-z-historykiem-michalem-treszcynskim\\\/#primaryimage\"},\"image\":{\"@id\":\"https:\\\/\\\/vrscb.lt\\\/pl\\\/wirtualne-spotkanie-wiwat-maj-piekny-maj-z-historykiem-michalem-treszcynskim\\\/#primaryimage\"},\"thumbnailUrl\":\"https:\\\/\\\/vrscb.lt\\\/wp-content\\\/uploads\\\/2021\\\/04\\\/Michal_Trescinski.jpg\",\"datePublished\":\"2021-04-30T13:12:28+00:00\",\"dateModified\":\"2021-08-24T06:26:16+00:00\",\"breadcrumb\":{\"@id\":\"https:\\\/\\\/vrscb.lt\\\/pl\\\/wirtualne-spotkanie-wiwat-maj-piekny-maj-z-historykiem-michalem-treszcynskim\\\/#breadcrumb\"},\"inLanguage\":\"pl-PL\",\"potentialAction\":[{\"@type\":\"ReadAction\",\"target\":[\"https:\\\/\\\/vrscb.lt\\\/pl\\\/wirtualne-spotkanie-wiwat-maj-piekny-maj-z-historykiem-michalem-treszcynskim\\\/\"]}]},{\"@type\":\"ImageObject\",\"inLanguage\":\"pl-PL\",\"@id\":\"https:\\\/\\\/vrscb.lt\\\/pl\\\/wirtualne-spotkanie-wiwat-maj-piekny-maj-z-historykiem-michalem-treszcynskim\\\/#primaryimage\",\"url\":\"https:\\\/\\\/vrscb.lt\\\/wp-content\\\/uploads\\\/2021\\\/04\\\/Michal_Trescinski.jpg\",\"contentUrl\":\"https:\\\/\\\/vrscb.lt\\\/wp-content\\\/uploads\\\/2021\\\/04\\\/Michal_Trescinski.jpg\",\"width\":135,\"height\":139},{\"@type\":\"BreadcrumbList\",\"@id\":\"https:\\\/\\\/vrscb.lt\\\/pl\\\/wirtualne-spotkanie-wiwat-maj-piekny-maj-z-historykiem-michalem-treszcynskim\\\/#breadcrumb\",\"itemListElement\":[{\"@type\":\"ListItem\",\"position\":1,\"name\":\"Dom\",\"item\":\"https:\\\/\\\/vrscb.lt\\\/\"},{\"@type\":\"ListItem\",\"position\":2,\"name\":\"Wirtualne spotkanie \u201eWiwat Maj, Pi\u0119kny Maj&#8221; z historykiem Micha\u0142em Treszczy\u0144skim\"}]},{\"@type\":\"WebSite\",\"@id\":\"https:\\\/\\\/vrscb.lt\\\/#website\",\"url\":\"https:\\\/\\\/vrscb.lt\\\/\",\"name\":\"Vilniaus rajono savivaldyb\u0117s Centrin\u0117 biblioteka\",\"description\":\"Vilniaus rajono savivaldyb\u0117s Centrin\u0117 biblioteka kvie\u010dia visus prisijungti prie visuotin\u0117s pilietin\u0117s iniciatyvos \u201eAtmintis gyva, nes liudija\u201c ir u\u017edegti atminimo.\",\"publisher\":{\"@id\":\"https:\\\/\\\/vrscb.lt\\\/#organization\"},\"potentialAction\":[{\"@type\":\"SearchAction\",\"target\":{\"@type\":\"EntryPoint\",\"urlTemplate\":\"https:\\\/\\\/vrscb.lt\\\/?s={search_term_string}\"},\"query-input\":{\"@type\":\"PropertyValueSpecification\",\"valueRequired\":true,\"valueName\":\"search_term_string\"}}],\"inLanguage\":\"pl-PL\"},{\"@type\":\"Organization\",\"@id\":\"https:\\\/\\\/vrscb.lt\\\/#organization\",\"name\":\"Vilniaus rajono savivaldyb\u0117s Centrin\u0117 biblioteka\",\"url\":\"https:\\\/\\\/vrscb.lt\\\/\",\"logo\":{\"@type\":\"ImageObject\",\"inLanguage\":\"pl-PL\",\"@id\":\"https:\\\/\\\/vrscb.lt\\\/#\\\/schema\\\/logo\\\/image\\\/\",\"url\":\"https:\\\/\\\/vrscb.lt\\\/wp-content\\\/uploads\\\/2021\\\/02\\\/LOGO_BIBLIOTEKA_RUDAMINA_2018_02_08-1.png\",\"contentUrl\":\"https:\\\/\\\/vrscb.lt\\\/wp-content\\\/uploads\\\/2021\\\/02\\\/LOGO_BIBLIOTEKA_RUDAMINA_2018_02_08-1.png\",\"width\":1084,\"height\":1084,\"caption\":\"Vilniaus rajono savivaldyb\u0117s Centrin\u0117 biblioteka\"},\"image\":{\"@id\":\"https:\\\/\\\/vrscb.lt\\\/#\\\/schema\\\/logo\\\/image\\\/\"}},{\"@type\":\"Person\",\"@id\":\"https:\\\/\\\/vrscb.lt\\\/#\\\/schema\\\/person\\\/0b84365a98053f509501f91b5be6c097\",\"name\":\"VRSCB\",\"image\":{\"@type\":\"ImageObject\",\"inLanguage\":\"pl-PL\",\"@id\":\"https:\\\/\\\/secure.gravatar.com\\\/avatar\\\/cb8817ba573049eab6d3f0458a0218e93a27995fe49a8323902e053d82443b77?s=96&d=mm&r=g\",\"url\":\"https:\\\/\\\/secure.gravatar.com\\\/avatar\\\/cb8817ba573049eab6d3f0458a0218e93a27995fe49a8323902e053d82443b77?s=96&d=mm&r=g\",\"contentUrl\":\"https:\\\/\\\/secure.gravatar.com\\\/avatar\\\/cb8817ba573049eab6d3f0458a0218e93a27995fe49a8323902e053d82443b77?s=96&d=mm&r=g\",\"caption\":\"VRSCB\"},\"url\":\"https:\\\/\\\/vrscb.lt\\\/pl\\\/author\\\/pavelas\\\/\"}]}<\/script>\n<!-- \/ Yoast SEO plugin. -->","yoast_head_json":{"title":"Wirtualne spotkanie \u201eWiwat Maj, Pi\u0119kny Maj\" z historykiem Micha\u0142em Treszczy\u0144skim - Vilniaus rajono savivaldyb\u0117s Centrin\u0117 biblioteka","robots":{"index":"index","follow":"follow","max-snippet":"max-snippet:-1","max-image-preview":"max-image-preview:large","max-video-preview":"max-video-preview:-1"},"canonical":"https:\/\/vrscb.lt\/pl\/wirtualne-spotkanie-wiwat-maj-piekny-maj-z-historykiem-michalem-treszcynskim\/","og_locale":"pl_PL","og_type":"article","og_title":"Wirtualne spotkanie \u201eWiwat Maj, Pi\u0119kny Maj\" z historykiem Micha\u0142em Treszczy\u0144skim - Vilniaus rajono savivaldyb\u0117s Centrin\u0117 biblioteka","og_description":"Z okazji 230 rocznicy Konstytucji 3 Maja i Zar\u0119czenia Wzajemnego Obojga Narod\u00f3w. Czytaj wi\u0119cej &ldquo;Wirtualne spotkanie \u201eWiwat Maj, Pi\u0119kny Maj&#8221; z historykiem Micha\u0142em Treszczy\u0144skim&rdquo;\u2026","og_url":"https:\/\/vrscb.lt\/pl\/wirtualne-spotkanie-wiwat-maj-piekny-maj-z-historykiem-michalem-treszcynskim\/","og_site_name":"Vilniaus rajono savivaldyb\u0117s Centrin\u0117 biblioteka","article_published_time":"2021-04-30T13:12:28+00:00","article_modified_time":"2021-08-24T06:26:16+00:00","og_image":[{"width":135,"height":139,"url":"https:\/\/vrscb.lt\/wp-content\/uploads\/2021\/04\/Michal_Trescinski.jpg","type":"image\/jpeg"}],"author":"VRSCB","twitter_card":"summary_large_image","twitter_misc":{"Napisane przez":"VRSCB","Szacowany czas czytania":"1 minuta"},"schema":{"@context":"https:\/\/schema.org","@graph":[{"@type":"Article","@id":"https:\/\/vrscb.lt\/pl\/wirtualne-spotkanie-wiwat-maj-piekny-maj-z-historykiem-michalem-treszcynskim\/#article","isPartOf":{"@id":"https:\/\/vrscb.lt\/pl\/wirtualne-spotkanie-wiwat-maj-piekny-maj-z-historykiem-michalem-treszcynskim\/"},"author":{"name":"VRSCB","@id":"https:\/\/vrscb.lt\/#\/schema\/person\/0b84365a98053f509501f91b5be6c097"},"headline":"Wirtualne spotkanie \u201eWiwat Maj, Pi\u0119kny Maj&#8221; z historykiem Micha\u0142em Treszczy\u0144skim","datePublished":"2021-04-30T13:12:28+00:00","dateModified":"2021-08-24T06:26:16+00:00","mainEntityOfPage":{"@id":"https:\/\/vrscb.lt\/pl\/wirtualne-spotkanie-wiwat-maj-piekny-maj-z-historykiem-michalem-treszcynskim\/"},"wordCount":25,"commentCount":0,"publisher":{"@id":"https:\/\/vrscb.lt\/#organization"},"image":{"@id":"https:\/\/vrscb.lt\/pl\/wirtualne-spotkanie-wiwat-maj-piekny-maj-z-historykiem-michalem-treszcynskim\/#primaryimage"},"thumbnailUrl":"https:\/\/vrscb.lt\/wp-content\/uploads\/2021\/04\/Michal_Trescinski.jpg","articleSection":["Imprezy"],"inLanguage":"pl-PL","potentialAction":[{"@type":"CommentAction","name":"Comment","target":["https:\/\/vrscb.lt\/pl\/wirtualne-spotkanie-wiwat-maj-piekny-maj-z-historykiem-michalem-treszcynskim\/#respond"]}]},{"@type":"WebPage","@id":"https:\/\/vrscb.lt\/pl\/wirtualne-spotkanie-wiwat-maj-piekny-maj-z-historykiem-michalem-treszcynskim\/","url":"https:\/\/vrscb.lt\/pl\/wirtualne-spotkanie-wiwat-maj-piekny-maj-z-historykiem-michalem-treszcynskim\/","name":"Wirtualne spotkanie \u201eWiwat Maj, Pi\u0119kny Maj\" z historykiem Micha\u0142em Treszczy\u0144skim - Vilniaus rajono savivaldyb\u0117s Centrin\u0117 biblioteka","isPartOf":{"@id":"https:\/\/vrscb.lt\/#website"},"primaryImageOfPage":{"@id":"https:\/\/vrscb.lt\/pl\/wirtualne-spotkanie-wiwat-maj-piekny-maj-z-historykiem-michalem-treszcynskim\/#primaryimage"},"image":{"@id":"https:\/\/vrscb.lt\/pl\/wirtualne-spotkanie-wiwat-maj-piekny-maj-z-historykiem-michalem-treszcynskim\/#primaryimage"},"thumbnailUrl":"https:\/\/vrscb.lt\/wp-content\/uploads\/2021\/04\/Michal_Trescinski.jpg","datePublished":"2021-04-30T13:12:28+00:00","dateModified":"2021-08-24T06:26:16+00:00","breadcrumb":{"@id":"https:\/\/vrscb.lt\/pl\/wirtualne-spotkanie-wiwat-maj-piekny-maj-z-historykiem-michalem-treszcynskim\/#breadcrumb"},"inLanguage":"pl-PL","potentialAction":[{"@type":"ReadAction","target":["https:\/\/vrscb.lt\/pl\/wirtualne-spotkanie-wiwat-maj-piekny-maj-z-historykiem-michalem-treszcynskim\/"]}]},{"@type":"ImageObject","inLanguage":"pl-PL","@id":"https:\/\/vrscb.lt\/pl\/wirtualne-spotkanie-wiwat-maj-piekny-maj-z-historykiem-michalem-treszcynskim\/#primaryimage","url":"https:\/\/vrscb.lt\/wp-content\/uploads\/2021\/04\/Michal_Trescinski.jpg","contentUrl":"https:\/\/vrscb.lt\/wp-content\/uploads\/2021\/04\/Michal_Trescinski.jpg","width":135,"height":139},{"@type":"BreadcrumbList","@id":"https:\/\/vrscb.lt\/pl\/wirtualne-spotkanie-wiwat-maj-piekny-maj-z-historykiem-michalem-treszcynskim\/#breadcrumb","itemListElement":[{"@type":"ListItem","position":1,"name":"Dom","item":"https:\/\/vrscb.lt\/"},{"@type":"ListItem","position":2,"name":"Wirtualne spotkanie \u201eWiwat Maj, Pi\u0119kny Maj&#8221; z historykiem Micha\u0142em Treszczy\u0144skim"}]},{"@type":"WebSite","@id":"https:\/\/vrscb.lt\/#website","url":"https:\/\/vrscb.lt\/","name":"Vilniaus rajono savivaldyb\u0117s Centrin\u0117 biblioteka","description":"Vilniaus rajono savivaldyb\u0117s Centrin\u0117 biblioteka kvie\u010dia visus prisijungti prie visuotin\u0117s pilietin\u0117s iniciatyvos \u201eAtmintis gyva, nes liudija\u201c ir u\u017edegti atminimo.","publisher":{"@id":"https:\/\/vrscb.lt\/#organization"},"potentialAction":[{"@type":"SearchAction","target":{"@type":"EntryPoint","urlTemplate":"https:\/\/vrscb.lt\/?s={search_term_string}"},"query-input":{"@type":"PropertyValueSpecification","valueRequired":true,"valueName":"search_term_string"}}],"inLanguage":"pl-PL"},{"@type":"Organization","@id":"https:\/\/vrscb.lt\/#organization","name":"Vilniaus rajono savivaldyb\u0117s Centrin\u0117 biblioteka","url":"https:\/\/vrscb.lt\/","logo":{"@type":"ImageObject","inLanguage":"pl-PL","@id":"https:\/\/vrscb.lt\/#\/schema\/logo\/image\/","url":"https:\/\/vrscb.lt\/wp-content\/uploads\/2021\/02\/LOGO_BIBLIOTEKA_RUDAMINA_2018_02_08-1.png","contentUrl":"https:\/\/vrscb.lt\/wp-content\/uploads\/2021\/02\/LOGO_BIBLIOTEKA_RUDAMINA_2018_02_08-1.png","width":1084,"height":1084,"caption":"Vilniaus rajono savivaldyb\u0117s Centrin\u0117 biblioteka"},"image":{"@id":"https:\/\/vrscb.lt\/#\/schema\/logo\/image\/"}},{"@type":"Person","@id":"https:\/\/vrscb.lt\/#\/schema\/person\/0b84365a98053f509501f91b5be6c097","name":"VRSCB","image":{"@type":"ImageObject","inLanguage":"pl-PL","@id":"https:\/\/secure.gravatar.com\/avatar\/cb8817ba573049eab6d3f0458a0218e93a27995fe49a8323902e053d82443b77?s=96&d=mm&r=g","url":"https:\/\/secure.gravatar.com\/avatar\/cb8817ba573049eab6d3f0458a0218e93a27995fe49a8323902e053d82443b77?s=96&d=mm&r=g","contentUrl":"https:\/\/secure.gravatar.com\/avatar\/cb8817ba573049eab6d3f0458a0218e93a27995fe49a8323902e053d82443b77?s=96&d=mm&r=g","caption":"VRSCB"},"url":"https:\/\/vrscb.lt\/pl\/author\/pavelas\/"}]}},"_links":{"self":[{"href":"https:\/\/vrscb.lt\/pl\/wp-json\/wp\/v2\/posts\/6208","targetHints":{"allow":["GET"]}}],"collection":[{"href":"https:\/\/vrscb.lt\/pl\/wp-json\/wp\/v2\/posts"}],"about":[{"href":"https:\/\/vrscb.lt\/pl\/wp-json\/wp\/v2\/types\/post"}],"author":[{"embeddable":true,"href":"https:\/\/vrscb.lt\/pl\/wp-json\/wp\/v2\/users\/3"}],"replies":[{"embeddable":true,"href":"https:\/\/vrscb.lt\/pl\/wp-json\/wp\/v2\/comments?post=6208"}],"version-history":[{"count":6,"href":"https:\/\/vrscb.lt\/pl\/wp-json\/wp\/v2\/posts\/6208\/revisions"}],"predecessor-version":[{"id":8116,"href":"https:\/\/vrscb.lt\/pl\/wp-json\/wp\/v2\/posts\/6208\/revisions\/8116"}],"wp:featuredmedia":[{"embeddable":true,"href":"https:\/\/vrscb.lt\/pl\/wp-json\/wp\/v2\/media\/6200"}],"wp:attachment":[{"href":"https:\/\/vrscb.lt\/pl\/wp-json\/wp\/v2\/media?parent=6208"}],"wp:term":[{"taxonomy":"category","embeddable":true,"href":"https:\/\/vrscb.lt\/pl\/wp-json\/wp\/v2\/categories?post=6208"},{"taxonomy":"post_tag","embeddable":true,"href":"https:\/\/vrscb.lt\/pl\/wp-json\/wp\/v2\/tags?post=6208"}],"curies":[{"name":"wp","href":"https:\/\/api.w.org\/{rel}","templated":true}]}}