
{"id":6276,"date":"2021-05-04T10:50:49","date_gmt":"2021-05-04T07:50:49","guid":{"rendered":"https:\/\/vrscb.lt\/?p=6276"},"modified":"2021-08-21T15:48:46","modified_gmt":"2021-08-21T12:48:46","slug":"wirtualne-spotkanie-w-centralnej-bibliotece-samorzadu-rejonu-wilenskiego-wiwat-maj-piekny-maj","status":"publish","type":"post","link":"https:\/\/vrscb.lt\/pl\/wirtualne-spotkanie-w-centralnej-bibliotece-samorzadu-rejonu-wilenskiego-wiwat-maj-piekny-maj\/","title":{"rendered":"Wirtualne spotkanie w Centralnej Bibliotece Samorz\u0105du Rejonu Wile\u0144skiego \u201eWiwat Maj, Pi\u0119kny Maj\u201c"},"content":{"rendered":"<p>Rok 2021 w Polsce i na Litwie jest og\u0142oszony Rokiem Konstytucji 3 Maja i Zar\u0119czenia Wzajemnego Obojga Narod\u00f3w. W tym roku obchodzimy 230 rocznic\u0119 uchwalenia Konstytucji. Z tej okazji Centralna Biblioteka Samorz\u0105du Rejonu Wile\u0144skiego zorganizowa\u0142a wirtualne spotkanie \u201eWiwat Maj, Pi\u0119kny Maj\u201c. Na pocz\u0105tku widzowie obejrzeli wyst\u0119p Dawida Jurewicza ucznia \u00f3smej klasy Szko\u0142y Sztuk Pi\u0119knych w Rudominie (naucz. Jolanta Grabsztunowicziene). Dawid zagra\u0142 Poloneza Micha\u0142a Kleofasa Ogi\u0144skiego. Nieprzypadkowo spotkanie rozpocz\u0119\u0142o si\u0119 w\u0142a\u015bnie tym utworem. Micha\u0142 Kleofas Ogi\u0144ski by\u0142 cz\u0142onkiem konfederacji Sejmu Wielkiego, a g\u0142\u00f3wnym dzie\u0142em Sejmu Wielkiego by\u0142o uchwalenie w dniu 3 Maja 1791 r. nowej Konstytucji Ustrojowej. Nast\u0119pnie uczniowie IIIG Gimnazjum im. Ferdynanda Ruszczyca &#8211; Diana \u0141ukoi\u0107, Justyna Sakalauskaite, Ernest Burzy\u0144ski przedstawili histori\u0119 uchwalenia Konstytucji 3 maja.\u00a0 Uczniowie Szko\u0142y Sztuk Pi\u0119knych w Rudominie zaprezentowali r\u00f3wnie\u017c inne utwory: Karina Bla\u017cukaitezagra\u0142a romans pod tytu\u0142em Nostalgia Jurija Dol\u017cikowa, Kristupas Simanaviczius zagra\u0142 Gruszewskiego Tokat\u0119 Nr. 2.<\/p>\n<p>Go\u015bciem wirtualnego spotkania by\u0142 historyk i nauczyciel Wile\u0144skiego Centrum Nauczania Agroekologii, Micha\u0142 Treszczy\u0144ski, kt\u00f3ry zaprezentowa\u0142 ciekawostki na temat uchwalenia Konstytucji 3 Maja oraz ukaza\u0142, dlaczego to uchwalenie by\u0142o wa\u017cne dla Polski i Litwy. Konstytucja 3 maja jest jednym z symboli niepodleg\u0142o\u015bci Polski i to mo\u017cna by\u0142o obejrze\u0107 w kompozycji, przyszykowanej przez uczni\u00f3w Gimnazjum im. Ferdynanda Ruszczyca, w kt\u00f3rej solistka Milda Andriuszczenko wykona\u0142a piosenk\u0119 \u201eUwierz Polsko\u201c.<\/p>\n<p>Dzi\u0119kujemy dla wszystkich uczestnik\u00f3w spotkania, dla uczni\u00f3w Szko\u0142y Sztuk Pi\u0119knych w Rudominie i Gimnazjum im. Ferdynanda Ruszczyca w Rudominie. Dzi\u0119kujemy r\u00f3wnie\u017c dla widz\u00f3w, kt\u00f3rzy ogl\u0105dali transmisj\u0119 na \u017cywo. \u017byczymy, by ka\u017cdy z nas przyczyni\u0142 si\u0119 do rozwoju wsp\u00f3lnej historii oraz kultury obu pa\u0144stw.<\/p>\n<p style=\"line-height: 150%;\">Projekt finansowany ze \u015arodk\u00f3w Kancelarii Prezesa Rady Ministr\u00f3w w ramach konkursu Polonia i Polacy za Granic\u0105 2021.<\/p>\n<figure class=\"gallery-item\"><a href=\"https:\/\/vrscb.lt\/wp-content\/uploads\/2021\/05\/Witaj-Maj6.jpg\" data-elementor-open-lightbox=\"yes\" data-elementor-lightbox-slideshow=\"4d874d0\" data-elementor-lightbox-title=\"Witaj Maj6\"><img fetchpriority=\"high\" decoding=\"async\" src=\"https:\/\/vrscb.lt\/wp-content\/uploads\/2021\/05\/Witaj-Maj6-480x270.jpg\" alt=\"\" width=\"480\" height=\"270\" \/><\/a><\/figure>\n<figure class=\"gallery-item\"><a href=\"https:\/\/vrscb.lt\/wp-content\/uploads\/2021\/05\/Witaj-Maj4.jpg\" data-elementor-open-lightbox=\"yes\" data-elementor-lightbox-slideshow=\"4d874d0\" data-elementor-lightbox-title=\"Witaj Maj4\"><img decoding=\"async\" src=\"https:\/\/vrscb.lt\/wp-content\/uploads\/2021\/05\/Witaj-Maj4-480x270.jpg\" alt=\"\" width=\"480\" height=\"270\" \/><\/a><\/figure>\n<figure class=\"gallery-item\"><a href=\"https:\/\/vrscb.lt\/wp-content\/uploads\/2021\/05\/Witaj-Maj3.jpg\" data-elementor-open-lightbox=\"yes\" data-elementor-lightbox-slideshow=\"4d874d0\" data-elementor-lightbox-title=\"Witaj Maj3\"><img decoding=\"async\" src=\"https:\/\/vrscb.lt\/wp-content\/uploads\/2021\/05\/Witaj-Maj3-480x270.jpg\" alt=\"\" width=\"480\" height=\"270\" \/><\/a><\/figure>\n<figure class=\"gallery-item\"><a href=\"https:\/\/vrscb.lt\/wp-content\/uploads\/2021\/05\/Witaj-Maj2.png\" data-elementor-open-lightbox=\"yes\" data-elementor-lightbox-slideshow=\"4d874d0\" data-elementor-lightbox-title=\"Witaj Maj2\"><img loading=\"lazy\" decoding=\"async\" src=\"https:\/\/vrscb.lt\/wp-content\/uploads\/2021\/05\/Witaj-Maj2-480x270.png\" alt=\"\" width=\"480\" height=\"270\" \/><\/a><\/figure>\n<figure class=\"gallery-item\"><a href=\"https:\/\/vrscb.lt\/wp-content\/uploads\/2021\/05\/Witaj-Maj1.png\" data-elementor-open-lightbox=\"yes\" data-elementor-lightbox-slideshow=\"4d874d0\" data-elementor-lightbox-title=\"Witaj Maj1\"><img loading=\"lazy\" decoding=\"async\" src=\"https:\/\/vrscb.lt\/wp-content\/uploads\/2021\/05\/Witaj-Maj1-480x270.png\" alt=\"\" width=\"480\" height=\"270\" \/><\/a><\/figure>\n<figure class=\"gallery-item\"><a href=\"https:\/\/vrscb.lt\/wp-content\/uploads\/2021\/05\/Witaj-Maj.png\" data-elementor-open-lightbox=\"yes\" data-elementor-lightbox-slideshow=\"4d874d0\" data-elementor-lightbox-title=\"Witaj Maj\"><img loading=\"lazy\" decoding=\"async\" src=\"https:\/\/vrscb.lt\/wp-content\/uploads\/2021\/05\/Witaj-Maj-480x270.png\" alt=\"\" width=\"480\" height=\"270\" \/><\/a><\/figure>\n<figure class=\"gallery-item\"><a href=\"https:\/\/vrscb.lt\/wp-content\/uploads\/2021\/05\/Witaj-Maj5.jpg\" data-elementor-open-lightbox=\"yes\" data-elementor-lightbox-slideshow=\"4d874d0\" data-elementor-lightbox-title=\"Witaj Maj5\"><img loading=\"lazy\" decoding=\"async\" src=\"https:\/\/vrscb.lt\/wp-content\/uploads\/2021\/05\/Witaj-Maj5-480x270.jpg\" alt=\"\" width=\"480\" height=\"270\" \/><\/a><\/figure>\n","protected":false},"excerpt":{"rendered":"<div class=\"entry-summary\">\nRok 2021 w Polsce i na Litwie jest og\u0142oszony Rokiem Konstytucji 3 Maja i Zar\u0119czenia Wzajemnego Obojga Narod\u00f3w. W tym roku obchodzimy 230 rocznic\u0119 uchwalenia Konstytucji. Z tej okazji Centralna Biblioteka Samorz\u0105du Rejonu Wile\u0144skiego zorganizowa\u0142a wirtualne spotkanie \u201eWiwat Maj, Pi\u0119kny&hellip;\n<\/div>\n<div class=\"link-more\"><a href=\"https:\/\/vrscb.lt\/pl\/wirtualne-spotkanie-w-centralnej-bibliotece-samorzadu-rejonu-wilenskiego-wiwat-maj-piekny-maj\/\" class=\"more-link\">Czytaj wi\u0119cej<span class=\"screen-reader-text\"> &ldquo;Wirtualne spotkanie w Centralnej Bibliotece Samorz\u0105du Rejonu Wile\u0144skiego \u201eWiwat Maj, Pi\u0119kny Maj\u201c&rdquo;<\/span>\u2026<\/a><\/div>\n","protected":false},"author":3,"featured_media":6239,"comment_status":"open","ping_status":"open","sticky":false,"template":"","format":"standard","meta":{"_acf_changed":false,"footnotes":""},"categories":[96],"tags":[],"class_list":["post-6276","post","type-post","status-publish","format-standard","has-post-thumbnail","hentry","category-imprezy","entry"],"acf":[],"yoast_head":"<!-- This site is optimized with the Yoast SEO plugin v27.5 - https:\/\/yoast.com\/product\/yoast-seo-wordpress\/ -->\n<title>Wirtualne spotkanie w Centralnej Bibliotece Samorz\u0105du Rejonu Wile\u0144skiego \u201eWiwat Maj, Pi\u0119kny Maj\u201c - Vilniaus rajono savivaldyb\u0117s Centrin\u0117 biblioteka<\/title>\n<meta name=\"robots\" content=\"index, follow, max-snippet:-1, max-image-preview:large, max-video-preview:-1\" \/>\n<link rel=\"canonical\" href=\"https:\/\/vrscb.lt\/pl\/wirtualne-spotkanie-w-centralnej-bibliotece-samorzadu-rejonu-wilenskiego-wiwat-maj-piekny-maj\/\" \/>\n<meta property=\"og:locale\" content=\"pl_PL\" \/>\n<meta property=\"og:type\" content=\"article\" \/>\n<meta property=\"og:title\" content=\"Wirtualne spotkanie w Centralnej Bibliotece Samorz\u0105du Rejonu Wile\u0144skiego \u201eWiwat Maj, Pi\u0119kny Maj\u201c - Vilniaus rajono savivaldyb\u0117s Centrin\u0117 biblioteka\" \/>\n<meta property=\"og:description\" content=\"Rok 2021 w Polsce i na Litwie jest og\u0142oszony Rokiem Konstytucji 3 Maja i Zar\u0119czenia Wzajemnego Obojga Narod\u00f3w. W tym roku obchodzimy 230 rocznic\u0119 uchwalenia Konstytucji. Z tej okazji Centralna Biblioteka Samorz\u0105du Rejonu Wile\u0144skiego zorganizowa\u0142a wirtualne spotkanie \u201eWiwat Maj, Pi\u0119kny&hellip; Czytaj wi\u0119cej &ldquo;Wirtualne spotkanie w Centralnej Bibliotece Samorz\u0105du Rejonu Wile\u0144skiego \u201eWiwat Maj, Pi\u0119kny Maj\u201c&rdquo;\u2026\" \/>\n<meta property=\"og:url\" content=\"https:\/\/vrscb.lt\/pl\/wirtualne-spotkanie-w-centralnej-bibliotece-samorzadu-rejonu-wilenskiego-wiwat-maj-piekny-maj\/\" \/>\n<meta property=\"og:site_name\" content=\"Vilniaus rajono savivaldyb\u0117s Centrin\u0117 biblioteka\" \/>\n<meta property=\"article:published_time\" content=\"2021-05-04T07:50:49+00:00\" \/>\n<meta property=\"article:modified_time\" content=\"2021-08-21T12:48:46+00:00\" \/>\n<meta property=\"og:image\" content=\"https:\/\/vrscb.lt\/wp-content\/uploads\/2021\/05\/Witaj-Maj5.jpg\" \/>\n\t<meta property=\"og:image:width\" content=\"1080\" \/>\n\t<meta property=\"og:image:height\" content=\"624\" \/>\n\t<meta property=\"og:image:type\" content=\"image\/jpeg\" \/>\n<meta name=\"author\" content=\"VRSCB\" \/>\n<meta name=\"twitter:card\" content=\"summary_large_image\" \/>\n<meta name=\"twitter:label1\" content=\"Napisane przez\" \/>\n\t<meta name=\"twitter:data1\" content=\"VRSCB\" \/>\n\t<meta name=\"twitter:label2\" content=\"Szacowany czas czytania\" \/>\n\t<meta name=\"twitter:data2\" content=\"3 minuty\" \/>\n<script type=\"application\/ld+json\" class=\"yoast-schema-graph\">{\"@context\":\"https:\\\/\\\/schema.org\",\"@graph\":[{\"@type\":\"Article\",\"@id\":\"https:\\\/\\\/vrscb.lt\\\/pl\\\/wirtualne-spotkanie-w-centralnej-bibliotece-samorzadu-rejonu-wilenskiego-wiwat-maj-piekny-maj\\\/#article\",\"isPartOf\":{\"@id\":\"https:\\\/\\\/vrscb.lt\\\/pl\\\/wirtualne-spotkanie-w-centralnej-bibliotece-samorzadu-rejonu-wilenskiego-wiwat-maj-piekny-maj\\\/\"},\"author\":{\"name\":\"VRSCB\",\"@id\":\"https:\\\/\\\/vrscb.lt\\\/#\\\/schema\\\/person\\\/0b84365a98053f509501f91b5be6c097\"},\"headline\":\"Wirtualne spotkanie w Centralnej Bibliotece Samorz\u0105du Rejonu Wile\u0144skiego \u201eWiwat Maj, Pi\u0119kny Maj\u201c\",\"datePublished\":\"2021-05-04T07:50:49+00:00\",\"dateModified\":\"2021-08-21T12:48:46+00:00\",\"mainEntityOfPage\":{\"@id\":\"https:\\\/\\\/vrscb.lt\\\/pl\\\/wirtualne-spotkanie-w-centralnej-bibliotece-samorzadu-rejonu-wilenskiego-wiwat-maj-piekny-maj\\\/\"},\"wordCount\":329,\"commentCount\":0,\"publisher\":{\"@id\":\"https:\\\/\\\/vrscb.lt\\\/#organization\"},\"image\":{\"@id\":\"https:\\\/\\\/vrscb.lt\\\/pl\\\/wirtualne-spotkanie-w-centralnej-bibliotece-samorzadu-rejonu-wilenskiego-wiwat-maj-piekny-maj\\\/#primaryimage\"},\"thumbnailUrl\":\"https:\\\/\\\/vrscb.lt\\\/wp-content\\\/uploads\\\/2021\\\/05\\\/Witaj-Maj5.jpg\",\"articleSection\":[\"Imprezy\"],\"inLanguage\":\"pl-PL\",\"potentialAction\":[{\"@type\":\"CommentAction\",\"name\":\"Comment\",\"target\":[\"https:\\\/\\\/vrscb.lt\\\/pl\\\/wirtualne-spotkanie-w-centralnej-bibliotece-samorzadu-rejonu-wilenskiego-wiwat-maj-piekny-maj\\\/#respond\"]}]},{\"@type\":\"WebPage\",\"@id\":\"https:\\\/\\\/vrscb.lt\\\/pl\\\/wirtualne-spotkanie-w-centralnej-bibliotece-samorzadu-rejonu-wilenskiego-wiwat-maj-piekny-maj\\\/\",\"url\":\"https:\\\/\\\/vrscb.lt\\\/pl\\\/wirtualne-spotkanie-w-centralnej-bibliotece-samorzadu-rejonu-wilenskiego-wiwat-maj-piekny-maj\\\/\",\"name\":\"Wirtualne spotkanie w Centralnej Bibliotece Samorz\u0105du Rejonu Wile\u0144skiego \u201eWiwat Maj, Pi\u0119kny Maj\u201c - Vilniaus rajono savivaldyb\u0117s Centrin\u0117 biblioteka\",\"isPartOf\":{\"@id\":\"https:\\\/\\\/vrscb.lt\\\/#website\"},\"primaryImageOfPage\":{\"@id\":\"https:\\\/\\\/vrscb.lt\\\/pl\\\/wirtualne-spotkanie-w-centralnej-bibliotece-samorzadu-rejonu-wilenskiego-wiwat-maj-piekny-maj\\\/#primaryimage\"},\"image\":{\"@id\":\"https:\\\/\\\/vrscb.lt\\\/pl\\\/wirtualne-spotkanie-w-centralnej-bibliotece-samorzadu-rejonu-wilenskiego-wiwat-maj-piekny-maj\\\/#primaryimage\"},\"thumbnailUrl\":\"https:\\\/\\\/vrscb.lt\\\/wp-content\\\/uploads\\\/2021\\\/05\\\/Witaj-Maj5.jpg\",\"datePublished\":\"2021-05-04T07:50:49+00:00\",\"dateModified\":\"2021-08-21T12:48:46+00:00\",\"breadcrumb\":{\"@id\":\"https:\\\/\\\/vrscb.lt\\\/pl\\\/wirtualne-spotkanie-w-centralnej-bibliotece-samorzadu-rejonu-wilenskiego-wiwat-maj-piekny-maj\\\/#breadcrumb\"},\"inLanguage\":\"pl-PL\",\"potentialAction\":[{\"@type\":\"ReadAction\",\"target\":[\"https:\\\/\\\/vrscb.lt\\\/pl\\\/wirtualne-spotkanie-w-centralnej-bibliotece-samorzadu-rejonu-wilenskiego-wiwat-maj-piekny-maj\\\/\"]}]},{\"@type\":\"ImageObject\",\"inLanguage\":\"pl-PL\",\"@id\":\"https:\\\/\\\/vrscb.lt\\\/pl\\\/wirtualne-spotkanie-w-centralnej-bibliotece-samorzadu-rejonu-wilenskiego-wiwat-maj-piekny-maj\\\/#primaryimage\",\"url\":\"https:\\\/\\\/vrscb.lt\\\/wp-content\\\/uploads\\\/2021\\\/05\\\/Witaj-Maj5.jpg\",\"contentUrl\":\"https:\\\/\\\/vrscb.lt\\\/wp-content\\\/uploads\\\/2021\\\/05\\\/Witaj-Maj5.jpg\",\"width\":1080,\"height\":624},{\"@type\":\"BreadcrumbList\",\"@id\":\"https:\\\/\\\/vrscb.lt\\\/pl\\\/wirtualne-spotkanie-w-centralnej-bibliotece-samorzadu-rejonu-wilenskiego-wiwat-maj-piekny-maj\\\/#breadcrumb\",\"itemListElement\":[{\"@type\":\"ListItem\",\"position\":1,\"name\":\"Dom\",\"item\":\"https:\\\/\\\/vrscb.lt\\\/\"},{\"@type\":\"ListItem\",\"position\":2,\"name\":\"Wirtualne spotkanie w Centralnej Bibliotece Samorz\u0105du Rejonu Wile\u0144skiego \u201eWiwat Maj, Pi\u0119kny Maj\u201c\"}]},{\"@type\":\"WebSite\",\"@id\":\"https:\\\/\\\/vrscb.lt\\\/#website\",\"url\":\"https:\\\/\\\/vrscb.lt\\\/\",\"name\":\"Vilniaus rajono savivaldyb\u0117s Centrin\u0117 biblioteka\",\"description\":\"Vilniaus rajono savivaldyb\u0117s Centrin\u0117 biblioteka kvie\u010dia visus prisijungti prie visuotin\u0117s pilietin\u0117s iniciatyvos \u201eAtmintis gyva, nes liudija\u201c ir u\u017edegti atminimo.\",\"publisher\":{\"@id\":\"https:\\\/\\\/vrscb.lt\\\/#organization\"},\"potentialAction\":[{\"@type\":\"SearchAction\",\"target\":{\"@type\":\"EntryPoint\",\"urlTemplate\":\"https:\\\/\\\/vrscb.lt\\\/?s={search_term_string}\"},\"query-input\":{\"@type\":\"PropertyValueSpecification\",\"valueRequired\":true,\"valueName\":\"search_term_string\"}}],\"inLanguage\":\"pl-PL\"},{\"@type\":\"Organization\",\"@id\":\"https:\\\/\\\/vrscb.lt\\\/#organization\",\"name\":\"Vilniaus rajono savivaldyb\u0117s Centrin\u0117 biblioteka\",\"url\":\"https:\\\/\\\/vrscb.lt\\\/\",\"logo\":{\"@type\":\"ImageObject\",\"inLanguage\":\"pl-PL\",\"@id\":\"https:\\\/\\\/vrscb.lt\\\/#\\\/schema\\\/logo\\\/image\\\/\",\"url\":\"https:\\\/\\\/vrscb.lt\\\/wp-content\\\/uploads\\\/2021\\\/02\\\/LOGO_BIBLIOTEKA_RUDAMINA_2018_02_08-1.png\",\"contentUrl\":\"https:\\\/\\\/vrscb.lt\\\/wp-content\\\/uploads\\\/2021\\\/02\\\/LOGO_BIBLIOTEKA_RUDAMINA_2018_02_08-1.png\",\"width\":1084,\"height\":1084,\"caption\":\"Vilniaus rajono savivaldyb\u0117s Centrin\u0117 biblioteka\"},\"image\":{\"@id\":\"https:\\\/\\\/vrscb.lt\\\/#\\\/schema\\\/logo\\\/image\\\/\"}},{\"@type\":\"Person\",\"@id\":\"https:\\\/\\\/vrscb.lt\\\/#\\\/schema\\\/person\\\/0b84365a98053f509501f91b5be6c097\",\"name\":\"VRSCB\",\"image\":{\"@type\":\"ImageObject\",\"inLanguage\":\"pl-PL\",\"@id\":\"https:\\\/\\\/secure.gravatar.com\\\/avatar\\\/cb8817ba573049eab6d3f0458a0218e93a27995fe49a8323902e053d82443b77?s=96&d=mm&r=g\",\"url\":\"https:\\\/\\\/secure.gravatar.com\\\/avatar\\\/cb8817ba573049eab6d3f0458a0218e93a27995fe49a8323902e053d82443b77?s=96&d=mm&r=g\",\"contentUrl\":\"https:\\\/\\\/secure.gravatar.com\\\/avatar\\\/cb8817ba573049eab6d3f0458a0218e93a27995fe49a8323902e053d82443b77?s=96&d=mm&r=g\",\"caption\":\"VRSCB\"},\"url\":\"https:\\\/\\\/vrscb.lt\\\/pl\\\/author\\\/pavelas\\\/\"}]}<\/script>\n<!-- \/ Yoast SEO plugin. -->","yoast_head_json":{"title":"Wirtualne spotkanie w Centralnej Bibliotece Samorz\u0105du Rejonu Wile\u0144skiego \u201eWiwat Maj, Pi\u0119kny Maj\u201c - Vilniaus rajono savivaldyb\u0117s Centrin\u0117 biblioteka","robots":{"index":"index","follow":"follow","max-snippet":"max-snippet:-1","max-image-preview":"max-image-preview:large","max-video-preview":"max-video-preview:-1"},"canonical":"https:\/\/vrscb.lt\/pl\/wirtualne-spotkanie-w-centralnej-bibliotece-samorzadu-rejonu-wilenskiego-wiwat-maj-piekny-maj\/","og_locale":"pl_PL","og_type":"article","og_title":"Wirtualne spotkanie w Centralnej Bibliotece Samorz\u0105du Rejonu Wile\u0144skiego \u201eWiwat Maj, Pi\u0119kny Maj\u201c - Vilniaus rajono savivaldyb\u0117s Centrin\u0117 biblioteka","og_description":"Rok 2021 w Polsce i na Litwie jest og\u0142oszony Rokiem Konstytucji 3 Maja i Zar\u0119czenia Wzajemnego Obojga Narod\u00f3w. W tym roku obchodzimy 230 rocznic\u0119 uchwalenia Konstytucji. Z tej okazji Centralna Biblioteka Samorz\u0105du Rejonu Wile\u0144skiego zorganizowa\u0142a wirtualne spotkanie \u201eWiwat Maj, Pi\u0119kny&hellip; Czytaj wi\u0119cej &ldquo;Wirtualne spotkanie w Centralnej Bibliotece Samorz\u0105du Rejonu Wile\u0144skiego \u201eWiwat Maj, Pi\u0119kny Maj\u201c&rdquo;\u2026","og_url":"https:\/\/vrscb.lt\/pl\/wirtualne-spotkanie-w-centralnej-bibliotece-samorzadu-rejonu-wilenskiego-wiwat-maj-piekny-maj\/","og_site_name":"Vilniaus rajono savivaldyb\u0117s Centrin\u0117 biblioteka","article_published_time":"2021-05-04T07:50:49+00:00","article_modified_time":"2021-08-21T12:48:46+00:00","og_image":[{"width":1080,"height":624,"url":"https:\/\/vrscb.lt\/wp-content\/uploads\/2021\/05\/Witaj-Maj5.jpg","type":"image\/jpeg"}],"author":"VRSCB","twitter_card":"summary_large_image","twitter_misc":{"Napisane przez":"VRSCB","Szacowany czas czytania":"3 minuty"},"schema":{"@context":"https:\/\/schema.org","@graph":[{"@type":"Article","@id":"https:\/\/vrscb.lt\/pl\/wirtualne-spotkanie-w-centralnej-bibliotece-samorzadu-rejonu-wilenskiego-wiwat-maj-piekny-maj\/#article","isPartOf":{"@id":"https:\/\/vrscb.lt\/pl\/wirtualne-spotkanie-w-centralnej-bibliotece-samorzadu-rejonu-wilenskiego-wiwat-maj-piekny-maj\/"},"author":{"name":"VRSCB","@id":"https:\/\/vrscb.lt\/#\/schema\/person\/0b84365a98053f509501f91b5be6c097"},"headline":"Wirtualne spotkanie w Centralnej Bibliotece Samorz\u0105du Rejonu Wile\u0144skiego \u201eWiwat Maj, Pi\u0119kny Maj\u201c","datePublished":"2021-05-04T07:50:49+00:00","dateModified":"2021-08-21T12:48:46+00:00","mainEntityOfPage":{"@id":"https:\/\/vrscb.lt\/pl\/wirtualne-spotkanie-w-centralnej-bibliotece-samorzadu-rejonu-wilenskiego-wiwat-maj-piekny-maj\/"},"wordCount":329,"commentCount":0,"publisher":{"@id":"https:\/\/vrscb.lt\/#organization"},"image":{"@id":"https:\/\/vrscb.lt\/pl\/wirtualne-spotkanie-w-centralnej-bibliotece-samorzadu-rejonu-wilenskiego-wiwat-maj-piekny-maj\/#primaryimage"},"thumbnailUrl":"https:\/\/vrscb.lt\/wp-content\/uploads\/2021\/05\/Witaj-Maj5.jpg","articleSection":["Imprezy"],"inLanguage":"pl-PL","potentialAction":[{"@type":"CommentAction","name":"Comment","target":["https:\/\/vrscb.lt\/pl\/wirtualne-spotkanie-w-centralnej-bibliotece-samorzadu-rejonu-wilenskiego-wiwat-maj-piekny-maj\/#respond"]}]},{"@type":"WebPage","@id":"https:\/\/vrscb.lt\/pl\/wirtualne-spotkanie-w-centralnej-bibliotece-samorzadu-rejonu-wilenskiego-wiwat-maj-piekny-maj\/","url":"https:\/\/vrscb.lt\/pl\/wirtualne-spotkanie-w-centralnej-bibliotece-samorzadu-rejonu-wilenskiego-wiwat-maj-piekny-maj\/","name":"Wirtualne spotkanie w Centralnej Bibliotece Samorz\u0105du Rejonu Wile\u0144skiego \u201eWiwat Maj, Pi\u0119kny Maj\u201c - Vilniaus rajono savivaldyb\u0117s Centrin\u0117 biblioteka","isPartOf":{"@id":"https:\/\/vrscb.lt\/#website"},"primaryImageOfPage":{"@id":"https:\/\/vrscb.lt\/pl\/wirtualne-spotkanie-w-centralnej-bibliotece-samorzadu-rejonu-wilenskiego-wiwat-maj-piekny-maj\/#primaryimage"},"image":{"@id":"https:\/\/vrscb.lt\/pl\/wirtualne-spotkanie-w-centralnej-bibliotece-samorzadu-rejonu-wilenskiego-wiwat-maj-piekny-maj\/#primaryimage"},"thumbnailUrl":"https:\/\/vrscb.lt\/wp-content\/uploads\/2021\/05\/Witaj-Maj5.jpg","datePublished":"2021-05-04T07:50:49+00:00","dateModified":"2021-08-21T12:48:46+00:00","breadcrumb":{"@id":"https:\/\/vrscb.lt\/pl\/wirtualne-spotkanie-w-centralnej-bibliotece-samorzadu-rejonu-wilenskiego-wiwat-maj-piekny-maj\/#breadcrumb"},"inLanguage":"pl-PL","potentialAction":[{"@type":"ReadAction","target":["https:\/\/vrscb.lt\/pl\/wirtualne-spotkanie-w-centralnej-bibliotece-samorzadu-rejonu-wilenskiego-wiwat-maj-piekny-maj\/"]}]},{"@type":"ImageObject","inLanguage":"pl-PL","@id":"https:\/\/vrscb.lt\/pl\/wirtualne-spotkanie-w-centralnej-bibliotece-samorzadu-rejonu-wilenskiego-wiwat-maj-piekny-maj\/#primaryimage","url":"https:\/\/vrscb.lt\/wp-content\/uploads\/2021\/05\/Witaj-Maj5.jpg","contentUrl":"https:\/\/vrscb.lt\/wp-content\/uploads\/2021\/05\/Witaj-Maj5.jpg","width":1080,"height":624},{"@type":"BreadcrumbList","@id":"https:\/\/vrscb.lt\/pl\/wirtualne-spotkanie-w-centralnej-bibliotece-samorzadu-rejonu-wilenskiego-wiwat-maj-piekny-maj\/#breadcrumb","itemListElement":[{"@type":"ListItem","position":1,"name":"Dom","item":"https:\/\/vrscb.lt\/"},{"@type":"ListItem","position":2,"name":"Wirtualne spotkanie w Centralnej Bibliotece Samorz\u0105du Rejonu Wile\u0144skiego \u201eWiwat Maj, Pi\u0119kny Maj\u201c"}]},{"@type":"WebSite","@id":"https:\/\/vrscb.lt\/#website","url":"https:\/\/vrscb.lt\/","name":"Vilniaus rajono savivaldyb\u0117s Centrin\u0117 biblioteka","description":"Vilniaus rajono savivaldyb\u0117s Centrin\u0117 biblioteka kvie\u010dia visus prisijungti prie visuotin\u0117s pilietin\u0117s iniciatyvos \u201eAtmintis gyva, nes liudija\u201c ir u\u017edegti atminimo.","publisher":{"@id":"https:\/\/vrscb.lt\/#organization"},"potentialAction":[{"@type":"SearchAction","target":{"@type":"EntryPoint","urlTemplate":"https:\/\/vrscb.lt\/?s={search_term_string}"},"query-input":{"@type":"PropertyValueSpecification","valueRequired":true,"valueName":"search_term_string"}}],"inLanguage":"pl-PL"},{"@type":"Organization","@id":"https:\/\/vrscb.lt\/#organization","name":"Vilniaus rajono savivaldyb\u0117s Centrin\u0117 biblioteka","url":"https:\/\/vrscb.lt\/","logo":{"@type":"ImageObject","inLanguage":"pl-PL","@id":"https:\/\/vrscb.lt\/#\/schema\/logo\/image\/","url":"https:\/\/vrscb.lt\/wp-content\/uploads\/2021\/02\/LOGO_BIBLIOTEKA_RUDAMINA_2018_02_08-1.png","contentUrl":"https:\/\/vrscb.lt\/wp-content\/uploads\/2021\/02\/LOGO_BIBLIOTEKA_RUDAMINA_2018_02_08-1.png","width":1084,"height":1084,"caption":"Vilniaus rajono savivaldyb\u0117s Centrin\u0117 biblioteka"},"image":{"@id":"https:\/\/vrscb.lt\/#\/schema\/logo\/image\/"}},{"@type":"Person","@id":"https:\/\/vrscb.lt\/#\/schema\/person\/0b84365a98053f509501f91b5be6c097","name":"VRSCB","image":{"@type":"ImageObject","inLanguage":"pl-PL","@id":"https:\/\/secure.gravatar.com\/avatar\/cb8817ba573049eab6d3f0458a0218e93a27995fe49a8323902e053d82443b77?s=96&d=mm&r=g","url":"https:\/\/secure.gravatar.com\/avatar\/cb8817ba573049eab6d3f0458a0218e93a27995fe49a8323902e053d82443b77?s=96&d=mm&r=g","contentUrl":"https:\/\/secure.gravatar.com\/avatar\/cb8817ba573049eab6d3f0458a0218e93a27995fe49a8323902e053d82443b77?s=96&d=mm&r=g","caption":"VRSCB"},"url":"https:\/\/vrscb.lt\/pl\/author\/pavelas\/"}]}},"_links":{"self":[{"href":"https:\/\/vrscb.lt\/pl\/wp-json\/wp\/v2\/posts\/6276","targetHints":{"allow":["GET"]}}],"collection":[{"href":"https:\/\/vrscb.lt\/pl\/wp-json\/wp\/v2\/posts"}],"about":[{"href":"https:\/\/vrscb.lt\/pl\/wp-json\/wp\/v2\/types\/post"}],"author":[{"embeddable":true,"href":"https:\/\/vrscb.lt\/pl\/wp-json\/wp\/v2\/users\/3"}],"replies":[{"embeddable":true,"href":"https:\/\/vrscb.lt\/pl\/wp-json\/wp\/v2\/comments?post=6276"}],"version-history":[{"count":10,"href":"https:\/\/vrscb.lt\/pl\/wp-json\/wp\/v2\/posts\/6276\/revisions"}],"predecessor-version":[{"id":8052,"href":"https:\/\/vrscb.lt\/pl\/wp-json\/wp\/v2\/posts\/6276\/revisions\/8052"}],"wp:featuredmedia":[{"embeddable":true,"href":"https:\/\/vrscb.lt\/pl\/wp-json\/wp\/v2\/media\/6239"}],"wp:attachment":[{"href":"https:\/\/vrscb.lt\/pl\/wp-json\/wp\/v2\/media?parent=6276"}],"wp:term":[{"taxonomy":"category","embeddable":true,"href":"https:\/\/vrscb.lt\/pl\/wp-json\/wp\/v2\/categories?post=6276"},{"taxonomy":"post_tag","embeddable":true,"href":"https:\/\/vrscb.lt\/pl\/wp-json\/wp\/v2\/tags?post=6276"}],"curies":[{"name":"wp","href":"https:\/\/api.w.org\/{rel}","templated":true}]}}