
{"id":6328,"date":"2021-05-10T12:17:27","date_gmt":"2021-05-10T09:17:27","guid":{"rendered":"https:\/\/vrscb.lt\/?p=6328"},"modified":"2021-05-10T12:18:42","modified_gmt":"2021-05-10T09:18:42","slug":"centralna-biblioteka-samorzadu-rejonu-wilenskiego-wziela-udzial-w-kampanii-darom","status":"publish","type":"post","link":"https:\/\/vrscb.lt\/pl\/centralna-biblioteka-samorzadu-rejonu-wilenskiego-wziela-udzial-w-kampanii-darom\/","title":{"rendered":"Centralna Biblioteka Samorz\u0105du Rejonu Wile\u0144skiego wzi\u0119\u0142a udzia\u0142 w kampanii \u201eDarom\u201d"},"content":{"rendered":"\t\t<div data-elementor-type=\"wp-post\" data-elementor-id=\"6328\" class=\"elementor elementor-6328\" data-elementor-post-type=\"post\">\n\t\t\t\t\t\t<section class=\"elementor-section elementor-top-section elementor-element elementor-element-55673292 elementor-section-boxed elementor-section-height-default elementor-section-height-default\" data-id=\"55673292\" data-element_type=\"section\" data-e-type=\"section\">\n\t\t\t\t\t\t<div class=\"elementor-container elementor-column-gap-default\">\n\t\t\t\t\t<div class=\"elementor-column elementor-col-100 elementor-top-column elementor-element elementor-element-2eeb896b\" data-id=\"2eeb896b\" data-element_type=\"column\" data-e-type=\"column\">\n\t\t\t<div class=\"elementor-widget-wrap elementor-element-populated\">\n\t\t\t\t\t\t<div class=\"elementor-element elementor-element-4ba3bf2c elementor-widget elementor-widget-text-editor\" data-id=\"4ba3bf2c\" data-element_type=\"widget\" data-e-type=\"widget\" data-widget_type=\"text-editor.default\">\n\t\t\t\t<div class=\"elementor-widget-container\">\n\t\t\t\t\t\t\t\t\t\n<p>Tradycyjna akcja \u201eDarom\u201d w 2021 roku wr\u00f3ci\u0142a z nowym mottem \u2013 \u201eZr\u00f3bmy to do ko\u0144ca. Zbierz. Sortuj. Przeka\u017c.\u201d G\u0142\u00f3wnym celem akcji jest dbanie o \u015brodowisko przyrodnicze oraz jego ochrona.<\/p>\n\n\n\n<p>W akcji zarejestrowali si\u0119 pracownicy Centralnej Biblioteki Samorz\u0105du Rejonu Wile\u0144skiego, kt\u00f3rzy zostali wolontariuszami-koordynatorami gminy Rudamino. Przed pocz\u0105tkiem akcji wolontariusze musieli oznaczy\u0107 w aplikacji mobilnej najbardziej zanieczyszczone miejsca starostwa. W dniach 7 i 8 maja pracownicy Centralnej Biblioteki Samorz\u0105du Rejonu Wile\u0144skiego, filii we wsi Porudomino, we wsi Wo\u0142czuny, na czele z dyrektorem Miros\u0142awem Wojciulewiczem porz\u0105dkowali terytorium w pobli\u017cu Ko\u015bcio\u0142a pw. Matki Bo\u017cej Dobrej Rady, ruiny cerkwi w Rudominie, teren ulic Szi\u0142o i Paupio we wsi Kalwiszki. Wszyscy uczestnicy akcji byli w dobrym nastroju sensownie sp\u0119dzaj\u0105c czas. Mamy nadziej\u0119, \u017ce ten przyk\u0142ad zach\u0119ci spo\u0142ecze\u0144stwo do poczucia odpowiedzialno\u015bci za jako\u015b\u0107 naszego \u015brodowiska i \u017cycia ka\u017cdego z nas.<\/p>\n\n\n\n<p>Dzi\u0119kujemy dla gminy Rudomino za wsp\u00f3\u0142prac\u0119 oraz dla \u201eNem\u0117\u017eio komunalininkas\u201d za szybki wyw\u00f3z \u015bmieci.<\/p>\n\t\t\t\t\t\t\t\t<\/div>\n\t\t\t\t<\/div>\n\t\t\t\t\t<\/div>\n\t\t<\/div>\n\t\t\t\t\t<\/div>\n\t\t<\/section>\n\t\t\t\t<section class=\"elementor-section elementor-top-section elementor-element elementor-element-671d63f elementor-section-boxed elementor-section-height-default elementor-section-height-default\" data-id=\"671d63f\" data-element_type=\"section\" data-e-type=\"section\">\n\t\t\t\t\t\t<div class=\"elementor-container elementor-column-gap-default\">\n\t\t\t\t\t<div class=\"elementor-column elementor-col-100 elementor-top-column elementor-element elementor-element-621d9a1\" data-id=\"621d9a1\" data-element_type=\"column\" data-e-type=\"column\">\n\t\t\t<div class=\"elementor-widget-wrap elementor-element-populated\">\n\t\t\t\t\t\t<div class=\"elementor-element elementor-element-f45b93e gallery-spacing-custom elementor-widget elementor-widget-image-gallery\" data-id=\"f45b93e\" data-element_type=\"widget\" data-e-type=\"widget\" data-widget_type=\"image-gallery.default\">\n\t\t\t\t<div class=\"elementor-widget-container\">\n\t\t\t\t\t\t\t<div class=\"elementor-image-gallery\">\n\t\t\t<div id='gallery-1' class='gallery galleryid-6328 gallery-columns-4 gallery-size-thumbnail'><figure class='gallery-item'>\n\t\t\t<div class='gallery-icon portrait'>\n\t\t\t\t<a data-elementor-open-lightbox=\"yes\" data-elementor-lightbox-slideshow=\"f45b93e\" data-elementor-lightbox-title=\"darom7\" data-e-action-hash=\"#elementor-action%3Aaction%3Dlightbox%26settings%3DeyJpZCI6NjMyMiwidXJsIjoiaHR0cHM6XC9cL3Zyc2NiLmx0XC93cC1jb250ZW50XC91cGxvYWRzXC8yMDIxXC8wNVwvZGFyb203LXJvdGF0ZWQuanBnIiwic2xpZGVzaG93IjoiZjQ1YjkzZSJ9\" href='https:\/\/vrscb.lt\/wp-content\/uploads\/2021\/05\/darom7-rotated.jpg'><img fetchpriority=\"high\" decoding=\"async\" width=\"480\" height=\"270\" src=\"https:\/\/vrscb.lt\/wp-content\/uploads\/2021\/05\/darom7-480x270.jpg\" class=\"attachment-thumbnail size-thumbnail\" alt=\"\" \/><\/a>\n\t\t\t<\/div><\/figure><figure class='gallery-item'>\n\t\t\t<div class='gallery-icon portrait'>\n\t\t\t\t<a data-elementor-open-lightbox=\"yes\" data-elementor-lightbox-slideshow=\"f45b93e\" data-elementor-lightbox-title=\"darom6\" data-e-action-hash=\"#elementor-action%3Aaction%3Dlightbox%26settings%3DeyJpZCI6NjMxOCwidXJsIjoiaHR0cHM6XC9cL3Zyc2NiLmx0XC93cC1jb250ZW50XC91cGxvYWRzXC8yMDIxXC8wNVwvZGFyb202LmpwZyIsInNsaWRlc2hvdyI6ImY0NWI5M2UifQ%3D%3D\" href='https:\/\/vrscb.lt\/wp-content\/uploads\/2021\/05\/darom6.jpg'><img decoding=\"async\" width=\"480\" height=\"270\" src=\"https:\/\/vrscb.lt\/wp-content\/uploads\/2021\/05\/darom6-480x270.jpg\" class=\"attachment-thumbnail size-thumbnail\" alt=\"\" \/><\/a>\n\t\t\t<\/div><\/figure><figure class='gallery-item'>\n\t\t\t<div class='gallery-icon landscape'>\n\t\t\t\t<a data-elementor-open-lightbox=\"yes\" data-elementor-lightbox-slideshow=\"f45b93e\" data-elementor-lightbox-title=\"darom5\" data-e-action-hash=\"#elementor-action%3Aaction%3Dlightbox%26settings%3DeyJpZCI6NjMxNCwidXJsIjoiaHR0cHM6XC9cL3Zyc2NiLmx0XC93cC1jb250ZW50XC91cGxvYWRzXC8yMDIxXC8wNVwvZGFyb201LmpwZyIsInNsaWRlc2hvdyI6ImY0NWI5M2UifQ%3D%3D\" href='https:\/\/vrscb.lt\/wp-content\/uploads\/2021\/05\/darom5.jpg'><img decoding=\"async\" width=\"480\" height=\"270\" src=\"https:\/\/vrscb.lt\/wp-content\/uploads\/2021\/05\/darom5-480x270.jpg\" class=\"attachment-thumbnail size-thumbnail\" alt=\"\" \/><\/a>\n\t\t\t<\/div><\/figure><figure class='gallery-item'>\n\t\t\t<div class='gallery-icon portrait'>\n\t\t\t\t<a data-elementor-open-lightbox=\"yes\" data-elementor-lightbox-slideshow=\"f45b93e\" data-elementor-lightbox-title=\"darom4\" data-e-action-hash=\"#elementor-action%3Aaction%3Dlightbox%26settings%3DeyJpZCI6NjMxMCwidXJsIjoiaHR0cHM6XC9cL3Zyc2NiLmx0XC93cC1jb250ZW50XC91cGxvYWRzXC8yMDIxXC8wNVwvZGFyb200LmpwZyIsInNsaWRlc2hvdyI6ImY0NWI5M2UifQ%3D%3D\" href='https:\/\/vrscb.lt\/wp-content\/uploads\/2021\/05\/darom4.jpg'><img loading=\"lazy\" decoding=\"async\" width=\"480\" height=\"270\" src=\"https:\/\/vrscb.lt\/wp-content\/uploads\/2021\/05\/darom4-480x270.jpg\" class=\"attachment-thumbnail size-thumbnail\" alt=\"\" \/><\/a>\n\t\t\t<\/div><\/figure><figure class='gallery-item'>\n\t\t\t<div class='gallery-icon portrait'>\n\t\t\t\t<a data-elementor-open-lightbox=\"yes\" data-elementor-lightbox-slideshow=\"f45b93e\" data-elementor-lightbox-title=\"darom3\" data-e-action-hash=\"#elementor-action%3Aaction%3Dlightbox%26settings%3DeyJpZCI6NjMwNiwidXJsIjoiaHR0cHM6XC9cL3Zyc2NiLmx0XC93cC1jb250ZW50XC91cGxvYWRzXC8yMDIxXC8wNVwvZGFyb20zLmpwZyIsInNsaWRlc2hvdyI6ImY0NWI5M2UifQ%3D%3D\" href='https:\/\/vrscb.lt\/wp-content\/uploads\/2021\/05\/darom3.jpg'><img loading=\"lazy\" decoding=\"async\" width=\"480\" height=\"270\" src=\"https:\/\/vrscb.lt\/wp-content\/uploads\/2021\/05\/darom3-480x270.jpg\" class=\"attachment-thumbnail size-thumbnail\" alt=\"\" \/><\/a>\n\t\t\t<\/div><\/figure><figure class='gallery-item'>\n\t\t\t<div class='gallery-icon landscape'>\n\t\t\t\t<a data-elementor-open-lightbox=\"yes\" data-elementor-lightbox-slideshow=\"f45b93e\" data-elementor-lightbox-title=\"darom2\" data-e-action-hash=\"#elementor-action%3Aaction%3Dlightbox%26settings%3DeyJpZCI6NjMwMiwidXJsIjoiaHR0cHM6XC9cL3Zyc2NiLmx0XC93cC1jb250ZW50XC91cGxvYWRzXC8yMDIxXC8wNVwvZGFyb20yLmpwZyIsInNsaWRlc2hvdyI6ImY0NWI5M2UifQ%3D%3D\" href='https:\/\/vrscb.lt\/wp-content\/uploads\/2021\/05\/darom2.jpg'><img loading=\"lazy\" decoding=\"async\" width=\"480\" height=\"270\" src=\"https:\/\/vrscb.lt\/wp-content\/uploads\/2021\/05\/darom2-480x270.jpg\" class=\"attachment-thumbnail size-thumbnail\" alt=\"\" \/><\/a>\n\t\t\t<\/div><\/figure><figure class='gallery-item'>\n\t\t\t<div class='gallery-icon landscape'>\n\t\t\t\t<a data-elementor-open-lightbox=\"yes\" data-elementor-lightbox-slideshow=\"f45b93e\" data-elementor-lightbox-title=\"darom1\" data-e-action-hash=\"#elementor-action%3Aaction%3Dlightbox%26settings%3DeyJpZCI6NjI5OCwidXJsIjoiaHR0cHM6XC9cL3Zyc2NiLmx0XC93cC1jb250ZW50XC91cGxvYWRzXC8yMDIxXC8wNVwvZGFyb20xLmpwZyIsInNsaWRlc2hvdyI6ImY0NWI5M2UifQ%3D%3D\" href='https:\/\/vrscb.lt\/wp-content\/uploads\/2021\/05\/darom1.jpg'><img loading=\"lazy\" decoding=\"async\" width=\"480\" height=\"270\" src=\"https:\/\/vrscb.lt\/wp-content\/uploads\/2021\/05\/darom1-480x270.jpg\" class=\"attachment-thumbnail size-thumbnail\" alt=\"\" \/><\/a>\n\t\t\t<\/div><\/figure><figure class='gallery-item'>\n\t\t\t<div class='gallery-icon landscape'>\n\t\t\t\t<a data-elementor-open-lightbox=\"yes\" data-elementor-lightbox-slideshow=\"f45b93e\" data-elementor-lightbox-title=\"darom\" data-e-action-hash=\"#elementor-action%3Aaction%3Dlightbox%26settings%3DeyJpZCI6NjI5MiwidXJsIjoiaHR0cHM6XC9cL3Zyc2NiLmx0XC93cC1jb250ZW50XC91cGxvYWRzXC8yMDIxXC8wNVwvZGFyb20uanBnIiwic2xpZGVzaG93IjoiZjQ1YjkzZSJ9\" href='https:\/\/vrscb.lt\/wp-content\/uploads\/2021\/05\/darom.jpg'><img loading=\"lazy\" decoding=\"async\" width=\"480\" height=\"270\" src=\"https:\/\/vrscb.lt\/wp-content\/uploads\/2021\/05\/darom-480x270.jpg\" class=\"attachment-thumbnail size-thumbnail\" alt=\"\" \/><\/a>\n\t\t\t<\/div><\/figure>\n\t\t<\/div>\n\t\t<\/div>\n\t\t\t\t\t\t<\/div>\n\t\t\t\t<\/div>\n\t\t\t\t\t<\/div>\n\t\t<\/div>\n\t\t\t\t\t<\/div>\n\t\t<\/section>\n\t\t\t\t<\/div>\n\t\t","protected":false},"excerpt":{"rendered":"<div class=\"entry-summary\">\nTradycyjna akcja \u201eDarom\u201d w 2021 roku wr\u00f3ci\u0142a z nowym mottem \u2013 \u201eZr\u00f3bmy to do ko\u0144ca. Zbierz. Sortuj. Przeka\u017c.\u201d G\u0142\u00f3wnym celem akcji jest dbanie o \u015brodowisko przyrodnicze oraz jego ochrona. W akcji zarejestrowali si\u0119 pracownicy Centralnej Biblioteki Samorz\u0105du Rejonu Wile\u0144skiego, kt\u00f3rzy&hellip;\n<\/div>\n<div class=\"link-more\"><a href=\"https:\/\/vrscb.lt\/pl\/centralna-biblioteka-samorzadu-rejonu-wilenskiego-wziela-udzial-w-kampanii-darom\/\" class=\"more-link\">Czytaj wi\u0119cej<span class=\"screen-reader-text\"> &ldquo;Centralna Biblioteka Samorz\u0105du Rejonu Wile\u0144skiego wzi\u0119\u0142a udzia\u0142 w kampanii \u201eDarom\u201d&rdquo;<\/span>\u2026<\/a><\/div>\n","protected":false},"author":3,"featured_media":6292,"comment_status":"open","ping_status":"open","sticky":false,"template":"","format":"standard","meta":{"_acf_changed":false,"footnotes":""},"categories":[95],"tags":[],"class_list":["post-6328","post","type-post","status-publish","format-standard","has-post-thumbnail","hentry","category-aktualnosci","entry"],"acf":[],"yoast_head":"<!-- This site is optimized with the Yoast SEO plugin v27.5 - https:\/\/yoast.com\/product\/yoast-seo-wordpress\/ -->\n<title>Centralna Biblioteka Samorz\u0105du Rejonu Wile\u0144skiego wzi\u0119\u0142a udzia\u0142 w kampanii \u201eDarom\u201d - Vilniaus rajono savivaldyb\u0117s Centrin\u0117 biblioteka<\/title>\n<meta name=\"robots\" content=\"index, follow, max-snippet:-1, max-image-preview:large, max-video-preview:-1\" \/>\n<link rel=\"canonical\" href=\"https:\/\/vrscb.lt\/pl\/centralna-biblioteka-samorzadu-rejonu-wilenskiego-wziela-udzial-w-kampanii-darom\/\" \/>\n<meta property=\"og:locale\" content=\"pl_PL\" \/>\n<meta property=\"og:type\" content=\"article\" \/>\n<meta property=\"og:title\" content=\"Centralna Biblioteka Samorz\u0105du Rejonu Wile\u0144skiego wzi\u0119\u0142a udzia\u0142 w kampanii \u201eDarom\u201d - Vilniaus rajono savivaldyb\u0117s Centrin\u0117 biblioteka\" \/>\n<meta property=\"og:description\" content=\"Tradycyjna akcja \u201eDarom\u201d w 2021 roku wr\u00f3ci\u0142a z nowym mottem \u2013 \u201eZr\u00f3bmy to do ko\u0144ca. Zbierz. Sortuj. Przeka\u017c.\u201d G\u0142\u00f3wnym celem akcji jest dbanie o \u015brodowisko przyrodnicze oraz jego ochrona. W akcji zarejestrowali si\u0119 pracownicy Centralnej Biblioteki Samorz\u0105du Rejonu Wile\u0144skiego, kt\u00f3rzy&hellip; Czytaj wi\u0119cej &ldquo;Centralna Biblioteka Samorz\u0105du Rejonu Wile\u0144skiego wzi\u0119\u0142a udzia\u0142 w kampanii \u201eDarom\u201d&rdquo;\u2026\" \/>\n<meta property=\"og:url\" content=\"https:\/\/vrscb.lt\/pl\/centralna-biblioteka-samorzadu-rejonu-wilenskiego-wziela-udzial-w-kampanii-darom\/\" \/>\n<meta property=\"og:site_name\" content=\"Vilniaus rajono savivaldyb\u0117s Centrin\u0117 biblioteka\" \/>\n<meta property=\"article:published_time\" content=\"2021-05-10T09:17:27+00:00\" \/>\n<meta property=\"article:modified_time\" content=\"2021-05-10T09:18:42+00:00\" \/>\n<meta property=\"og:image\" content=\"https:\/\/vrscb.lt\/wp-content\/uploads\/2021\/05\/darom.jpg\" \/>\n\t<meta property=\"og:image:width\" content=\"1080\" \/>\n\t<meta property=\"og:image:height\" content=\"810\" \/>\n\t<meta property=\"og:image:type\" content=\"image\/jpeg\" \/>\n<meta name=\"author\" content=\"VRSCB\" \/>\n<meta name=\"twitter:card\" content=\"summary_large_image\" \/>\n<meta name=\"twitter:label1\" content=\"Napisane przez\" \/>\n\t<meta name=\"twitter:data1\" content=\"VRSCB\" \/>\n\t<meta name=\"twitter:label2\" content=\"Szacowany czas czytania\" \/>\n\t<meta name=\"twitter:data2\" content=\"3 minuty\" \/>\n<script type=\"application\/ld+json\" class=\"yoast-schema-graph\">{\"@context\":\"https:\\\/\\\/schema.org\",\"@graph\":[{\"@type\":\"Article\",\"@id\":\"https:\\\/\\\/vrscb.lt\\\/pl\\\/centralna-biblioteka-samorzadu-rejonu-wilenskiego-wziela-udzial-w-kampanii-darom\\\/#article\",\"isPartOf\":{\"@id\":\"https:\\\/\\\/vrscb.lt\\\/pl\\\/centralna-biblioteka-samorzadu-rejonu-wilenskiego-wziela-udzial-w-kampanii-darom\\\/\"},\"author\":{\"name\":\"VRSCB\",\"@id\":\"https:\\\/\\\/vrscb.lt\\\/#\\\/schema\\\/person\\\/0b84365a98053f509501f91b5be6c097\"},\"headline\":\"Centralna Biblioteka Samorz\u0105du Rejonu Wile\u0144skiego wzi\u0119\u0142a udzia\u0142 w kampanii \u201eDarom\u201d\",\"datePublished\":\"2021-05-10T09:17:27+00:00\",\"dateModified\":\"2021-05-10T09:18:42+00:00\",\"mainEntityOfPage\":{\"@id\":\"https:\\\/\\\/vrscb.lt\\\/pl\\\/centralna-biblioteka-samorzadu-rejonu-wilenskiego-wziela-udzial-w-kampanii-darom\\\/\"},\"wordCount\":187,\"commentCount\":0,\"publisher\":{\"@id\":\"https:\\\/\\\/vrscb.lt\\\/#organization\"},\"image\":{\"@id\":\"https:\\\/\\\/vrscb.lt\\\/pl\\\/centralna-biblioteka-samorzadu-rejonu-wilenskiego-wziela-udzial-w-kampanii-darom\\\/#primaryimage\"},\"thumbnailUrl\":\"https:\\\/\\\/vrscb.lt\\\/wp-content\\\/uploads\\\/2021\\\/05\\\/darom.jpg\",\"articleSection\":[\"Aktualno\u015bci\"],\"inLanguage\":\"pl-PL\",\"potentialAction\":[{\"@type\":\"CommentAction\",\"name\":\"Comment\",\"target\":[\"https:\\\/\\\/vrscb.lt\\\/pl\\\/centralna-biblioteka-samorzadu-rejonu-wilenskiego-wziela-udzial-w-kampanii-darom\\\/#respond\"]}]},{\"@type\":\"WebPage\",\"@id\":\"https:\\\/\\\/vrscb.lt\\\/pl\\\/centralna-biblioteka-samorzadu-rejonu-wilenskiego-wziela-udzial-w-kampanii-darom\\\/\",\"url\":\"https:\\\/\\\/vrscb.lt\\\/pl\\\/centralna-biblioteka-samorzadu-rejonu-wilenskiego-wziela-udzial-w-kampanii-darom\\\/\",\"name\":\"Centralna Biblioteka Samorz\u0105du Rejonu Wile\u0144skiego wzi\u0119\u0142a udzia\u0142 w kampanii \u201eDarom\u201d - Vilniaus rajono savivaldyb\u0117s Centrin\u0117 biblioteka\",\"isPartOf\":{\"@id\":\"https:\\\/\\\/vrscb.lt\\\/#website\"},\"primaryImageOfPage\":{\"@id\":\"https:\\\/\\\/vrscb.lt\\\/pl\\\/centralna-biblioteka-samorzadu-rejonu-wilenskiego-wziela-udzial-w-kampanii-darom\\\/#primaryimage\"},\"image\":{\"@id\":\"https:\\\/\\\/vrscb.lt\\\/pl\\\/centralna-biblioteka-samorzadu-rejonu-wilenskiego-wziela-udzial-w-kampanii-darom\\\/#primaryimage\"},\"thumbnailUrl\":\"https:\\\/\\\/vrscb.lt\\\/wp-content\\\/uploads\\\/2021\\\/05\\\/darom.jpg\",\"datePublished\":\"2021-05-10T09:17:27+00:00\",\"dateModified\":\"2021-05-10T09:18:42+00:00\",\"breadcrumb\":{\"@id\":\"https:\\\/\\\/vrscb.lt\\\/pl\\\/centralna-biblioteka-samorzadu-rejonu-wilenskiego-wziela-udzial-w-kampanii-darom\\\/#breadcrumb\"},\"inLanguage\":\"pl-PL\",\"potentialAction\":[{\"@type\":\"ReadAction\",\"target\":[\"https:\\\/\\\/vrscb.lt\\\/pl\\\/centralna-biblioteka-samorzadu-rejonu-wilenskiego-wziela-udzial-w-kampanii-darom\\\/\"]}]},{\"@type\":\"ImageObject\",\"inLanguage\":\"pl-PL\",\"@id\":\"https:\\\/\\\/vrscb.lt\\\/pl\\\/centralna-biblioteka-samorzadu-rejonu-wilenskiego-wziela-udzial-w-kampanii-darom\\\/#primaryimage\",\"url\":\"https:\\\/\\\/vrscb.lt\\\/wp-content\\\/uploads\\\/2021\\\/05\\\/darom.jpg\",\"contentUrl\":\"https:\\\/\\\/vrscb.lt\\\/wp-content\\\/uploads\\\/2021\\\/05\\\/darom.jpg\",\"width\":1080,\"height\":810},{\"@type\":\"BreadcrumbList\",\"@id\":\"https:\\\/\\\/vrscb.lt\\\/pl\\\/centralna-biblioteka-samorzadu-rejonu-wilenskiego-wziela-udzial-w-kampanii-darom\\\/#breadcrumb\",\"itemListElement\":[{\"@type\":\"ListItem\",\"position\":1,\"name\":\"Dom\",\"item\":\"https:\\\/\\\/vrscb.lt\\\/\"},{\"@type\":\"ListItem\",\"position\":2,\"name\":\"Centralna Biblioteka Samorz\u0105du Rejonu Wile\u0144skiego wzi\u0119\u0142a udzia\u0142 w kampanii \u201eDarom\u201d\"}]},{\"@type\":\"WebSite\",\"@id\":\"https:\\\/\\\/vrscb.lt\\\/#website\",\"url\":\"https:\\\/\\\/vrscb.lt\\\/\",\"name\":\"Vilniaus rajono savivaldyb\u0117s Centrin\u0117 biblioteka\",\"description\":\"Vilniaus rajono savivaldyb\u0117s Centrin\u0117 biblioteka kvie\u010dia visus prisijungti prie visuotin\u0117s pilietin\u0117s iniciatyvos \u201eAtmintis gyva, nes liudija\u201c ir u\u017edegti atminimo.\",\"publisher\":{\"@id\":\"https:\\\/\\\/vrscb.lt\\\/#organization\"},\"potentialAction\":[{\"@type\":\"SearchAction\",\"target\":{\"@type\":\"EntryPoint\",\"urlTemplate\":\"https:\\\/\\\/vrscb.lt\\\/?s={search_term_string}\"},\"query-input\":{\"@type\":\"PropertyValueSpecification\",\"valueRequired\":true,\"valueName\":\"search_term_string\"}}],\"inLanguage\":\"pl-PL\"},{\"@type\":\"Organization\",\"@id\":\"https:\\\/\\\/vrscb.lt\\\/#organization\",\"name\":\"Vilniaus rajono savivaldyb\u0117s Centrin\u0117 biblioteka\",\"url\":\"https:\\\/\\\/vrscb.lt\\\/\",\"logo\":{\"@type\":\"ImageObject\",\"inLanguage\":\"pl-PL\",\"@id\":\"https:\\\/\\\/vrscb.lt\\\/#\\\/schema\\\/logo\\\/image\\\/\",\"url\":\"https:\\\/\\\/vrscb.lt\\\/wp-content\\\/uploads\\\/2021\\\/02\\\/LOGO_BIBLIOTEKA_RUDAMINA_2018_02_08-1.png\",\"contentUrl\":\"https:\\\/\\\/vrscb.lt\\\/wp-content\\\/uploads\\\/2021\\\/02\\\/LOGO_BIBLIOTEKA_RUDAMINA_2018_02_08-1.png\",\"width\":1084,\"height\":1084,\"caption\":\"Vilniaus rajono savivaldyb\u0117s Centrin\u0117 biblioteka\"},\"image\":{\"@id\":\"https:\\\/\\\/vrscb.lt\\\/#\\\/schema\\\/logo\\\/image\\\/\"}},{\"@type\":\"Person\",\"@id\":\"https:\\\/\\\/vrscb.lt\\\/#\\\/schema\\\/person\\\/0b84365a98053f509501f91b5be6c097\",\"name\":\"VRSCB\",\"image\":{\"@type\":\"ImageObject\",\"inLanguage\":\"pl-PL\",\"@id\":\"https:\\\/\\\/secure.gravatar.com\\\/avatar\\\/cb8817ba573049eab6d3f0458a0218e93a27995fe49a8323902e053d82443b77?s=96&d=mm&r=g\",\"url\":\"https:\\\/\\\/secure.gravatar.com\\\/avatar\\\/cb8817ba573049eab6d3f0458a0218e93a27995fe49a8323902e053d82443b77?s=96&d=mm&r=g\",\"contentUrl\":\"https:\\\/\\\/secure.gravatar.com\\\/avatar\\\/cb8817ba573049eab6d3f0458a0218e93a27995fe49a8323902e053d82443b77?s=96&d=mm&r=g\",\"caption\":\"VRSCB\"},\"url\":\"https:\\\/\\\/vrscb.lt\\\/pl\\\/author\\\/pavelas\\\/\"}]}<\/script>\n<!-- \/ Yoast SEO plugin. -->","yoast_head_json":{"title":"Centralna Biblioteka Samorz\u0105du Rejonu Wile\u0144skiego wzi\u0119\u0142a udzia\u0142 w kampanii \u201eDarom\u201d - Vilniaus rajono savivaldyb\u0117s Centrin\u0117 biblioteka","robots":{"index":"index","follow":"follow","max-snippet":"max-snippet:-1","max-image-preview":"max-image-preview:large","max-video-preview":"max-video-preview:-1"},"canonical":"https:\/\/vrscb.lt\/pl\/centralna-biblioteka-samorzadu-rejonu-wilenskiego-wziela-udzial-w-kampanii-darom\/","og_locale":"pl_PL","og_type":"article","og_title":"Centralna Biblioteka Samorz\u0105du Rejonu Wile\u0144skiego wzi\u0119\u0142a udzia\u0142 w kampanii \u201eDarom\u201d - Vilniaus rajono savivaldyb\u0117s Centrin\u0117 biblioteka","og_description":"Tradycyjna akcja \u201eDarom\u201d w 2021 roku wr\u00f3ci\u0142a z nowym mottem \u2013 \u201eZr\u00f3bmy to do ko\u0144ca. Zbierz. Sortuj. Przeka\u017c.\u201d G\u0142\u00f3wnym celem akcji jest dbanie o \u015brodowisko przyrodnicze oraz jego ochrona. W akcji zarejestrowali si\u0119 pracownicy Centralnej Biblioteki Samorz\u0105du Rejonu Wile\u0144skiego, kt\u00f3rzy&hellip; Czytaj wi\u0119cej &ldquo;Centralna Biblioteka Samorz\u0105du Rejonu Wile\u0144skiego wzi\u0119\u0142a udzia\u0142 w kampanii \u201eDarom\u201d&rdquo;\u2026","og_url":"https:\/\/vrscb.lt\/pl\/centralna-biblioteka-samorzadu-rejonu-wilenskiego-wziela-udzial-w-kampanii-darom\/","og_site_name":"Vilniaus rajono savivaldyb\u0117s Centrin\u0117 biblioteka","article_published_time":"2021-05-10T09:17:27+00:00","article_modified_time":"2021-05-10T09:18:42+00:00","og_image":[{"width":1080,"height":810,"url":"https:\/\/vrscb.lt\/wp-content\/uploads\/2021\/05\/darom.jpg","type":"image\/jpeg"}],"author":"VRSCB","twitter_card":"summary_large_image","twitter_misc":{"Napisane przez":"VRSCB","Szacowany czas czytania":"3 minuty"},"schema":{"@context":"https:\/\/schema.org","@graph":[{"@type":"Article","@id":"https:\/\/vrscb.lt\/pl\/centralna-biblioteka-samorzadu-rejonu-wilenskiego-wziela-udzial-w-kampanii-darom\/#article","isPartOf":{"@id":"https:\/\/vrscb.lt\/pl\/centralna-biblioteka-samorzadu-rejonu-wilenskiego-wziela-udzial-w-kampanii-darom\/"},"author":{"name":"VRSCB","@id":"https:\/\/vrscb.lt\/#\/schema\/person\/0b84365a98053f509501f91b5be6c097"},"headline":"Centralna Biblioteka Samorz\u0105du Rejonu Wile\u0144skiego wzi\u0119\u0142a udzia\u0142 w kampanii \u201eDarom\u201d","datePublished":"2021-05-10T09:17:27+00:00","dateModified":"2021-05-10T09:18:42+00:00","mainEntityOfPage":{"@id":"https:\/\/vrscb.lt\/pl\/centralna-biblioteka-samorzadu-rejonu-wilenskiego-wziela-udzial-w-kampanii-darom\/"},"wordCount":187,"commentCount":0,"publisher":{"@id":"https:\/\/vrscb.lt\/#organization"},"image":{"@id":"https:\/\/vrscb.lt\/pl\/centralna-biblioteka-samorzadu-rejonu-wilenskiego-wziela-udzial-w-kampanii-darom\/#primaryimage"},"thumbnailUrl":"https:\/\/vrscb.lt\/wp-content\/uploads\/2021\/05\/darom.jpg","articleSection":["Aktualno\u015bci"],"inLanguage":"pl-PL","potentialAction":[{"@type":"CommentAction","name":"Comment","target":["https:\/\/vrscb.lt\/pl\/centralna-biblioteka-samorzadu-rejonu-wilenskiego-wziela-udzial-w-kampanii-darom\/#respond"]}]},{"@type":"WebPage","@id":"https:\/\/vrscb.lt\/pl\/centralna-biblioteka-samorzadu-rejonu-wilenskiego-wziela-udzial-w-kampanii-darom\/","url":"https:\/\/vrscb.lt\/pl\/centralna-biblioteka-samorzadu-rejonu-wilenskiego-wziela-udzial-w-kampanii-darom\/","name":"Centralna Biblioteka Samorz\u0105du Rejonu Wile\u0144skiego wzi\u0119\u0142a udzia\u0142 w kampanii \u201eDarom\u201d - Vilniaus rajono savivaldyb\u0117s Centrin\u0117 biblioteka","isPartOf":{"@id":"https:\/\/vrscb.lt\/#website"},"primaryImageOfPage":{"@id":"https:\/\/vrscb.lt\/pl\/centralna-biblioteka-samorzadu-rejonu-wilenskiego-wziela-udzial-w-kampanii-darom\/#primaryimage"},"image":{"@id":"https:\/\/vrscb.lt\/pl\/centralna-biblioteka-samorzadu-rejonu-wilenskiego-wziela-udzial-w-kampanii-darom\/#primaryimage"},"thumbnailUrl":"https:\/\/vrscb.lt\/wp-content\/uploads\/2021\/05\/darom.jpg","datePublished":"2021-05-10T09:17:27+00:00","dateModified":"2021-05-10T09:18:42+00:00","breadcrumb":{"@id":"https:\/\/vrscb.lt\/pl\/centralna-biblioteka-samorzadu-rejonu-wilenskiego-wziela-udzial-w-kampanii-darom\/#breadcrumb"},"inLanguage":"pl-PL","potentialAction":[{"@type":"ReadAction","target":["https:\/\/vrscb.lt\/pl\/centralna-biblioteka-samorzadu-rejonu-wilenskiego-wziela-udzial-w-kampanii-darom\/"]}]},{"@type":"ImageObject","inLanguage":"pl-PL","@id":"https:\/\/vrscb.lt\/pl\/centralna-biblioteka-samorzadu-rejonu-wilenskiego-wziela-udzial-w-kampanii-darom\/#primaryimage","url":"https:\/\/vrscb.lt\/wp-content\/uploads\/2021\/05\/darom.jpg","contentUrl":"https:\/\/vrscb.lt\/wp-content\/uploads\/2021\/05\/darom.jpg","width":1080,"height":810},{"@type":"BreadcrumbList","@id":"https:\/\/vrscb.lt\/pl\/centralna-biblioteka-samorzadu-rejonu-wilenskiego-wziela-udzial-w-kampanii-darom\/#breadcrumb","itemListElement":[{"@type":"ListItem","position":1,"name":"Dom","item":"https:\/\/vrscb.lt\/"},{"@type":"ListItem","position":2,"name":"Centralna Biblioteka Samorz\u0105du Rejonu Wile\u0144skiego wzi\u0119\u0142a udzia\u0142 w kampanii \u201eDarom\u201d"}]},{"@type":"WebSite","@id":"https:\/\/vrscb.lt\/#website","url":"https:\/\/vrscb.lt\/","name":"Vilniaus rajono savivaldyb\u0117s Centrin\u0117 biblioteka","description":"Vilniaus rajono savivaldyb\u0117s Centrin\u0117 biblioteka kvie\u010dia visus prisijungti prie visuotin\u0117s pilietin\u0117s iniciatyvos \u201eAtmintis gyva, nes liudija\u201c ir u\u017edegti atminimo.","publisher":{"@id":"https:\/\/vrscb.lt\/#organization"},"potentialAction":[{"@type":"SearchAction","target":{"@type":"EntryPoint","urlTemplate":"https:\/\/vrscb.lt\/?s={search_term_string}"},"query-input":{"@type":"PropertyValueSpecification","valueRequired":true,"valueName":"search_term_string"}}],"inLanguage":"pl-PL"},{"@type":"Organization","@id":"https:\/\/vrscb.lt\/#organization","name":"Vilniaus rajono savivaldyb\u0117s Centrin\u0117 biblioteka","url":"https:\/\/vrscb.lt\/","logo":{"@type":"ImageObject","inLanguage":"pl-PL","@id":"https:\/\/vrscb.lt\/#\/schema\/logo\/image\/","url":"https:\/\/vrscb.lt\/wp-content\/uploads\/2021\/02\/LOGO_BIBLIOTEKA_RUDAMINA_2018_02_08-1.png","contentUrl":"https:\/\/vrscb.lt\/wp-content\/uploads\/2021\/02\/LOGO_BIBLIOTEKA_RUDAMINA_2018_02_08-1.png","width":1084,"height":1084,"caption":"Vilniaus rajono savivaldyb\u0117s Centrin\u0117 biblioteka"},"image":{"@id":"https:\/\/vrscb.lt\/#\/schema\/logo\/image\/"}},{"@type":"Person","@id":"https:\/\/vrscb.lt\/#\/schema\/person\/0b84365a98053f509501f91b5be6c097","name":"VRSCB","image":{"@type":"ImageObject","inLanguage":"pl-PL","@id":"https:\/\/secure.gravatar.com\/avatar\/cb8817ba573049eab6d3f0458a0218e93a27995fe49a8323902e053d82443b77?s=96&d=mm&r=g","url":"https:\/\/secure.gravatar.com\/avatar\/cb8817ba573049eab6d3f0458a0218e93a27995fe49a8323902e053d82443b77?s=96&d=mm&r=g","contentUrl":"https:\/\/secure.gravatar.com\/avatar\/cb8817ba573049eab6d3f0458a0218e93a27995fe49a8323902e053d82443b77?s=96&d=mm&r=g","caption":"VRSCB"},"url":"https:\/\/vrscb.lt\/pl\/author\/pavelas\/"}]}},"_links":{"self":[{"href":"https:\/\/vrscb.lt\/pl\/wp-json\/wp\/v2\/posts\/6328","targetHints":{"allow":["GET"]}}],"collection":[{"href":"https:\/\/vrscb.lt\/pl\/wp-json\/wp\/v2\/posts"}],"about":[{"href":"https:\/\/vrscb.lt\/pl\/wp-json\/wp\/v2\/types\/post"}],"author":[{"embeddable":true,"href":"https:\/\/vrscb.lt\/pl\/wp-json\/wp\/v2\/users\/3"}],"replies":[{"embeddable":true,"href":"https:\/\/vrscb.lt\/pl\/wp-json\/wp\/v2\/comments?post=6328"}],"version-history":[{"count":5,"href":"https:\/\/vrscb.lt\/pl\/wp-json\/wp\/v2\/posts\/6328\/revisions"}],"predecessor-version":[{"id":6333,"href":"https:\/\/vrscb.lt\/pl\/wp-json\/wp\/v2\/posts\/6328\/revisions\/6333"}],"wp:featuredmedia":[{"embeddable":true,"href":"https:\/\/vrscb.lt\/pl\/wp-json\/wp\/v2\/media\/6292"}],"wp:attachment":[{"href":"https:\/\/vrscb.lt\/pl\/wp-json\/wp\/v2\/media?parent=6328"}],"wp:term":[{"taxonomy":"category","embeddable":true,"href":"https:\/\/vrscb.lt\/pl\/wp-json\/wp\/v2\/categories?post=6328"},{"taxonomy":"post_tag","embeddable":true,"href":"https:\/\/vrscb.lt\/pl\/wp-json\/wp\/v2\/tags?post=6328"}],"curies":[{"name":"wp","href":"https:\/\/api.w.org\/{rel}","templated":true}]}}