
{"id":8065,"date":"2021-08-23T10:34:29","date_gmt":"2021-08-23T07:34:29","guid":{"rendered":"https:\/\/vrscb.lt\/?p=8065"},"modified":"2021-11-25T11:37:30","modified_gmt":"2021-11-25T09:37:30","slug":"rok-2021-obchody-roku-konstytucji-3-maja","status":"publish","type":"post","link":"https:\/\/vrscb.lt\/pl\/rok-2021-obchody-roku-konstytucji-3-maja\/","title":{"rendered":"Rok 2021. Obchody Roku Konstytucji 3 Maja"},"content":{"rendered":"\t\t<div data-elementor-type=\"wp-post\" data-elementor-id=\"8065\" class=\"elementor elementor-8065\" data-elementor-post-type=\"post\">\n\t\t\t\t\t\t<section class=\"elementor-section elementor-top-section elementor-element elementor-element-511fd13e elementor-section-boxed elementor-section-height-default elementor-section-height-default\" data-id=\"511fd13e\" data-element_type=\"section\" data-e-type=\"section\">\n\t\t\t\t\t\t<div class=\"elementor-container elementor-column-gap-default\">\n\t\t\t\t\t<div class=\"elementor-column elementor-col-100 elementor-top-column elementor-element elementor-element-7cf34300\" data-id=\"7cf34300\" data-element_type=\"column\" data-e-type=\"column\">\n\t\t\t<div class=\"elementor-widget-wrap elementor-element-populated\">\n\t\t\t\t\t\t<div class=\"elementor-element elementor-element-202382d4 elementor-widget elementor-widget-text-editor\" data-id=\"202382d4\" data-element_type=\"widget\" data-e-type=\"widget\" data-widget_type=\"text-editor.default\">\n\t\t\t\t<div class=\"elementor-widget-container\">\n\t\t\t\t\t\t\t\t\t\n<p>W Centralnej Bibliotece Samorz\u0105du Rejonu Wile\u0144skiego ruszy\u0142 projekt \u201eRok 2021. Obchody Roku Konstytucji 3 Maja\u201d. Celem projektu jest uczci\u0107 230 rocznic\u0119 podpisania Konstytucji 3 Maja \u2013 pierwszej w Europie i drugiej na \u015bwiecie (po konstytucji Stan\u00f3w Zjednoczonych) spisanej konstytucji i Zar\u0119czenia Wzajemnego Obojga Narod\u00f3w. Konstytucja 3 Maja i Zar\u0119czenie Wzajemne Obojga Narod\u00f3w s\u0105 cz\u0119\u015bci\u0105 wsp\u00f3lnego dziedzictwa historycznego Litwy i Polski, wzmacniaj\u0105ce pami\u0119\u0107 historyczn\u0105 naszych narod\u00f3w oraz s\u0105 jednym z zasadniczych element\u00f3w wielowiekowego dziedzictwa stosunk\u00f3w polsko-litewskich. Z tej okazji Centralna Biblioteka Samorz\u0105du Rejonu Wile\u0144skiego przygotowa\u0142a szereg konkurs\u00f3w, wystaw\u0119 \u017ar\u00f3de\u0142 oraz imprez\u0119 z udzia\u0142em aktor\u00f3w z Polskiego Teatru w Wilnie, artyst\u00f3w Zespo\u0142u Folklorystycznego \u201eRudomianka\u201d i szanownych go\u015bci z r\u00f3\u017cnych plac\u00f3wek w Rudominie oraz Samorz\u0105du Rejonu Wile\u0144skiego. Ju\u017c zosta\u0142o przeprowadzone wirtualne spotkanie \u201eWiwat Maj, pi\u0119kny Maj\u201d z historykiem oraz nauczycielem Wile\u0144skiego Centrum Nauczania Agroekologii Micha\u0142em Treszczy\u0144skim. W czasie spotkania mieli\u015bmy mo\u017cliwo\u015b\u0107 obejrze\u0107 wyst\u0119py uczni\u00f3w Gimnazjum im. Ferdynanda Ruszczyca w Rudominie oraz uczni\u00f3w Szko\u0142y Sztuk Pi\u0119knych w Rudominie.<\/p>\n\n\n\n<p>Serdecznie zapraszamy wszystkich ch\u0119tnych do obejrzenia wystawy \u017ar\u00f3de\u0142, po\u015bwi\u0119conych 230 rocznicy podpisania Konstytucji 3 Maja, kt\u00f3ra czynna jest w godzinach otwarcia biblioteki.<\/p>\n\n\n\n<p>Projekt finansowany ze \u015arodk\u00f3w Kancelarii Prezesa Rady Ministr\u00f3w w ramach konkursu Polonia i Polacy za Granic\u0105 2021.<\/p>\n\t\t\t\t\t\t\t\t<\/div>\n\t\t\t\t<\/div>\n\t\t\t\t\t<\/div>\n\t\t<\/div>\n\t\t\t\t\t<\/div>\n\t\t<\/section>\n\t\t\t\t<section class=\"elementor-section elementor-top-section elementor-element elementor-element-f0771df elementor-section-boxed elementor-section-height-default elementor-section-height-default\" data-id=\"f0771df\" data-element_type=\"section\" data-e-type=\"section\">\n\t\t\t\t\t\t<div class=\"elementor-container elementor-column-gap-default\">\n\t\t\t\t\t<div class=\"elementor-column elementor-col-100 elementor-top-column elementor-element elementor-element-6593cf0\" data-id=\"6593cf0\" data-element_type=\"column\" data-e-type=\"column\">\n\t\t\t<div class=\"elementor-widget-wrap elementor-element-populated\">\n\t\t\t\t\t\t<div class=\"elementor-element elementor-element-748f97c elementor-widget elementor-widget-image\" data-id=\"748f97c\" data-element_type=\"widget\" data-e-type=\"widget\" data-widget_type=\"image.default\">\n\t\t\t\t<div class=\"elementor-widget-container\">\n\t\t\t\t\t\t\t\t\t\t\t\t\t\t\t<img fetchpriority=\"high\" decoding=\"async\" width=\"1200\" height=\"848\" src=\"https:\/\/vrscb.lt\/wp-content\/uploads\/2021\/08\/viber_image_2021-08-23_09-51-49-762-1200x848.jpg\" class=\"attachment-large size-large wp-image-8066\" alt=\"\" srcset=\"https:\/\/vrscb.lt\/wp-content\/uploads\/2021\/08\/viber_image_2021-08-23_09-51-49-762-1200x848.jpg 1200w, https:\/\/vrscb.lt\/wp-content\/uploads\/2021\/08\/viber_image_2021-08-23_09-51-49-762-744x526.jpg 744w, https:\/\/vrscb.lt\/wp-content\/uploads\/2021\/08\/viber_image_2021-08-23_09-51-49-762-1536x1086.jpg 1536w, https:\/\/vrscb.lt\/wp-content\/uploads\/2021\/08\/viber_image_2021-08-23_09-51-49-762-600x424.jpg 600w, https:\/\/vrscb.lt\/wp-content\/uploads\/2021\/08\/viber_image_2021-08-23_09-51-49-762.jpg 1600w\" sizes=\"(max-width: 1200px) 100vw, 1200px\" \/>\t\t\t\t\t\t\t\t\t\t\t\t\t\t\t<\/div>\n\t\t\t\t<\/div>\n\t\t\t\t\t<\/div>\n\t\t<\/div>\n\t\t\t\t\t<\/div>\n\t\t<\/section>\n\t\t\t\t<section class=\"elementor-section elementor-top-section elementor-element elementor-element-e0cb09f elementor-section-boxed elementor-section-height-default elementor-section-height-default\" data-id=\"e0cb09f\" data-element_type=\"section\" data-e-type=\"section\">\n\t\t\t\t\t\t<div class=\"elementor-container elementor-column-gap-default\">\n\t\t\t\t\t<div class=\"elementor-column elementor-col-100 elementor-top-column elementor-element elementor-element-bcd5cbc\" data-id=\"bcd5cbc\" data-element_type=\"column\" data-e-type=\"column\">\n\t\t\t<div class=\"elementor-widget-wrap elementor-element-populated\">\n\t\t\t\t\t\t<div class=\"elementor-element elementor-element-387ca8c elementor-widget elementor-widget-text-editor\" data-id=\"387ca8c\" data-element_type=\"widget\" data-e-type=\"widget\" data-widget_type=\"text-editor.default\">\n\t\t\t\t<div class=\"elementor-widget-container\">\n\t\t\t\t\t\t\t\t\t<p style=\"margin-bottom: .0001pt; text-align: center; text-indent: 64.8pt; line-height: 150%; mso-pagination: none;\" align=\"center\"><span lang=\"PL\" style=\"font-size: 12.0pt; line-height: 150%; font-family: 'Arial',sans-serif; mso-fareast-font-family: 'Times New Roman'; mso-ansi-language: PL;\"><b>Podsumowanie projektu \u201eRok 2021. Obchody Roku Konstytucji 3 Maja i Zar\u0119czenia Wzajemnego Obojga Narod\u00f3w\u201d <\/b><\/span><\/p><p style=\"margin-bottom: .0001pt; text-align: center; text-indent: 64.8pt; line-height: 150%; mso-pagination: none;\" align=\"center\"><span lang=\"PL\" style=\"font-size: 12.0pt; line-height: 150%; font-family: 'Arial',sans-serif; mso-fareast-font-family: 'Times New Roman'; mso-ansi-language: PL;\">\u00a0<\/span><\/p><p style=\"margin-bottom: .0001pt; text-align: justify; text-indent: 64.8pt; line-height: 150%; mso-pagination: none;\"><span lang=\"PL\" style=\"font-size: 12.0pt; line-height: 150%; font-family: 'Arial',sans-serif; mso-fareast-font-family: 'Times New Roman'; mso-ansi-language: PL;\">21 listopada odby\u0142o si\u0119 uroczyste zako\u0144czenie projektu pod tytu\u0142em \u201eRok 2021. Obchody Roku Konstytucji 3 Maja i Zar\u0119czenia Wzajemnego Obojga Narod\u00f3w\u201d realizowanego przez Centraln\u0105 Bibliotek\u0119 Samorz\u0105du Rejonu Wile\u0144skiego.<\/span><\/p><p style=\"margin-bottom: .0001pt; text-align: justify; text-indent: 64.8pt; line-height: 150%; mso-pagination: none;\"><span lang=\"PL\" style=\"font-size: 12.0pt; line-height: 150%; font-family: 'Arial',sans-serif; mso-fareast-font-family: 'Times New Roman'; mso-ansi-language: PL;\">Na pocz\u0105tku imprezy Miros\u0142aw Wojciulewicz, dyrektor Centralnej Biblioteki Samorz\u0105du Rejonu Wile\u0144skiego, przedstawi\u0142 przebieg realizacji oraz wyniki projektu. Podzi\u0119kowa\u0142 wszystkim, kt\u00f3rzy w\u0142\u0105czyli si\u0119 w realizacj\u0119 idei, a mianowicie przedstawicielom Wielofunkcyjnego O\u015brodka Kultury w Rudominie, Szko\u0142y Sztuk Pi\u0119knych w Rudominie, Gimnazjum im. Ferdynanda Ruszczyca w Rudominie, historykowi oraz nauczycielowi Micha\u0142owi Treszczy\u0144skiemu, dekoratorce sali Annie Prokopowicz.<\/span><\/p><p style=\"margin-bottom: .0001pt; text-align: justify; text-indent: 64.8pt; line-height: 150%; mso-pagination: none;\"><span lang=\"PL\" style=\"font-size: 12.0pt; line-height: 150%; font-family: 'Arial',sans-serif; mso-fareast-font-family: 'Times New Roman'; mso-ansi-language: PL;\">Nast\u0119pnie widzowie zostali zaproszeni do obejrzenia sztuki napisanej przez polskiego romantyka Aleksandra Fredry \u201eZemsta\u201d w mistrzowskim wykonaniu aktor\u00f3w Polskiego Teatru w Wilnie. Akcja komedii rozgrywa si\u0119 w zamku podzielonym na p\u00f3\u0142 ceglanym murem na ziemiach dawnej Rzeczypospolitej nied\u0142ugo po ostatnim rozbiorze Polski. Zamek nale\u017ca\u0142 do dw\u00f3ch s\u0105siad\u00f3w, kt\u00f3rzy nieustannie si\u0119 k\u0142\u00f3cili. Utw\u00f3r oparty jest na prawdziwych wydarzeniach, napisany gwar\u0105 po\u0142udniowo-wschodniej Polski, pe\u0142en literackich parafraz i przys\u0142\u00f3w. W rzeczywisto\u015bci konflikt mi\u0119dzy dwoma s\u0105siadami zamku trwa\u0142 przez 30 lat i zako\u0144czy\u0142 si\u0119 ma\u0142\u017ce\u0144stwem ich potomstwa.<\/span><\/p><p style=\"margin-bottom: .0001pt; text-align: justify; text-indent: 64.8pt; line-height: 150%; mso-pagination: none;\"><span lang=\"PL\" style=\"font-size: 12.0pt; line-height: 150%; font-family: 'Arial',sans-serif; mso-fareast-font-family: 'Times New Roman'; mso-ansi-language: PL;\">Po zabawnym i czaruj\u0105cym przedstawieniu go\u015bcie zostali zaproszeni na pocz\u0119stunek, podczas kt\u00f3rego dzielili si\u0119 wra\u017ceniami ze spektaklu, dzi\u0119kowali aktorom oraz organizatorom wydarzenia.<\/span><\/p><p style=\"margin-bottom: .0001pt; text-align: justify; text-indent: 64.8pt; line-height: 150%; mso-pagination: none;\"><span lang=\"PL\" style=\"font-size: 12.0pt; line-height: 150%; font-family: 'Arial',sans-serif; mso-fareast-font-family: 'Times New Roman'; mso-ansi-language: PL;\">Pi\u0119kna i udana inicjatywa uczczenia 230 rocznicy uchwalenia Konstytucji 3 Maja i Zar\u0119czenia Wzajemnego mi\u0119dzy Litw\u0105 i Polsk\u0105 jest niebawem symbolem przyja\u017ani i trwa\u0142ej wi\u0119zi mi\u0119dzy narodami obu kraj\u00f3w.<\/span><\/p><p style=\"margin-bottom: .0001pt; text-align: justify; text-indent: 64.8pt; line-height: 150%; mso-pagination: none;\"><span lang=\"PL\" style=\"font-size: 12.0pt; line-height: 150%; font-family: 'Arial',sans-serif; mso-fareast-font-family: 'Times New Roman'; mso-ansi-language: PL;\">Projekt jest finansowany przez Kancelari\u0119 Prezesa Rady Ministr\u00f3w w ramach konkursu \u201ePolonia i Polacy za granic\u0105 2021\u201d oraz przez Samorz\u0105d Rejonu Wile\u0144skiego.<\/span><\/p>\t\t\t\t\t\t\t\t<\/div>\n\t\t\t\t<\/div>\n\t\t\t\t\t<\/div>\n\t\t<\/div>\n\t\t\t\t\t<\/div>\n\t\t<\/section>\n\t\t\t\t<section class=\"elementor-section elementor-top-section elementor-element elementor-element-bc359d4 elementor-section-boxed elementor-section-height-default elementor-section-height-default\" data-id=\"bc359d4\" data-element_type=\"section\" data-e-type=\"section\">\n\t\t\t\t\t\t<div class=\"elementor-container elementor-column-gap-default\">\n\t\t\t\t\t<div class=\"elementor-column elementor-col-100 elementor-top-column elementor-element elementor-element-4513f7c\" data-id=\"4513f7c\" data-element_type=\"column\" data-e-type=\"column\">\n\t\t\t<div class=\"elementor-widget-wrap elementor-element-populated\">\n\t\t\t\t\t\t<div class=\"elementor-element elementor-element-c73b507 gallery-spacing-custom elementor-widget elementor-widget-image-gallery\" data-id=\"c73b507\" data-element_type=\"widget\" data-e-type=\"widget\" data-widget_type=\"image-gallery.default\">\n\t\t\t\t<div class=\"elementor-widget-container\">\n\t\t\t\t\t\t\t<div class=\"elementor-image-gallery\">\n\t\t\t<div id='gallery-1' class='gallery galleryid-8065 gallery-columns-4 gallery-size-thumbnail'><figure class='gallery-item'>\n\t\t\t<div class='gallery-icon landscape'>\n\t\t\t\t<a data-elementor-open-lightbox=\"yes\" data-elementor-lightbox-slideshow=\"c73b507\" data-elementor-lightbox-title=\"Konstitucijos met\u0173 min\u0117jimas10\" data-e-action-hash=\"#elementor-action%3Aaction%3Dlightbox%26settings%3DeyJpZCI6MTAwMzQsInVybCI6Imh0dHBzOlwvXC92cnNjYi5sdFwvd3AtY29udGVudFwvdXBsb2Fkc1wvMjAyMVwvMTFcL0tvbnN0aXR1Y2lqb3MtbWV0dS1taW5lamltYXMxMC1zY2FsZWQuanBnIiwic2xpZGVzaG93IjoiYzczYjUwNyJ9\" href='https:\/\/vrscb.lt\/wp-content\/uploads\/2021\/11\/Konstitucijos-metu-minejimas10-scaled.jpg'><img decoding=\"async\" width=\"480\" height=\"270\" src=\"https:\/\/vrscb.lt\/wp-content\/uploads\/2021\/11\/Konstitucijos-metu-minejimas10-480x270.jpg\" class=\"attachment-thumbnail size-thumbnail\" alt=\"\" srcset=\"https:\/\/vrscb.lt\/wp-content\/uploads\/2021\/11\/Konstitucijos-metu-minejimas10-480x270.jpg 480w, https:\/\/vrscb.lt\/wp-content\/uploads\/2021\/11\/Konstitucijos-metu-minejimas10-1920x1080.jpg 1920w\" sizes=\"(max-width: 480px) 100vw, 480px\" \/><\/a>\n\t\t\t<\/div><\/figure><figure class='gallery-item'>\n\t\t\t<div class='gallery-icon landscape'>\n\t\t\t\t<a data-elementor-open-lightbox=\"yes\" data-elementor-lightbox-slideshow=\"c73b507\" data-elementor-lightbox-title=\"Konstitucijos met\u0173 min\u0117jimas9\" data-e-action-hash=\"#elementor-action%3Aaction%3Dlightbox%26settings%3DeyJpZCI6MTAwMzAsInVybCI6Imh0dHBzOlwvXC92cnNjYi5sdFwvd3AtY29udGVudFwvdXBsb2Fkc1wvMjAyMVwvMTFcL0tvbnN0aXR1Y2lqb3MtbWV0dS1taW5lamltYXM5LXNjYWxlZC5qcGciLCJzbGlkZXNob3ciOiJjNzNiNTA3In0%3D\" href='https:\/\/vrscb.lt\/wp-content\/uploads\/2021\/11\/Konstitucijos-metu-minejimas9-scaled.jpg'><img decoding=\"async\" width=\"480\" height=\"270\" src=\"https:\/\/vrscb.lt\/wp-content\/uploads\/2021\/11\/Konstitucijos-metu-minejimas9-480x270.jpg\" class=\"attachment-thumbnail size-thumbnail\" alt=\"\" srcset=\"https:\/\/vrscb.lt\/wp-content\/uploads\/2021\/11\/Konstitucijos-metu-minejimas9-480x270.jpg 480w, https:\/\/vrscb.lt\/wp-content\/uploads\/2021\/11\/Konstitucijos-metu-minejimas9-1920x1080.jpg 1920w\" sizes=\"(max-width: 480px) 100vw, 480px\" \/><\/a>\n\t\t\t<\/div><\/figure><figure class='gallery-item'>\n\t\t\t<div class='gallery-icon landscape'>\n\t\t\t\t<a data-elementor-open-lightbox=\"yes\" data-elementor-lightbox-slideshow=\"c73b507\" data-elementor-lightbox-title=\"Konstitucijos met\u0173 min\u0117jimas8\" data-e-action-hash=\"#elementor-action%3Aaction%3Dlightbox%26settings%3DeyJpZCI6MTAwMjYsInVybCI6Imh0dHBzOlwvXC92cnNjYi5sdFwvd3AtY29udGVudFwvdXBsb2Fkc1wvMjAyMVwvMTFcL0tvbnN0aXR1Y2lqb3MtbWV0dS1taW5lamltYXM4LXNjYWxlZC5qcGciLCJzbGlkZXNob3ciOiJjNzNiNTA3In0%3D\" href='https:\/\/vrscb.lt\/wp-content\/uploads\/2021\/11\/Konstitucijos-metu-minejimas8-scaled.jpg'><img loading=\"lazy\" decoding=\"async\" width=\"480\" height=\"270\" src=\"https:\/\/vrscb.lt\/wp-content\/uploads\/2021\/11\/Konstitucijos-metu-minejimas8-480x270.jpg\" class=\"attachment-thumbnail size-thumbnail\" alt=\"\" srcset=\"https:\/\/vrscb.lt\/wp-content\/uploads\/2021\/11\/Konstitucijos-metu-minejimas8-480x270.jpg 480w, https:\/\/vrscb.lt\/wp-content\/uploads\/2021\/11\/Konstitucijos-metu-minejimas8-1920x1080.jpg 1920w\" sizes=\"(max-width: 480px) 100vw, 480px\" \/><\/a>\n\t\t\t<\/div><\/figure><figure class='gallery-item'>\n\t\t\t<div class='gallery-icon landscape'>\n\t\t\t\t<a data-elementor-open-lightbox=\"yes\" data-elementor-lightbox-slideshow=\"c73b507\" data-elementor-lightbox-title=\"Konstitucijos met\u0173 min\u0117jimas7\" data-e-action-hash=\"#elementor-action%3Aaction%3Dlightbox%26settings%3DeyJpZCI6MTAwMjIsInVybCI6Imh0dHBzOlwvXC92cnNjYi5sdFwvd3AtY29udGVudFwvdXBsb2Fkc1wvMjAyMVwvMTFcL0tvbnN0aXR1Y2lqb3MtbWV0dS1taW5lamltYXM3LXNjYWxlZC5qcGciLCJzbGlkZXNob3ciOiJjNzNiNTA3In0%3D\" href='https:\/\/vrscb.lt\/wp-content\/uploads\/2021\/11\/Konstitucijos-metu-minejimas7-scaled.jpg'><img loading=\"lazy\" decoding=\"async\" width=\"480\" height=\"270\" src=\"https:\/\/vrscb.lt\/wp-content\/uploads\/2021\/11\/Konstitucijos-metu-minejimas7-480x270.jpg\" class=\"attachment-thumbnail size-thumbnail\" alt=\"\" srcset=\"https:\/\/vrscb.lt\/wp-content\/uploads\/2021\/11\/Konstitucijos-metu-minejimas7-480x270.jpg 480w, https:\/\/vrscb.lt\/wp-content\/uploads\/2021\/11\/Konstitucijos-metu-minejimas7-1920x1080.jpg 1920w\" sizes=\"(max-width: 480px) 100vw, 480px\" \/><\/a>\n\t\t\t<\/div><\/figure><figure class='gallery-item'>\n\t\t\t<div class='gallery-icon landscape'>\n\t\t\t\t<a data-elementor-open-lightbox=\"yes\" data-elementor-lightbox-slideshow=\"c73b507\" data-elementor-lightbox-title=\"Konstitucijos met\u0173 min\u0117jimas6\" data-e-action-hash=\"#elementor-action%3Aaction%3Dlightbox%26settings%3DeyJpZCI6MTAwMTgsInVybCI6Imh0dHBzOlwvXC92cnNjYi5sdFwvd3AtY29udGVudFwvdXBsb2Fkc1wvMjAyMVwvMTFcL0tvbnN0aXR1Y2lqb3MtbWV0dS1taW5lamltYXM2LXNjYWxlZC5qcGciLCJzbGlkZXNob3ciOiJjNzNiNTA3In0%3D\" href='https:\/\/vrscb.lt\/wp-content\/uploads\/2021\/11\/Konstitucijos-metu-minejimas6-scaled.jpg'><img loading=\"lazy\" decoding=\"async\" width=\"480\" height=\"270\" src=\"https:\/\/vrscb.lt\/wp-content\/uploads\/2021\/11\/Konstitucijos-metu-minejimas6-480x270.jpg\" class=\"attachment-thumbnail size-thumbnail\" alt=\"\" srcset=\"https:\/\/vrscb.lt\/wp-content\/uploads\/2021\/11\/Konstitucijos-metu-minejimas6-480x270.jpg 480w, https:\/\/vrscb.lt\/wp-content\/uploads\/2021\/11\/Konstitucijos-metu-minejimas6-1920x1080.jpg 1920w\" sizes=\"(max-width: 480px) 100vw, 480px\" \/><\/a>\n\t\t\t<\/div><\/figure><figure class='gallery-item'>\n\t\t\t<div class='gallery-icon landscape'>\n\t\t\t\t<a data-elementor-open-lightbox=\"yes\" data-elementor-lightbox-slideshow=\"c73b507\" data-elementor-lightbox-title=\"Konstitucijos met\u0173 min\u0117jimas5\" data-e-action-hash=\"#elementor-action%3Aaction%3Dlightbox%26settings%3DeyJpZCI6MTAwMTQsInVybCI6Imh0dHBzOlwvXC92cnNjYi5sdFwvd3AtY29udGVudFwvdXBsb2Fkc1wvMjAyMVwvMTFcL0tvbnN0aXR1Y2lqb3MtbWV0dS1taW5lamltYXM1LXNjYWxlZC5qcGciLCJzbGlkZXNob3ciOiJjNzNiNTA3In0%3D\" href='https:\/\/vrscb.lt\/wp-content\/uploads\/2021\/11\/Konstitucijos-metu-minejimas5-scaled.jpg'><img loading=\"lazy\" decoding=\"async\" width=\"480\" height=\"270\" src=\"https:\/\/vrscb.lt\/wp-content\/uploads\/2021\/11\/Konstitucijos-metu-minejimas5-480x270.jpg\" class=\"attachment-thumbnail size-thumbnail\" alt=\"\" srcset=\"https:\/\/vrscb.lt\/wp-content\/uploads\/2021\/11\/Konstitucijos-metu-minejimas5-480x270.jpg 480w, https:\/\/vrscb.lt\/wp-content\/uploads\/2021\/11\/Konstitucijos-metu-minejimas5-1920x1080.jpg 1920w\" sizes=\"(max-width: 480px) 100vw, 480px\" \/><\/a>\n\t\t\t<\/div><\/figure><figure class='gallery-item'>\n\t\t\t<div class='gallery-icon landscape'>\n\t\t\t\t<a data-elementor-open-lightbox=\"yes\" data-elementor-lightbox-slideshow=\"c73b507\" data-elementor-lightbox-title=\"Konstitucijos met\u0173 min\u0117jimas4\" data-e-action-hash=\"#elementor-action%3Aaction%3Dlightbox%26settings%3DeyJpZCI6MTAwMTAsInVybCI6Imh0dHBzOlwvXC92cnNjYi5sdFwvd3AtY29udGVudFwvdXBsb2Fkc1wvMjAyMVwvMTFcL0tvbnN0aXR1Y2lqb3MtbWV0dS1taW5lamltYXM0LXNjYWxlZC5qcGciLCJzbGlkZXNob3ciOiJjNzNiNTA3In0%3D\" href='https:\/\/vrscb.lt\/wp-content\/uploads\/2021\/11\/Konstitucijos-metu-minejimas4-scaled.jpg'><img loading=\"lazy\" decoding=\"async\" width=\"480\" height=\"270\" src=\"https:\/\/vrscb.lt\/wp-content\/uploads\/2021\/11\/Konstitucijos-metu-minejimas4-480x270.jpg\" class=\"attachment-thumbnail size-thumbnail\" alt=\"\" srcset=\"https:\/\/vrscb.lt\/wp-content\/uploads\/2021\/11\/Konstitucijos-metu-minejimas4-480x270.jpg 480w, https:\/\/vrscb.lt\/wp-content\/uploads\/2021\/11\/Konstitucijos-metu-minejimas4-1920x1080.jpg 1920w\" sizes=\"(max-width: 480px) 100vw, 480px\" \/><\/a>\n\t\t\t<\/div><\/figure><figure class='gallery-item'>\n\t\t\t<div class='gallery-icon landscape'>\n\t\t\t\t<a data-elementor-open-lightbox=\"yes\" data-elementor-lightbox-slideshow=\"c73b507\" data-elementor-lightbox-title=\"Konstitucijos met\u0173 min\u0117jimas3\" data-e-action-hash=\"#elementor-action%3Aaction%3Dlightbox%26settings%3DeyJpZCI6MTAwMDYsInVybCI6Imh0dHBzOlwvXC92cnNjYi5sdFwvd3AtY29udGVudFwvdXBsb2Fkc1wvMjAyMVwvMTFcL0tvbnN0aXR1Y2lqb3MtbWV0dS1taW5lamltYXMzLXNjYWxlZC5qcGciLCJzbGlkZXNob3ciOiJjNzNiNTA3In0%3D\" href='https:\/\/vrscb.lt\/wp-content\/uploads\/2021\/11\/Konstitucijos-metu-minejimas3-scaled.jpg'><img loading=\"lazy\" decoding=\"async\" width=\"480\" height=\"270\" src=\"https:\/\/vrscb.lt\/wp-content\/uploads\/2021\/11\/Konstitucijos-metu-minejimas3-480x270.jpg\" class=\"attachment-thumbnail size-thumbnail\" alt=\"\" srcset=\"https:\/\/vrscb.lt\/wp-content\/uploads\/2021\/11\/Konstitucijos-metu-minejimas3-480x270.jpg 480w, https:\/\/vrscb.lt\/wp-content\/uploads\/2021\/11\/Konstitucijos-metu-minejimas3-1920x1080.jpg 1920w\" sizes=\"(max-width: 480px) 100vw, 480px\" \/><\/a>\n\t\t\t<\/div><\/figure><figure class='gallery-item'>\n\t\t\t<div class='gallery-icon landscape'>\n\t\t\t\t<a data-elementor-open-lightbox=\"yes\" data-elementor-lightbox-slideshow=\"c73b507\" data-elementor-lightbox-title=\"Konstitucijos met\u0173 min\u0117jimas2\" data-e-action-hash=\"#elementor-action%3Aaction%3Dlightbox%26settings%3DeyJpZCI6MTAwMDEsInVybCI6Imh0dHBzOlwvXC92cnNjYi5sdFwvd3AtY29udGVudFwvdXBsb2Fkc1wvMjAyMVwvMTFcL0tvbnN0aXR1Y2lqb3MtbWV0dS1taW5lamltYXMyLXNjYWxlZC5qcGciLCJzbGlkZXNob3ciOiJjNzNiNTA3In0%3D\" href='https:\/\/vrscb.lt\/wp-content\/uploads\/2021\/11\/Konstitucijos-metu-minejimas2-scaled.jpg'><img loading=\"lazy\" decoding=\"async\" width=\"480\" height=\"270\" src=\"https:\/\/vrscb.lt\/wp-content\/uploads\/2021\/11\/Konstitucijos-metu-minejimas2-480x270.jpg\" class=\"attachment-thumbnail size-thumbnail\" alt=\"\" srcset=\"https:\/\/vrscb.lt\/wp-content\/uploads\/2021\/11\/Konstitucijos-metu-minejimas2-480x270.jpg 480w, https:\/\/vrscb.lt\/wp-content\/uploads\/2021\/11\/Konstitucijos-metu-minejimas2-1920x1080.jpg 1920w\" sizes=\"(max-width: 480px) 100vw, 480px\" \/><\/a>\n\t\t\t<\/div><\/figure><figure class='gallery-item'>\n\t\t\t<div class='gallery-icon landscape'>\n\t\t\t\t<a data-elementor-open-lightbox=\"yes\" data-elementor-lightbox-slideshow=\"c73b507\" data-elementor-lightbox-title=\"Konstitucijos met\u0173 min\u0117jimas1\" data-e-action-hash=\"#elementor-action%3Aaction%3Dlightbox%26settings%3DeyJpZCI6OTk5NywidXJsIjoiaHR0cHM6XC9cL3Zyc2NiLmx0XC93cC1jb250ZW50XC91cGxvYWRzXC8yMDIxXC8xMVwvS29uc3RpdHVjaWpvcy1tZXR1LW1pbmVqaW1hczEtc2NhbGVkLmpwZyIsInNsaWRlc2hvdyI6ImM3M2I1MDcifQ%3D%3D\" href='https:\/\/vrscb.lt\/wp-content\/uploads\/2021\/11\/Konstitucijos-metu-minejimas1-scaled.jpg'><img loading=\"lazy\" decoding=\"async\" width=\"480\" height=\"270\" src=\"https:\/\/vrscb.lt\/wp-content\/uploads\/2021\/11\/Konstitucijos-metu-minejimas1-480x270.jpg\" class=\"attachment-thumbnail size-thumbnail\" alt=\"\" srcset=\"https:\/\/vrscb.lt\/wp-content\/uploads\/2021\/11\/Konstitucijos-metu-minejimas1-480x270.jpg 480w, https:\/\/vrscb.lt\/wp-content\/uploads\/2021\/11\/Konstitucijos-metu-minejimas1-1920x1080.jpg 1920w\" sizes=\"(max-width: 480px) 100vw, 480px\" \/><\/a>\n\t\t\t<\/div><\/figure><figure class='gallery-item'>\n\t\t\t<div class='gallery-icon landscape'>\n\t\t\t\t<a data-elementor-open-lightbox=\"yes\" data-elementor-lightbox-slideshow=\"c73b507\" data-elementor-lightbox-title=\"Konstitucijos met\u0173 min\u0117jimas\" data-e-action-hash=\"#elementor-action%3Aaction%3Dlightbox%26settings%3DeyJpZCI6OTk5MywidXJsIjoiaHR0cHM6XC9cL3Zyc2NiLmx0XC93cC1jb250ZW50XC91cGxvYWRzXC8yMDIxXC8xMVwvS29uc3RpdHVjaWpvcy1tZXR1LW1pbmVqaW1hcy5qcGciLCJzbGlkZXNob3ciOiJjNzNiNTA3In0%3D\" href='https:\/\/vrscb.lt\/wp-content\/uploads\/2021\/11\/Konstitucijos-metu-minejimas.jpg'><img loading=\"lazy\" decoding=\"async\" width=\"480\" height=\"270\" src=\"https:\/\/vrscb.lt\/wp-content\/uploads\/2021\/11\/Konstitucijos-metu-minejimas-480x270.jpg\" class=\"attachment-thumbnail size-thumbnail\" alt=\"\" \/><\/a>\n\t\t\t<\/div><\/figure>\n\t\t<\/div>\n\t\t<\/div>\n\t\t\t\t\t\t<\/div>\n\t\t\t\t<\/div>\n\t\t\t\t\t<\/div>\n\t\t<\/div>\n\t\t\t\t\t<\/div>\n\t\t<\/section>\n\t\t\t\t<\/div>\n\t\t","protected":false},"excerpt":{"rendered":"<div class=\"entry-summary\">\nW Centralnej Bibliotece Samorz\u0105du Rejonu Wile\u0144skiego ruszy\u0142 projekt \u201eRok 2021. Obchody Roku Konstytucji 3 Maja\u201d. Celem projektu jest uczci\u0107 230 rocznic\u0119 podpisania Konstytucji 3 Maja \u2013 pierwszej w Europie i drugiej na \u015bwiecie (po konstytucji Stan\u00f3w Zjednoczonych) spisanej konstytucji i&hellip;\n<\/div>\n<div class=\"link-more\"><a href=\"https:\/\/vrscb.lt\/pl\/rok-2021-obchody-roku-konstytucji-3-maja\/\" class=\"more-link\">Czytaj wi\u0119cej<span class=\"screen-reader-text\"> &ldquo;Rok 2021. Obchody Roku Konstytucji 3 Maja&rdquo;<\/span>\u2026<\/a><\/div>\n","protected":false},"author":3,"featured_media":8066,"comment_status":"open","ping_status":"open","sticky":false,"template":"","format":"standard","meta":{"_acf_changed":false,"footnotes":""},"categories":[94],"tags":[],"class_list":["post-8065","post","type-post","status-publish","format-standard","has-post-thumbnail","hentry","category-projekty","entry"],"acf":[],"yoast_head":"<!-- This site is optimized with the Yoast SEO plugin v27.5 - https:\/\/yoast.com\/product\/yoast-seo-wordpress\/ -->\n<title>Rok 2021. Obchody Roku Konstytucji 3 Maja - Vilniaus rajono savivaldyb\u0117s Centrin\u0117 biblioteka<\/title>\n<meta name=\"robots\" content=\"index, follow, max-snippet:-1, max-image-preview:large, max-video-preview:-1\" \/>\n<link rel=\"canonical\" href=\"https:\/\/vrscb.lt\/pl\/rok-2021-obchody-roku-konstytucji-3-maja\/\" \/>\n<meta property=\"og:locale\" content=\"pl_PL\" \/>\n<meta property=\"og:type\" content=\"article\" \/>\n<meta property=\"og:title\" content=\"Rok 2021. Obchody Roku Konstytucji 3 Maja - Vilniaus rajono savivaldyb\u0117s Centrin\u0117 biblioteka\" \/>\n<meta property=\"og:description\" content=\"W Centralnej Bibliotece Samorz\u0105du Rejonu Wile\u0144skiego ruszy\u0142 projekt \u201eRok 2021. Obchody Roku Konstytucji 3 Maja\u201d. Celem projektu jest uczci\u0107 230 rocznic\u0119 podpisania Konstytucji 3 Maja \u2013 pierwszej w Europie i drugiej na \u015bwiecie (po konstytucji Stan\u00f3w Zjednoczonych) spisanej konstytucji i&hellip; Czytaj wi\u0119cej &ldquo;Rok 2021. Obchody Roku Konstytucji 3 Maja&rdquo;\u2026\" \/>\n<meta property=\"og:url\" content=\"https:\/\/vrscb.lt\/pl\/rok-2021-obchody-roku-konstytucji-3-maja\/\" \/>\n<meta property=\"og:site_name\" content=\"Vilniaus rajono savivaldyb\u0117s Centrin\u0117 biblioteka\" \/>\n<meta property=\"article:published_time\" content=\"2021-08-23T07:34:29+00:00\" \/>\n<meta property=\"article:modified_time\" content=\"2021-11-25T09:37:30+00:00\" \/>\n<meta property=\"og:image\" content=\"https:\/\/vrscb.lt\/wp-content\/uploads\/2021\/08\/viber_image_2021-08-23_09-51-49-762.jpg\" \/>\n\t<meta property=\"og:image:width\" content=\"1600\" \/>\n\t<meta property=\"og:image:height\" content=\"1131\" \/>\n\t<meta property=\"og:image:type\" content=\"image\/jpeg\" \/>\n<meta name=\"author\" content=\"VRSCB\" \/>\n<meta name=\"twitter:card\" content=\"summary_large_image\" \/>\n<meta name=\"twitter:label1\" content=\"Napisane przez\" \/>\n\t<meta name=\"twitter:data1\" content=\"VRSCB\" \/>\n\t<meta name=\"twitter:label2\" content=\"Szacowany czas czytania\" \/>\n\t<meta name=\"twitter:data2\" content=\"5 minut\" \/>\n<script type=\"application\/ld+json\" class=\"yoast-schema-graph\">{\"@context\":\"https:\\\/\\\/schema.org\",\"@graph\":[{\"@type\":\"Article\",\"@id\":\"https:\\\/\\\/vrscb.lt\\\/pl\\\/rok-2021-obchody-roku-konstytucji-3-maja\\\/#article\",\"isPartOf\":{\"@id\":\"https:\\\/\\\/vrscb.lt\\\/pl\\\/rok-2021-obchody-roku-konstytucji-3-maja\\\/\"},\"author\":{\"name\":\"VRSCB\",\"@id\":\"https:\\\/\\\/vrscb.lt\\\/#\\\/schema\\\/person\\\/0b84365a98053f509501f91b5be6c097\"},\"headline\":\"Rok 2021. Obchody Roku Konstytucji 3 Maja\",\"datePublished\":\"2021-08-23T07:34:29+00:00\",\"dateModified\":\"2021-11-25T09:37:30+00:00\",\"mainEntityOfPage\":{\"@id\":\"https:\\\/\\\/vrscb.lt\\\/pl\\\/rok-2021-obchody-roku-konstytucji-3-maja\\\/\"},\"wordCount\":534,\"commentCount\":0,\"publisher\":{\"@id\":\"https:\\\/\\\/vrscb.lt\\\/#organization\"},\"image\":{\"@id\":\"https:\\\/\\\/vrscb.lt\\\/pl\\\/rok-2021-obchody-roku-konstytucji-3-maja\\\/#primaryimage\"},\"thumbnailUrl\":\"https:\\\/\\\/vrscb.lt\\\/wp-content\\\/uploads\\\/2021\\\/08\\\/viber_image_2021-08-23_09-51-49-762.jpg\",\"articleSection\":[\"Projekty\"],\"inLanguage\":\"pl-PL\",\"potentialAction\":[{\"@type\":\"CommentAction\",\"name\":\"Comment\",\"target\":[\"https:\\\/\\\/vrscb.lt\\\/pl\\\/rok-2021-obchody-roku-konstytucji-3-maja\\\/#respond\"]}]},{\"@type\":\"WebPage\",\"@id\":\"https:\\\/\\\/vrscb.lt\\\/pl\\\/rok-2021-obchody-roku-konstytucji-3-maja\\\/\",\"url\":\"https:\\\/\\\/vrscb.lt\\\/pl\\\/rok-2021-obchody-roku-konstytucji-3-maja\\\/\",\"name\":\"Rok 2021. Obchody Roku Konstytucji 3 Maja - Vilniaus rajono savivaldyb\u0117s Centrin\u0117 biblioteka\",\"isPartOf\":{\"@id\":\"https:\\\/\\\/vrscb.lt\\\/#website\"},\"primaryImageOfPage\":{\"@id\":\"https:\\\/\\\/vrscb.lt\\\/pl\\\/rok-2021-obchody-roku-konstytucji-3-maja\\\/#primaryimage\"},\"image\":{\"@id\":\"https:\\\/\\\/vrscb.lt\\\/pl\\\/rok-2021-obchody-roku-konstytucji-3-maja\\\/#primaryimage\"},\"thumbnailUrl\":\"https:\\\/\\\/vrscb.lt\\\/wp-content\\\/uploads\\\/2021\\\/08\\\/viber_image_2021-08-23_09-51-49-762.jpg\",\"datePublished\":\"2021-08-23T07:34:29+00:00\",\"dateModified\":\"2021-11-25T09:37:30+00:00\",\"breadcrumb\":{\"@id\":\"https:\\\/\\\/vrscb.lt\\\/pl\\\/rok-2021-obchody-roku-konstytucji-3-maja\\\/#breadcrumb\"},\"inLanguage\":\"pl-PL\",\"potentialAction\":[{\"@type\":\"ReadAction\",\"target\":[\"https:\\\/\\\/vrscb.lt\\\/pl\\\/rok-2021-obchody-roku-konstytucji-3-maja\\\/\"]}]},{\"@type\":\"ImageObject\",\"inLanguage\":\"pl-PL\",\"@id\":\"https:\\\/\\\/vrscb.lt\\\/pl\\\/rok-2021-obchody-roku-konstytucji-3-maja\\\/#primaryimage\",\"url\":\"https:\\\/\\\/vrscb.lt\\\/wp-content\\\/uploads\\\/2021\\\/08\\\/viber_image_2021-08-23_09-51-49-762.jpg\",\"contentUrl\":\"https:\\\/\\\/vrscb.lt\\\/wp-content\\\/uploads\\\/2021\\\/08\\\/viber_image_2021-08-23_09-51-49-762.jpg\",\"width\":1600,\"height\":1131},{\"@type\":\"BreadcrumbList\",\"@id\":\"https:\\\/\\\/vrscb.lt\\\/pl\\\/rok-2021-obchody-roku-konstytucji-3-maja\\\/#breadcrumb\",\"itemListElement\":[{\"@type\":\"ListItem\",\"position\":1,\"name\":\"Dom\",\"item\":\"https:\\\/\\\/vrscb.lt\\\/\"},{\"@type\":\"ListItem\",\"position\":2,\"name\":\"Rok 2021. Obchody Roku Konstytucji 3 Maja\"}]},{\"@type\":\"WebSite\",\"@id\":\"https:\\\/\\\/vrscb.lt\\\/#website\",\"url\":\"https:\\\/\\\/vrscb.lt\\\/\",\"name\":\"Vilniaus rajono savivaldyb\u0117s Centrin\u0117 biblioteka\",\"description\":\"Vilniaus rajono savivaldyb\u0117s Centrin\u0117 biblioteka kvie\u010dia visus prisijungti prie visuotin\u0117s pilietin\u0117s iniciatyvos \u201eAtmintis gyva, nes liudija\u201c ir u\u017edegti atminimo.\",\"publisher\":{\"@id\":\"https:\\\/\\\/vrscb.lt\\\/#organization\"},\"potentialAction\":[{\"@type\":\"SearchAction\",\"target\":{\"@type\":\"EntryPoint\",\"urlTemplate\":\"https:\\\/\\\/vrscb.lt\\\/?s={search_term_string}\"},\"query-input\":{\"@type\":\"PropertyValueSpecification\",\"valueRequired\":true,\"valueName\":\"search_term_string\"}}],\"inLanguage\":\"pl-PL\"},{\"@type\":\"Organization\",\"@id\":\"https:\\\/\\\/vrscb.lt\\\/#organization\",\"name\":\"Vilniaus rajono savivaldyb\u0117s Centrin\u0117 biblioteka\",\"url\":\"https:\\\/\\\/vrscb.lt\\\/\",\"logo\":{\"@type\":\"ImageObject\",\"inLanguage\":\"pl-PL\",\"@id\":\"https:\\\/\\\/vrscb.lt\\\/#\\\/schema\\\/logo\\\/image\\\/\",\"url\":\"https:\\\/\\\/vrscb.lt\\\/wp-content\\\/uploads\\\/2021\\\/02\\\/LOGO_BIBLIOTEKA_RUDAMINA_2018_02_08-1.png\",\"contentUrl\":\"https:\\\/\\\/vrscb.lt\\\/wp-content\\\/uploads\\\/2021\\\/02\\\/LOGO_BIBLIOTEKA_RUDAMINA_2018_02_08-1.png\",\"width\":1084,\"height\":1084,\"caption\":\"Vilniaus rajono savivaldyb\u0117s Centrin\u0117 biblioteka\"},\"image\":{\"@id\":\"https:\\\/\\\/vrscb.lt\\\/#\\\/schema\\\/logo\\\/image\\\/\"}},{\"@type\":\"Person\",\"@id\":\"https:\\\/\\\/vrscb.lt\\\/#\\\/schema\\\/person\\\/0b84365a98053f509501f91b5be6c097\",\"name\":\"VRSCB\",\"image\":{\"@type\":\"ImageObject\",\"inLanguage\":\"pl-PL\",\"@id\":\"https:\\\/\\\/secure.gravatar.com\\\/avatar\\\/cb8817ba573049eab6d3f0458a0218e93a27995fe49a8323902e053d82443b77?s=96&d=mm&r=g\",\"url\":\"https:\\\/\\\/secure.gravatar.com\\\/avatar\\\/cb8817ba573049eab6d3f0458a0218e93a27995fe49a8323902e053d82443b77?s=96&d=mm&r=g\",\"contentUrl\":\"https:\\\/\\\/secure.gravatar.com\\\/avatar\\\/cb8817ba573049eab6d3f0458a0218e93a27995fe49a8323902e053d82443b77?s=96&d=mm&r=g\",\"caption\":\"VRSCB\"},\"url\":\"https:\\\/\\\/vrscb.lt\\\/pl\\\/author\\\/pavelas\\\/\"}]}<\/script>\n<!-- \/ Yoast SEO plugin. -->","yoast_head_json":{"title":"Rok 2021. Obchody Roku Konstytucji 3 Maja - Vilniaus rajono savivaldyb\u0117s Centrin\u0117 biblioteka","robots":{"index":"index","follow":"follow","max-snippet":"max-snippet:-1","max-image-preview":"max-image-preview:large","max-video-preview":"max-video-preview:-1"},"canonical":"https:\/\/vrscb.lt\/pl\/rok-2021-obchody-roku-konstytucji-3-maja\/","og_locale":"pl_PL","og_type":"article","og_title":"Rok 2021. Obchody Roku Konstytucji 3 Maja - Vilniaus rajono savivaldyb\u0117s Centrin\u0117 biblioteka","og_description":"W Centralnej Bibliotece Samorz\u0105du Rejonu Wile\u0144skiego ruszy\u0142 projekt \u201eRok 2021. Obchody Roku Konstytucji 3 Maja\u201d. Celem projektu jest uczci\u0107 230 rocznic\u0119 podpisania Konstytucji 3 Maja \u2013 pierwszej w Europie i drugiej na \u015bwiecie (po konstytucji Stan\u00f3w Zjednoczonych) spisanej konstytucji i&hellip; Czytaj wi\u0119cej &ldquo;Rok 2021. Obchody Roku Konstytucji 3 Maja&rdquo;\u2026","og_url":"https:\/\/vrscb.lt\/pl\/rok-2021-obchody-roku-konstytucji-3-maja\/","og_site_name":"Vilniaus rajono savivaldyb\u0117s Centrin\u0117 biblioteka","article_published_time":"2021-08-23T07:34:29+00:00","article_modified_time":"2021-11-25T09:37:30+00:00","og_image":[{"width":1600,"height":1131,"url":"https:\/\/vrscb.lt\/wp-content\/uploads\/2021\/08\/viber_image_2021-08-23_09-51-49-762.jpg","type":"image\/jpeg"}],"author":"VRSCB","twitter_card":"summary_large_image","twitter_misc":{"Napisane przez":"VRSCB","Szacowany czas czytania":"5 minut"},"schema":{"@context":"https:\/\/schema.org","@graph":[{"@type":"Article","@id":"https:\/\/vrscb.lt\/pl\/rok-2021-obchody-roku-konstytucji-3-maja\/#article","isPartOf":{"@id":"https:\/\/vrscb.lt\/pl\/rok-2021-obchody-roku-konstytucji-3-maja\/"},"author":{"name":"VRSCB","@id":"https:\/\/vrscb.lt\/#\/schema\/person\/0b84365a98053f509501f91b5be6c097"},"headline":"Rok 2021. Obchody Roku Konstytucji 3 Maja","datePublished":"2021-08-23T07:34:29+00:00","dateModified":"2021-11-25T09:37:30+00:00","mainEntityOfPage":{"@id":"https:\/\/vrscb.lt\/pl\/rok-2021-obchody-roku-konstytucji-3-maja\/"},"wordCount":534,"commentCount":0,"publisher":{"@id":"https:\/\/vrscb.lt\/#organization"},"image":{"@id":"https:\/\/vrscb.lt\/pl\/rok-2021-obchody-roku-konstytucji-3-maja\/#primaryimage"},"thumbnailUrl":"https:\/\/vrscb.lt\/wp-content\/uploads\/2021\/08\/viber_image_2021-08-23_09-51-49-762.jpg","articleSection":["Projekty"],"inLanguage":"pl-PL","potentialAction":[{"@type":"CommentAction","name":"Comment","target":["https:\/\/vrscb.lt\/pl\/rok-2021-obchody-roku-konstytucji-3-maja\/#respond"]}]},{"@type":"WebPage","@id":"https:\/\/vrscb.lt\/pl\/rok-2021-obchody-roku-konstytucji-3-maja\/","url":"https:\/\/vrscb.lt\/pl\/rok-2021-obchody-roku-konstytucji-3-maja\/","name":"Rok 2021. Obchody Roku Konstytucji 3 Maja - Vilniaus rajono savivaldyb\u0117s Centrin\u0117 biblioteka","isPartOf":{"@id":"https:\/\/vrscb.lt\/#website"},"primaryImageOfPage":{"@id":"https:\/\/vrscb.lt\/pl\/rok-2021-obchody-roku-konstytucji-3-maja\/#primaryimage"},"image":{"@id":"https:\/\/vrscb.lt\/pl\/rok-2021-obchody-roku-konstytucji-3-maja\/#primaryimage"},"thumbnailUrl":"https:\/\/vrscb.lt\/wp-content\/uploads\/2021\/08\/viber_image_2021-08-23_09-51-49-762.jpg","datePublished":"2021-08-23T07:34:29+00:00","dateModified":"2021-11-25T09:37:30+00:00","breadcrumb":{"@id":"https:\/\/vrscb.lt\/pl\/rok-2021-obchody-roku-konstytucji-3-maja\/#breadcrumb"},"inLanguage":"pl-PL","potentialAction":[{"@type":"ReadAction","target":["https:\/\/vrscb.lt\/pl\/rok-2021-obchody-roku-konstytucji-3-maja\/"]}]},{"@type":"ImageObject","inLanguage":"pl-PL","@id":"https:\/\/vrscb.lt\/pl\/rok-2021-obchody-roku-konstytucji-3-maja\/#primaryimage","url":"https:\/\/vrscb.lt\/wp-content\/uploads\/2021\/08\/viber_image_2021-08-23_09-51-49-762.jpg","contentUrl":"https:\/\/vrscb.lt\/wp-content\/uploads\/2021\/08\/viber_image_2021-08-23_09-51-49-762.jpg","width":1600,"height":1131},{"@type":"BreadcrumbList","@id":"https:\/\/vrscb.lt\/pl\/rok-2021-obchody-roku-konstytucji-3-maja\/#breadcrumb","itemListElement":[{"@type":"ListItem","position":1,"name":"Dom","item":"https:\/\/vrscb.lt\/"},{"@type":"ListItem","position":2,"name":"Rok 2021. Obchody Roku Konstytucji 3 Maja"}]},{"@type":"WebSite","@id":"https:\/\/vrscb.lt\/#website","url":"https:\/\/vrscb.lt\/","name":"Vilniaus rajono savivaldyb\u0117s Centrin\u0117 biblioteka","description":"Vilniaus rajono savivaldyb\u0117s Centrin\u0117 biblioteka kvie\u010dia visus prisijungti prie visuotin\u0117s pilietin\u0117s iniciatyvos \u201eAtmintis gyva, nes liudija\u201c ir u\u017edegti atminimo.","publisher":{"@id":"https:\/\/vrscb.lt\/#organization"},"potentialAction":[{"@type":"SearchAction","target":{"@type":"EntryPoint","urlTemplate":"https:\/\/vrscb.lt\/?s={search_term_string}"},"query-input":{"@type":"PropertyValueSpecification","valueRequired":true,"valueName":"search_term_string"}}],"inLanguage":"pl-PL"},{"@type":"Organization","@id":"https:\/\/vrscb.lt\/#organization","name":"Vilniaus rajono savivaldyb\u0117s Centrin\u0117 biblioteka","url":"https:\/\/vrscb.lt\/","logo":{"@type":"ImageObject","inLanguage":"pl-PL","@id":"https:\/\/vrscb.lt\/#\/schema\/logo\/image\/","url":"https:\/\/vrscb.lt\/wp-content\/uploads\/2021\/02\/LOGO_BIBLIOTEKA_RUDAMINA_2018_02_08-1.png","contentUrl":"https:\/\/vrscb.lt\/wp-content\/uploads\/2021\/02\/LOGO_BIBLIOTEKA_RUDAMINA_2018_02_08-1.png","width":1084,"height":1084,"caption":"Vilniaus rajono savivaldyb\u0117s Centrin\u0117 biblioteka"},"image":{"@id":"https:\/\/vrscb.lt\/#\/schema\/logo\/image\/"}},{"@type":"Person","@id":"https:\/\/vrscb.lt\/#\/schema\/person\/0b84365a98053f509501f91b5be6c097","name":"VRSCB","image":{"@type":"ImageObject","inLanguage":"pl-PL","@id":"https:\/\/secure.gravatar.com\/avatar\/cb8817ba573049eab6d3f0458a0218e93a27995fe49a8323902e053d82443b77?s=96&d=mm&r=g","url":"https:\/\/secure.gravatar.com\/avatar\/cb8817ba573049eab6d3f0458a0218e93a27995fe49a8323902e053d82443b77?s=96&d=mm&r=g","contentUrl":"https:\/\/secure.gravatar.com\/avatar\/cb8817ba573049eab6d3f0458a0218e93a27995fe49a8323902e053d82443b77?s=96&d=mm&r=g","caption":"VRSCB"},"url":"https:\/\/vrscb.lt\/pl\/author\/pavelas\/"}]}},"_links":{"self":[{"href":"https:\/\/vrscb.lt\/pl\/wp-json\/wp\/v2\/posts\/8065","targetHints":{"allow":["GET"]}}],"collection":[{"href":"https:\/\/vrscb.lt\/pl\/wp-json\/wp\/v2\/posts"}],"about":[{"href":"https:\/\/vrscb.lt\/pl\/wp-json\/wp\/v2\/types\/post"}],"author":[{"embeddable":true,"href":"https:\/\/vrscb.lt\/pl\/wp-json\/wp\/v2\/users\/3"}],"replies":[{"embeddable":true,"href":"https:\/\/vrscb.lt\/pl\/wp-json\/wp\/v2\/comments?post=8065"}],"version-history":[{"count":11,"href":"https:\/\/vrscb.lt\/pl\/wp-json\/wp\/v2\/posts\/8065\/revisions"}],"predecessor-version":[{"id":10057,"href":"https:\/\/vrscb.lt\/pl\/wp-json\/wp\/v2\/posts\/8065\/revisions\/10057"}],"wp:featuredmedia":[{"embeddable":true,"href":"https:\/\/vrscb.lt\/pl\/wp-json\/wp\/v2\/media\/8066"}],"wp:attachment":[{"href":"https:\/\/vrscb.lt\/pl\/wp-json\/wp\/v2\/media?parent=8065"}],"wp:term":[{"taxonomy":"category","embeddable":true,"href":"https:\/\/vrscb.lt\/pl\/wp-json\/wp\/v2\/categories?post=8065"},{"taxonomy":"post_tag","embeddable":true,"href":"https:\/\/vrscb.lt\/pl\/wp-json\/wp\/v2\/tags?post=8065"}],"curies":[{"name":"wp","href":"https:\/\/api.w.org\/{rel}","templated":true}]}}