
{"id":9984,"date":"2021-11-25T10:43:29","date_gmt":"2021-11-25T08:43:29","guid":{"rendered":"https:\/\/vrscb.lt\/?p=9984"},"modified":"2021-11-25T10:45:09","modified_gmt":"2021-11-25T08:45:09","slug":"tydzien-literatury-krajow-polnocnych-w-podbrzeziu","status":"publish","type":"post","link":"https:\/\/vrscb.lt\/pl\/tydzien-literatury-krajow-polnocnych-w-podbrzeziu\/","title":{"rendered":"Tydzie\u0144 Literatury Kraj\u00f3w P\u00f3\u0142nocnych w Podbrzeziu"},"content":{"rendered":"\t\t<div data-elementor-type=\"wp-post\" data-elementor-id=\"9984\" class=\"elementor elementor-9984\" data-elementor-post-type=\"post\">\n\t\t\t\t\t\t<section class=\"elementor-section elementor-top-section elementor-element elementor-element-102b11f6 elementor-section-boxed elementor-section-height-default elementor-section-height-default\" data-id=\"102b11f6\" data-element_type=\"section\" data-e-type=\"section\">\n\t\t\t\t\t\t<div class=\"elementor-container elementor-column-gap-default\">\n\t\t\t\t\t<div class=\"elementor-column elementor-col-100 elementor-top-column elementor-element elementor-element-58551a50\" data-id=\"58551a50\" data-element_type=\"column\" data-e-type=\"column\">\n\t\t\t<div class=\"elementor-widget-wrap elementor-element-populated\">\n\t\t\t\t\t\t<div class=\"elementor-element elementor-element-b5a08de elementor-widget elementor-widget-text-editor\" data-id=\"b5a08de\" data-element_type=\"widget\" data-e-type=\"widget\" data-widget_type=\"text-editor.default\">\n\t\t\t\t<div class=\"elementor-widget-container\">\n\t\t\t\t\t\t\t\t\t\n<p>Tydzie\u0144 Literatury Kraj\u00f3w P\u00f3\u0142nocnych \u2013 projekt organizowany z 1995 roku. G\u0142\u00f3wn\u0105 ide\u0105 projektu \u2013 spotka\u0107 si\u0119 przy \u015bwiecach w najciemniejsz\u0105 por\u0119 roku, czyta\u0107 i s\u0142ucha\u0107 opowie\u015bci z ksi\u0105\u017cek autor\u00f3w kraj\u00f3w P\u00f3\u0142nocnych. Tegoroczny temat zaprasza do rozmowy o marzeniach i t\u0119sknocie.<\/p>\n\n\n\n<p>Specjali\u015bci Podbrzeskiej filii Centralnej biblioteki Samorz\u0105du Rejonu Wile\u0144skiego wraz z bibliotekark\u0105 gimnazjum im. \u015aw. S. Kostki Natali\u0105 Choch\u0142aczow\u0105 zorganizowa\u0142y spotkanie czytelnicze \u2013 \u201eMarzenia \u2013 lekarstwo na t\u0119sknot\u0119 i smutek\u201d. 18 listopada w Podbrzeskiej bibliotece go\u015bcili pi\u0105taki gimnazjum im. \u015aw. S. Kostki oraz bibliotekarka Centralnej biblioteki Samorz\u0105du Rejonu Wile\u0144skiego filii w Glinciszkach p. Genoefa Ignatowicz.<\/p>\n\n\n\n<p>W tym roku do czytania zosta\u0142a wybrana literatura autor\u00f3w z wysp Alandzkich, aby przyczyni\u0107 si\u0119 do stulecia autonomii regionu. Wi\u0119c przy blasku \u015bwiec czytali\u015bmy urywek z ksi\u0105\u017cki \u201e\u0141owczynia pere\u0142\u201d (aut. Karin Erlandsson). S\u0142uchaj\u0105c opowie\u015bci pi\u0105taki wyobra\u017cali sobie magiczny \u015bwiat, gdzie dno oceanu pokryte \u015bpiewaj\u0105cymi per\u0142ami i zapoznali si\u0119 z g\u0142\u00f3wn\u0105 bohaterk\u0105 powie\u015bci Mirand\u0105 \u2013 najbardziej zr\u0119czn\u0105 \u0142owczyni\u0105 pere\u0142, kt\u00f3ra jak i jej zmar\u0142y ojciec postanawia szuka\u0107 mistyczn\u0105 per\u0142\u0119. Powiadaj\u0105, \u017ce ten, kto znajdzie magiczn\u0105 per\u0142\u0119 ju\u017c nigdy nie b\u0119dzie t\u0119skni\u0107 i niczego potrzebowa\u0107, gdy\u017c per\u0142a spe\u0142ni wszystkie marzenia.<\/p>\n\n\n\n<p>Po przeczytaniu, rozwa\u017cali\u015bmy na temat t\u0119sknoty i marze\u0144. Swoje marzenia zapisali\u015bmy na pokolorowanych magicznych muszlach z per\u0142\u0105 i umie\u015bcili\u015bmy je na dno oceanu. Tak\u017ce pi\u0105taki uczestniczyli w Wiktorynie \u201eKraje Nordyckie\u201d oraz w weso\u0142ej zabawie \u201eMoja wymarzona profesja\u201d.<\/p>\n\n\n\n<p>Serdecznie dzi\u0119kujemy wszystkim za spotkanie i wsp\u00f3\u0142prac\u0119. Pi\u0105taki! Wierzcie, \u017ce Wasze marzenia si\u0119 spe\u0142ni\u0105!<\/p>\n\t\t\t\t\t\t\t\t<\/div>\n\t\t\t\t<\/div>\n\t\t\t\t\t<\/div>\n\t\t<\/div>\n\t\t\t\t\t<\/div>\n\t\t<\/section>\n\t\t\t\t<section class=\"elementor-section elementor-top-section elementor-element elementor-element-b2309eb elementor-section-boxed elementor-section-height-default elementor-section-height-default\" data-id=\"b2309eb\" data-element_type=\"section\" data-e-type=\"section\">\n\t\t\t\t\t\t<div class=\"elementor-container elementor-column-gap-default\">\n\t\t\t\t\t<div class=\"elementor-column elementor-col-100 elementor-top-column elementor-element elementor-element-eb3300d\" data-id=\"eb3300d\" data-element_type=\"column\" data-e-type=\"column\">\n\t\t\t<div class=\"elementor-widget-wrap elementor-element-populated\">\n\t\t\t\t\t\t<div class=\"elementor-element elementor-element-a83563e gallery-spacing-custom elementor-widget elementor-widget-image-gallery\" data-id=\"a83563e\" data-element_type=\"widget\" data-e-type=\"widget\" data-widget_type=\"image-gallery.default\">\n\t\t\t\t<div class=\"elementor-widget-container\">\n\t\t\t\t\t\t\t<div class=\"elementor-image-gallery\">\n\t\t\t<div id='gallery-1' class='gallery galleryid-9984 gallery-columns-3 gallery-size-thumbnail'><figure class='gallery-item'>\n\t\t\t<div class='gallery-icon landscape'>\n\t\t\t\t<a data-elementor-open-lightbox=\"yes\" data-elementor-lightbox-slideshow=\"a83563e\" data-elementor-lightbox-title=\"SIAURES8\" data-e-action-hash=\"#elementor-action%3Aaction%3Dlightbox%26settings%3DeyJpZCI6OTk3MywidXJsIjoiaHR0cHM6XC9cL3Zyc2NiLmx0XC93cC1jb250ZW50XC91cGxvYWRzXC8yMDIxXC8xMVwvU0lBVVJFUzgud2VicCIsInNsaWRlc2hvdyI6ImE4MzU2M2UifQ%3D%3D\" href='https:\/\/vrscb.lt\/wp-content\/uploads\/2021\/11\/SIAURES8.webp'><img fetchpriority=\"high\" decoding=\"async\" width=\"480\" height=\"270\" src=\"https:\/\/vrscb.lt\/wp-content\/uploads\/2021\/11\/SIAURES8-480x270.webp\" class=\"attachment-thumbnail size-thumbnail\" alt=\"\" srcset=\"https:\/\/vrscb.lt\/wp-content\/uploads\/2021\/11\/SIAURES8-480x270.webp 480w, https:\/\/vrscb.lt\/wp-content\/uploads\/2021\/11\/SIAURES8-1920x1080.webp 1920w\" sizes=\"(max-width: 480px) 100vw, 480px\" \/><\/a>\n\t\t\t<\/div><\/figure><figure class='gallery-item'>\n\t\t\t<div class='gallery-icon landscape'>\n\t\t\t\t<a data-elementor-open-lightbox=\"yes\" data-elementor-lightbox-slideshow=\"a83563e\" data-elementor-lightbox-title=\"SIAURES7\" data-e-action-hash=\"#elementor-action%3Aaction%3Dlightbox%26settings%3DeyJpZCI6OTk2OSwidXJsIjoiaHR0cHM6XC9cL3Zyc2NiLmx0XC93cC1jb250ZW50XC91cGxvYWRzXC8yMDIxXC8xMVwvU0lBVVJFUzcud2VicCIsInNsaWRlc2hvdyI6ImE4MzU2M2UifQ%3D%3D\" href='https:\/\/vrscb.lt\/wp-content\/uploads\/2021\/11\/SIAURES7.webp'><img decoding=\"async\" width=\"480\" height=\"270\" src=\"https:\/\/vrscb.lt\/wp-content\/uploads\/2021\/11\/SIAURES7-480x270.webp\" class=\"attachment-thumbnail size-thumbnail\" alt=\"\" srcset=\"https:\/\/vrscb.lt\/wp-content\/uploads\/2021\/11\/SIAURES7-480x270.webp 480w, https:\/\/vrscb.lt\/wp-content\/uploads\/2021\/11\/SIAURES7-1920x1080.webp 1920w\" sizes=\"(max-width: 480px) 100vw, 480px\" \/><\/a>\n\t\t\t<\/div><\/figure><figure class='gallery-item'>\n\t\t\t<div class='gallery-icon landscape'>\n\t\t\t\t<a data-elementor-open-lightbox=\"yes\" data-elementor-lightbox-slideshow=\"a83563e\" data-elementor-lightbox-title=\"SIAURES6\" data-e-action-hash=\"#elementor-action%3Aaction%3Dlightbox%26settings%3DeyJpZCI6OTk2NSwidXJsIjoiaHR0cHM6XC9cL3Zyc2NiLmx0XC93cC1jb250ZW50XC91cGxvYWRzXC8yMDIxXC8xMVwvU0lBVVJFUzYud2VicCIsInNsaWRlc2hvdyI6ImE4MzU2M2UifQ%3D%3D\" href='https:\/\/vrscb.lt\/wp-content\/uploads\/2021\/11\/SIAURES6.webp'><img decoding=\"async\" width=\"480\" height=\"270\" src=\"https:\/\/vrscb.lt\/wp-content\/uploads\/2021\/11\/SIAURES6-480x270.webp\" class=\"attachment-thumbnail size-thumbnail\" alt=\"\" \/><\/a>\n\t\t\t<\/div><\/figure><figure class='gallery-item'>\n\t\t\t<div class='gallery-icon landscape'>\n\t\t\t\t<a data-elementor-open-lightbox=\"yes\" data-elementor-lightbox-slideshow=\"a83563e\" data-elementor-lightbox-title=\"SIAURES4\" data-e-action-hash=\"#elementor-action%3Aaction%3Dlightbox%26settings%3DeyJpZCI6OTk2MSwidXJsIjoiaHR0cHM6XC9cL3Zyc2NiLmx0XC93cC1jb250ZW50XC91cGxvYWRzXC8yMDIxXC8xMVwvU0lBVVJFUzQud2VicCIsInNsaWRlc2hvdyI6ImE4MzU2M2UifQ%3D%3D\" href='https:\/\/vrscb.lt\/wp-content\/uploads\/2021\/11\/SIAURES4.webp'><img loading=\"lazy\" decoding=\"async\" width=\"480\" height=\"270\" src=\"https:\/\/vrscb.lt\/wp-content\/uploads\/2021\/11\/SIAURES4-480x270.webp\" class=\"attachment-thumbnail size-thumbnail\" alt=\"\" srcset=\"https:\/\/vrscb.lt\/wp-content\/uploads\/2021\/11\/SIAURES4-480x270.webp 480w, https:\/\/vrscb.lt\/wp-content\/uploads\/2021\/11\/SIAURES4-1920x1080.webp 1920w\" sizes=\"(max-width: 480px) 100vw, 480px\" \/><\/a>\n\t\t\t<\/div><\/figure><figure class='gallery-item'>\n\t\t\t<div class='gallery-icon landscape'>\n\t\t\t\t<a data-elementor-open-lightbox=\"yes\" data-elementor-lightbox-slideshow=\"a83563e\" data-elementor-lightbox-title=\"SIAURES3\" data-e-action-hash=\"#elementor-action%3Aaction%3Dlightbox%26settings%3DeyJpZCI6OTk1NywidXJsIjoiaHR0cHM6XC9cL3Zyc2NiLmx0XC93cC1jb250ZW50XC91cGxvYWRzXC8yMDIxXC8xMVwvU0lBVVJFUzMud2VicCIsInNsaWRlc2hvdyI6ImE4MzU2M2UifQ%3D%3D\" href='https:\/\/vrscb.lt\/wp-content\/uploads\/2021\/11\/SIAURES3.webp'><img loading=\"lazy\" decoding=\"async\" width=\"480\" height=\"270\" src=\"https:\/\/vrscb.lt\/wp-content\/uploads\/2021\/11\/SIAURES3-480x270.webp\" class=\"attachment-thumbnail size-thumbnail\" alt=\"\" \/><\/a>\n\t\t\t<\/div><\/figure><figure class='gallery-item'>\n\t\t\t<div class='gallery-icon landscape'>\n\t\t\t\t<a data-elementor-open-lightbox=\"yes\" data-elementor-lightbox-slideshow=\"a83563e\" data-elementor-lightbox-title=\"SIAURES2\" data-e-action-hash=\"#elementor-action%3Aaction%3Dlightbox%26settings%3DeyJpZCI6OTk1MywidXJsIjoiaHR0cHM6XC9cL3Zyc2NiLmx0XC93cC1jb250ZW50XC91cGxvYWRzXC8yMDIxXC8xMVwvU0lBVVJFUzIud2VicCIsInNsaWRlc2hvdyI6ImE4MzU2M2UifQ%3D%3D\" href='https:\/\/vrscb.lt\/wp-content\/uploads\/2021\/11\/SIAURES2.webp'><img loading=\"lazy\" decoding=\"async\" width=\"480\" height=\"270\" src=\"https:\/\/vrscb.lt\/wp-content\/uploads\/2021\/11\/SIAURES2-480x270.webp\" class=\"attachment-thumbnail size-thumbnail\" alt=\"\" \/><\/a>\n\t\t\t<\/div><\/figure>\n\t\t<\/div>\n\t\t<\/div>\n\t\t\t\t\t\t<\/div>\n\t\t\t\t<\/div>\n\t\t\t\t\t<\/div>\n\t\t<\/div>\n\t\t\t\t\t<\/div>\n\t\t<\/section>\n\t\t\t\t<\/div>\n\t\t","protected":false},"excerpt":{"rendered":"<div class=\"entry-summary\">\nTydzie\u0144 Literatury Kraj\u00f3w P\u00f3\u0142nocnych \u2013 projekt organizowany z 1995 roku. G\u0142\u00f3wn\u0105 ide\u0105 projektu \u2013 spotka\u0107 si\u0119 przy \u015bwiecach w najciemniejsz\u0105 por\u0119 roku, czyta\u0107 i s\u0142ucha\u0107 opowie\u015bci z ksi\u0105\u017cek autor\u00f3w kraj\u00f3w P\u00f3\u0142nocnych. Tegoroczny temat zaprasza do rozmowy o marzeniach i t\u0119sknocie.&hellip;\n<\/div>\n<div class=\"link-more\"><a href=\"https:\/\/vrscb.lt\/pl\/tydzien-literatury-krajow-polnocnych-w-podbrzeziu\/\" class=\"more-link\">Czytaj wi\u0119cej<span class=\"screen-reader-text\"> &ldquo;Tydzie\u0144 Literatury Kraj\u00f3w P\u00f3\u0142nocnych w Podbrzeziu&rdquo;<\/span>\u2026<\/a><\/div>\n","protected":false},"author":3,"featured_media":9943,"comment_status":"open","ping_status":"open","sticky":false,"template":"","format":"standard","meta":{"_acf_changed":false,"footnotes":""},"categories":[96],"tags":[],"class_list":["post-9984","post","type-post","status-publish","format-standard","has-post-thumbnail","hentry","category-imprezy","entry"],"acf":[],"yoast_head":"<!-- This site is optimized with the Yoast SEO plugin v27.5 - https:\/\/yoast.com\/product\/yoast-seo-wordpress\/ -->\n<title>Tydzie\u0144 Literatury Kraj\u00f3w P\u00f3\u0142nocnych w Podbrzeziu - Vilniaus rajono savivaldyb\u0117s Centrin\u0117 biblioteka<\/title>\n<meta name=\"robots\" content=\"index, follow, max-snippet:-1, max-image-preview:large, max-video-preview:-1\" \/>\n<link rel=\"canonical\" href=\"https:\/\/vrscb.lt\/pl\/tydzien-literatury-krajow-polnocnych-w-podbrzeziu\/\" \/>\n<meta property=\"og:locale\" content=\"pl_PL\" \/>\n<meta property=\"og:type\" content=\"article\" \/>\n<meta property=\"og:title\" content=\"Tydzie\u0144 Literatury Kraj\u00f3w P\u00f3\u0142nocnych w Podbrzeziu - Vilniaus rajono savivaldyb\u0117s Centrin\u0117 biblioteka\" \/>\n<meta property=\"og:description\" content=\"Tydzie\u0144 Literatury Kraj\u00f3w P\u00f3\u0142nocnych \u2013 projekt organizowany z 1995 roku. G\u0142\u00f3wn\u0105 ide\u0105 projektu \u2013 spotka\u0107 si\u0119 przy \u015bwiecach w najciemniejsz\u0105 por\u0119 roku, czyta\u0107 i s\u0142ucha\u0107 opowie\u015bci z ksi\u0105\u017cek autor\u00f3w kraj\u00f3w P\u00f3\u0142nocnych. Tegoroczny temat zaprasza do rozmowy o marzeniach i t\u0119sknocie.&hellip; Czytaj wi\u0119cej &ldquo;Tydzie\u0144 Literatury Kraj\u00f3w P\u00f3\u0142nocnych w Podbrzeziu&rdquo;\u2026\" \/>\n<meta property=\"og:url\" content=\"https:\/\/vrscb.lt\/pl\/tydzien-literatury-krajow-polnocnych-w-podbrzeziu\/\" \/>\n<meta property=\"og:site_name\" content=\"Vilniaus rajono savivaldyb\u0117s Centrin\u0117 biblioteka\" \/>\n<meta property=\"article:published_time\" content=\"2021-11-25T08:43:29+00:00\" \/>\n<meta property=\"article:modified_time\" content=\"2021-11-25T08:45:09+00:00\" \/>\n<meta property=\"og:image\" content=\"https:\/\/vrscb.lt\/wp-content\/uploads\/2021\/11\/SIAURES8.jpg\" \/>\n\t<meta property=\"og:image:width\" content=\"720\" \/>\n\t<meta property=\"og:image:height\" content=\"540\" \/>\n\t<meta property=\"og:image:type\" content=\"image\/jpeg\" \/>\n<meta name=\"author\" content=\"VRSCB\" \/>\n<meta name=\"twitter:card\" content=\"summary_large_image\" \/>\n<meta name=\"twitter:label1\" content=\"Napisane przez\" \/>\n\t<meta name=\"twitter:data1\" content=\"VRSCB\" \/>\n\t<meta name=\"twitter:label2\" content=\"Szacowany czas czytania\" \/>\n\t<meta name=\"twitter:data2\" content=\"3 minuty\" \/>\n<script type=\"application\/ld+json\" class=\"yoast-schema-graph\">{\"@context\":\"https:\\\/\\\/schema.org\",\"@graph\":[{\"@type\":\"Article\",\"@id\":\"https:\\\/\\\/vrscb.lt\\\/pl\\\/tydzien-literatury-krajow-polnocnych-w-podbrzeziu\\\/#article\",\"isPartOf\":{\"@id\":\"https:\\\/\\\/vrscb.lt\\\/pl\\\/tydzien-literatury-krajow-polnocnych-w-podbrzeziu\\\/\"},\"author\":{\"name\":\"VRSCB\",\"@id\":\"https:\\\/\\\/vrscb.lt\\\/#\\\/schema\\\/person\\\/0b84365a98053f509501f91b5be6c097\"},\"headline\":\"Tydzie\u0144 Literatury Kraj\u00f3w P\u00f3\u0142nocnych w Podbrzeziu\",\"datePublished\":\"2021-11-25T08:43:29+00:00\",\"dateModified\":\"2021-11-25T08:45:09+00:00\",\"mainEntityOfPage\":{\"@id\":\"https:\\\/\\\/vrscb.lt\\\/pl\\\/tydzien-literatury-krajow-polnocnych-w-podbrzeziu\\\/\"},\"wordCount\":288,\"commentCount\":0,\"publisher\":{\"@id\":\"https:\\\/\\\/vrscb.lt\\\/#organization\"},\"image\":{\"@id\":\"https:\\\/\\\/vrscb.lt\\\/pl\\\/tydzien-literatury-krajow-polnocnych-w-podbrzeziu\\\/#primaryimage\"},\"thumbnailUrl\":\"https:\\\/\\\/vrscb.lt\\\/wp-content\\\/uploads\\\/2021\\\/11\\\/SIAURES8.jpg\",\"articleSection\":[\"Imprezy\"],\"inLanguage\":\"pl-PL\",\"potentialAction\":[{\"@type\":\"CommentAction\",\"name\":\"Comment\",\"target\":[\"https:\\\/\\\/vrscb.lt\\\/pl\\\/tydzien-literatury-krajow-polnocnych-w-podbrzeziu\\\/#respond\"]}]},{\"@type\":\"WebPage\",\"@id\":\"https:\\\/\\\/vrscb.lt\\\/pl\\\/tydzien-literatury-krajow-polnocnych-w-podbrzeziu\\\/\",\"url\":\"https:\\\/\\\/vrscb.lt\\\/pl\\\/tydzien-literatury-krajow-polnocnych-w-podbrzeziu\\\/\",\"name\":\"Tydzie\u0144 Literatury Kraj\u00f3w P\u00f3\u0142nocnych w Podbrzeziu - Vilniaus rajono savivaldyb\u0117s Centrin\u0117 biblioteka\",\"isPartOf\":{\"@id\":\"https:\\\/\\\/vrscb.lt\\\/#website\"},\"primaryImageOfPage\":{\"@id\":\"https:\\\/\\\/vrscb.lt\\\/pl\\\/tydzien-literatury-krajow-polnocnych-w-podbrzeziu\\\/#primaryimage\"},\"image\":{\"@id\":\"https:\\\/\\\/vrscb.lt\\\/pl\\\/tydzien-literatury-krajow-polnocnych-w-podbrzeziu\\\/#primaryimage\"},\"thumbnailUrl\":\"https:\\\/\\\/vrscb.lt\\\/wp-content\\\/uploads\\\/2021\\\/11\\\/SIAURES8.jpg\",\"datePublished\":\"2021-11-25T08:43:29+00:00\",\"dateModified\":\"2021-11-25T08:45:09+00:00\",\"breadcrumb\":{\"@id\":\"https:\\\/\\\/vrscb.lt\\\/pl\\\/tydzien-literatury-krajow-polnocnych-w-podbrzeziu\\\/#breadcrumb\"},\"inLanguage\":\"pl-PL\",\"potentialAction\":[{\"@type\":\"ReadAction\",\"target\":[\"https:\\\/\\\/vrscb.lt\\\/pl\\\/tydzien-literatury-krajow-polnocnych-w-podbrzeziu\\\/\"]}]},{\"@type\":\"ImageObject\",\"inLanguage\":\"pl-PL\",\"@id\":\"https:\\\/\\\/vrscb.lt\\\/pl\\\/tydzien-literatury-krajow-polnocnych-w-podbrzeziu\\\/#primaryimage\",\"url\":\"https:\\\/\\\/vrscb.lt\\\/wp-content\\\/uploads\\\/2021\\\/11\\\/SIAURES8.jpg\",\"contentUrl\":\"https:\\\/\\\/vrscb.lt\\\/wp-content\\\/uploads\\\/2021\\\/11\\\/SIAURES8.jpg\",\"width\":720,\"height\":540},{\"@type\":\"BreadcrumbList\",\"@id\":\"https:\\\/\\\/vrscb.lt\\\/pl\\\/tydzien-literatury-krajow-polnocnych-w-podbrzeziu\\\/#breadcrumb\",\"itemListElement\":[{\"@type\":\"ListItem\",\"position\":1,\"name\":\"Dom\",\"item\":\"https:\\\/\\\/vrscb.lt\\\/\"},{\"@type\":\"ListItem\",\"position\":2,\"name\":\"Tydzie\u0144 Literatury Kraj\u00f3w P\u00f3\u0142nocnych w Podbrzeziu\"}]},{\"@type\":\"WebSite\",\"@id\":\"https:\\\/\\\/vrscb.lt\\\/#website\",\"url\":\"https:\\\/\\\/vrscb.lt\\\/\",\"name\":\"Vilniaus rajono savivaldyb\u0117s Centrin\u0117 biblioteka\",\"description\":\"Vilniaus rajono savivaldyb\u0117s Centrin\u0117 biblioteka kvie\u010dia visus prisijungti prie visuotin\u0117s pilietin\u0117s iniciatyvos \u201eAtmintis gyva, nes liudija\u201c ir u\u017edegti atminimo.\",\"publisher\":{\"@id\":\"https:\\\/\\\/vrscb.lt\\\/#organization\"},\"potentialAction\":[{\"@type\":\"SearchAction\",\"target\":{\"@type\":\"EntryPoint\",\"urlTemplate\":\"https:\\\/\\\/vrscb.lt\\\/?s={search_term_string}\"},\"query-input\":{\"@type\":\"PropertyValueSpecification\",\"valueRequired\":true,\"valueName\":\"search_term_string\"}}],\"inLanguage\":\"pl-PL\"},{\"@type\":\"Organization\",\"@id\":\"https:\\\/\\\/vrscb.lt\\\/#organization\",\"name\":\"Vilniaus rajono savivaldyb\u0117s Centrin\u0117 biblioteka\",\"url\":\"https:\\\/\\\/vrscb.lt\\\/\",\"logo\":{\"@type\":\"ImageObject\",\"inLanguage\":\"pl-PL\",\"@id\":\"https:\\\/\\\/vrscb.lt\\\/#\\\/schema\\\/logo\\\/image\\\/\",\"url\":\"https:\\\/\\\/vrscb.lt\\\/wp-content\\\/uploads\\\/2021\\\/02\\\/LOGO_BIBLIOTEKA_RUDAMINA_2018_02_08-1.png\",\"contentUrl\":\"https:\\\/\\\/vrscb.lt\\\/wp-content\\\/uploads\\\/2021\\\/02\\\/LOGO_BIBLIOTEKA_RUDAMINA_2018_02_08-1.png\",\"width\":1084,\"height\":1084,\"caption\":\"Vilniaus rajono savivaldyb\u0117s Centrin\u0117 biblioteka\"},\"image\":{\"@id\":\"https:\\\/\\\/vrscb.lt\\\/#\\\/schema\\\/logo\\\/image\\\/\"}},{\"@type\":\"Person\",\"@id\":\"https:\\\/\\\/vrscb.lt\\\/#\\\/schema\\\/person\\\/0b84365a98053f509501f91b5be6c097\",\"name\":\"VRSCB\",\"image\":{\"@type\":\"ImageObject\",\"inLanguage\":\"pl-PL\",\"@id\":\"https:\\\/\\\/secure.gravatar.com\\\/avatar\\\/cb8817ba573049eab6d3f0458a0218e93a27995fe49a8323902e053d82443b77?s=96&d=mm&r=g\",\"url\":\"https:\\\/\\\/secure.gravatar.com\\\/avatar\\\/cb8817ba573049eab6d3f0458a0218e93a27995fe49a8323902e053d82443b77?s=96&d=mm&r=g\",\"contentUrl\":\"https:\\\/\\\/secure.gravatar.com\\\/avatar\\\/cb8817ba573049eab6d3f0458a0218e93a27995fe49a8323902e053d82443b77?s=96&d=mm&r=g\",\"caption\":\"VRSCB\"},\"url\":\"https:\\\/\\\/vrscb.lt\\\/pl\\\/author\\\/pavelas\\\/\"}]}<\/script>\n<!-- \/ Yoast SEO plugin. -->","yoast_head_json":{"title":"Tydzie\u0144 Literatury Kraj\u00f3w P\u00f3\u0142nocnych w Podbrzeziu - Vilniaus rajono savivaldyb\u0117s Centrin\u0117 biblioteka","robots":{"index":"index","follow":"follow","max-snippet":"max-snippet:-1","max-image-preview":"max-image-preview:large","max-video-preview":"max-video-preview:-1"},"canonical":"https:\/\/vrscb.lt\/pl\/tydzien-literatury-krajow-polnocnych-w-podbrzeziu\/","og_locale":"pl_PL","og_type":"article","og_title":"Tydzie\u0144 Literatury Kraj\u00f3w P\u00f3\u0142nocnych w Podbrzeziu - Vilniaus rajono savivaldyb\u0117s Centrin\u0117 biblioteka","og_description":"Tydzie\u0144 Literatury Kraj\u00f3w P\u00f3\u0142nocnych \u2013 projekt organizowany z 1995 roku. G\u0142\u00f3wn\u0105 ide\u0105 projektu \u2013 spotka\u0107 si\u0119 przy \u015bwiecach w najciemniejsz\u0105 por\u0119 roku, czyta\u0107 i s\u0142ucha\u0107 opowie\u015bci z ksi\u0105\u017cek autor\u00f3w kraj\u00f3w P\u00f3\u0142nocnych. Tegoroczny temat zaprasza do rozmowy o marzeniach i t\u0119sknocie.&hellip; Czytaj wi\u0119cej &ldquo;Tydzie\u0144 Literatury Kraj\u00f3w P\u00f3\u0142nocnych w Podbrzeziu&rdquo;\u2026","og_url":"https:\/\/vrscb.lt\/pl\/tydzien-literatury-krajow-polnocnych-w-podbrzeziu\/","og_site_name":"Vilniaus rajono savivaldyb\u0117s Centrin\u0117 biblioteka","article_published_time":"2021-11-25T08:43:29+00:00","article_modified_time":"2021-11-25T08:45:09+00:00","og_image":[{"width":720,"height":540,"url":"https:\/\/vrscb.lt\/wp-content\/uploads\/2021\/11\/SIAURES8.jpg","type":"image\/jpeg"}],"author":"VRSCB","twitter_card":"summary_large_image","twitter_misc":{"Napisane przez":"VRSCB","Szacowany czas czytania":"3 minuty"},"schema":{"@context":"https:\/\/schema.org","@graph":[{"@type":"Article","@id":"https:\/\/vrscb.lt\/pl\/tydzien-literatury-krajow-polnocnych-w-podbrzeziu\/#article","isPartOf":{"@id":"https:\/\/vrscb.lt\/pl\/tydzien-literatury-krajow-polnocnych-w-podbrzeziu\/"},"author":{"name":"VRSCB","@id":"https:\/\/vrscb.lt\/#\/schema\/person\/0b84365a98053f509501f91b5be6c097"},"headline":"Tydzie\u0144 Literatury Kraj\u00f3w P\u00f3\u0142nocnych w Podbrzeziu","datePublished":"2021-11-25T08:43:29+00:00","dateModified":"2021-11-25T08:45:09+00:00","mainEntityOfPage":{"@id":"https:\/\/vrscb.lt\/pl\/tydzien-literatury-krajow-polnocnych-w-podbrzeziu\/"},"wordCount":288,"commentCount":0,"publisher":{"@id":"https:\/\/vrscb.lt\/#organization"},"image":{"@id":"https:\/\/vrscb.lt\/pl\/tydzien-literatury-krajow-polnocnych-w-podbrzeziu\/#primaryimage"},"thumbnailUrl":"https:\/\/vrscb.lt\/wp-content\/uploads\/2021\/11\/SIAURES8.jpg","articleSection":["Imprezy"],"inLanguage":"pl-PL","potentialAction":[{"@type":"CommentAction","name":"Comment","target":["https:\/\/vrscb.lt\/pl\/tydzien-literatury-krajow-polnocnych-w-podbrzeziu\/#respond"]}]},{"@type":"WebPage","@id":"https:\/\/vrscb.lt\/pl\/tydzien-literatury-krajow-polnocnych-w-podbrzeziu\/","url":"https:\/\/vrscb.lt\/pl\/tydzien-literatury-krajow-polnocnych-w-podbrzeziu\/","name":"Tydzie\u0144 Literatury Kraj\u00f3w P\u00f3\u0142nocnych w Podbrzeziu - Vilniaus rajono savivaldyb\u0117s Centrin\u0117 biblioteka","isPartOf":{"@id":"https:\/\/vrscb.lt\/#website"},"primaryImageOfPage":{"@id":"https:\/\/vrscb.lt\/pl\/tydzien-literatury-krajow-polnocnych-w-podbrzeziu\/#primaryimage"},"image":{"@id":"https:\/\/vrscb.lt\/pl\/tydzien-literatury-krajow-polnocnych-w-podbrzeziu\/#primaryimage"},"thumbnailUrl":"https:\/\/vrscb.lt\/wp-content\/uploads\/2021\/11\/SIAURES8.jpg","datePublished":"2021-11-25T08:43:29+00:00","dateModified":"2021-11-25T08:45:09+00:00","breadcrumb":{"@id":"https:\/\/vrscb.lt\/pl\/tydzien-literatury-krajow-polnocnych-w-podbrzeziu\/#breadcrumb"},"inLanguage":"pl-PL","potentialAction":[{"@type":"ReadAction","target":["https:\/\/vrscb.lt\/pl\/tydzien-literatury-krajow-polnocnych-w-podbrzeziu\/"]}]},{"@type":"ImageObject","inLanguage":"pl-PL","@id":"https:\/\/vrscb.lt\/pl\/tydzien-literatury-krajow-polnocnych-w-podbrzeziu\/#primaryimage","url":"https:\/\/vrscb.lt\/wp-content\/uploads\/2021\/11\/SIAURES8.jpg","contentUrl":"https:\/\/vrscb.lt\/wp-content\/uploads\/2021\/11\/SIAURES8.jpg","width":720,"height":540},{"@type":"BreadcrumbList","@id":"https:\/\/vrscb.lt\/pl\/tydzien-literatury-krajow-polnocnych-w-podbrzeziu\/#breadcrumb","itemListElement":[{"@type":"ListItem","position":1,"name":"Dom","item":"https:\/\/vrscb.lt\/"},{"@type":"ListItem","position":2,"name":"Tydzie\u0144 Literatury Kraj\u00f3w P\u00f3\u0142nocnych w Podbrzeziu"}]},{"@type":"WebSite","@id":"https:\/\/vrscb.lt\/#website","url":"https:\/\/vrscb.lt\/","name":"Vilniaus rajono savivaldyb\u0117s Centrin\u0117 biblioteka","description":"Vilniaus rajono savivaldyb\u0117s Centrin\u0117 biblioteka kvie\u010dia visus prisijungti prie visuotin\u0117s pilietin\u0117s iniciatyvos \u201eAtmintis gyva, nes liudija\u201c ir u\u017edegti atminimo.","publisher":{"@id":"https:\/\/vrscb.lt\/#organization"},"potentialAction":[{"@type":"SearchAction","target":{"@type":"EntryPoint","urlTemplate":"https:\/\/vrscb.lt\/?s={search_term_string}"},"query-input":{"@type":"PropertyValueSpecification","valueRequired":true,"valueName":"search_term_string"}}],"inLanguage":"pl-PL"},{"@type":"Organization","@id":"https:\/\/vrscb.lt\/#organization","name":"Vilniaus rajono savivaldyb\u0117s Centrin\u0117 biblioteka","url":"https:\/\/vrscb.lt\/","logo":{"@type":"ImageObject","inLanguage":"pl-PL","@id":"https:\/\/vrscb.lt\/#\/schema\/logo\/image\/","url":"https:\/\/vrscb.lt\/wp-content\/uploads\/2021\/02\/LOGO_BIBLIOTEKA_RUDAMINA_2018_02_08-1.png","contentUrl":"https:\/\/vrscb.lt\/wp-content\/uploads\/2021\/02\/LOGO_BIBLIOTEKA_RUDAMINA_2018_02_08-1.png","width":1084,"height":1084,"caption":"Vilniaus rajono savivaldyb\u0117s Centrin\u0117 biblioteka"},"image":{"@id":"https:\/\/vrscb.lt\/#\/schema\/logo\/image\/"}},{"@type":"Person","@id":"https:\/\/vrscb.lt\/#\/schema\/person\/0b84365a98053f509501f91b5be6c097","name":"VRSCB","image":{"@type":"ImageObject","inLanguage":"pl-PL","@id":"https:\/\/secure.gravatar.com\/avatar\/cb8817ba573049eab6d3f0458a0218e93a27995fe49a8323902e053d82443b77?s=96&d=mm&r=g","url":"https:\/\/secure.gravatar.com\/avatar\/cb8817ba573049eab6d3f0458a0218e93a27995fe49a8323902e053d82443b77?s=96&d=mm&r=g","contentUrl":"https:\/\/secure.gravatar.com\/avatar\/cb8817ba573049eab6d3f0458a0218e93a27995fe49a8323902e053d82443b77?s=96&d=mm&r=g","caption":"VRSCB"},"url":"https:\/\/vrscb.lt\/pl\/author\/pavelas\/"}]}},"_links":{"self":[{"href":"https:\/\/vrscb.lt\/pl\/wp-json\/wp\/v2\/posts\/9984","targetHints":{"allow":["GET"]}}],"collection":[{"href":"https:\/\/vrscb.lt\/pl\/wp-json\/wp\/v2\/posts"}],"about":[{"href":"https:\/\/vrscb.lt\/pl\/wp-json\/wp\/v2\/types\/post"}],"author":[{"embeddable":true,"href":"https:\/\/vrscb.lt\/pl\/wp-json\/wp\/v2\/users\/3"}],"replies":[{"embeddable":true,"href":"https:\/\/vrscb.lt\/pl\/wp-json\/wp\/v2\/comments?post=9984"}],"version-history":[{"count":5,"href":"https:\/\/vrscb.lt\/pl\/wp-json\/wp\/v2\/posts\/9984\/revisions"}],"predecessor-version":[{"id":9989,"href":"https:\/\/vrscb.lt\/pl\/wp-json\/wp\/v2\/posts\/9984\/revisions\/9989"}],"wp:featuredmedia":[{"embeddable":true,"href":"https:\/\/vrscb.lt\/pl\/wp-json\/wp\/v2\/media\/9943"}],"wp:attachment":[{"href":"https:\/\/vrscb.lt\/pl\/wp-json\/wp\/v2\/media?parent=9984"}],"wp:term":[{"taxonomy":"category","embeddable":true,"href":"https:\/\/vrscb.lt\/pl\/wp-json\/wp\/v2\/categories?post=9984"},{"taxonomy":"post_tag","embeddable":true,"href":"https:\/\/vrscb.lt\/pl\/wp-json\/wp\/v2\/tags?post=9984"}],"curies":[{"name":"wp","href":"https:\/\/api.w.org\/{rel}","templated":true}]}}